{"id":10160,"date":"2024-01-12T16:57:46","date_gmt":"2024-01-12T15:57:46","guid":{"rendered":"https:\/\/iglesia-en-villar.es\/blog\/?p=10160"},"modified":"2024-01-12T16:57:46","modified_gmt":"2024-01-12T15:57:46","slug":"avisos-181","status":"publish","type":"post","link":"https:\/\/iglesia-en-villar.es\/blog\/2024\/01\/12\/avisos-181\/","title":{"rendered":"Avisos"},"content":{"rendered":"\n<p class=\"has-text-align-center\"><strong>RESTAURACI\u00d3N MANTO BLANCO ANTIGUO DE LA VIRGEN DE LA PAZ<\/strong><\/p>\n\n\n\n<p>Con el inicio de la Novena a la Virgen de la Paz, vamos a iniciar una recogida de donativos para la restauraci\u00f3n del manto antiguo de la Virgen de la Paz, que actualmente se encuentra en un taller de un prestigioso restaurador.<\/p>\n\n\n\n<p>Todos aquellos particulares o familias que deseen colaborar con un donativo de 20 euros o superior, pueden hacerlo o bien en la sacrist\u00eda o bien en el despacho parroquial, tanto a Paz Garc\u00eda c\u00f3mo al p\u00e1rroco.<\/p>\n\n\n\n<p>El periodo para la aportaci\u00f3n de un donativo ser\u00e1 a partir del domingo 7 de enero hasta el 30 de junio de este mismo a\u00f1o 2024.<\/p>\n\n\n\n<p>Al finalizar el periodo de aportaci\u00f3n de donativos, se proceder\u00e1 a poner en una placa enmarcada de agradecimiento cada uno de los nombres de particulares y\/o familias que con sus donativos, han hecho posible la restauraci\u00f3n del manto, y se colocar\u00e1 en el camarin de la Virgen de la Paz.<\/p>\n\n\n\n<p>Se pueden hacer el n\u00famero de donativos que se quiera.<\/p>\n\n\n\n<p>La total restauraci\u00f3n del manto supera los 10.000 euros, as\u00ed que toda ayuda, ser\u00e1 bienvenida.<\/p>\n\n\n\n<p>Agradecer ya, a dos familias que han aportado para la restauraci\u00f3n 500 euros cada una.<\/p>\n\n\n\n<p class=\"has-text-align-center\"><strong>NOVENA DE LA VIRGEN DE LA PAZ<\/strong><\/p>\n\n\n\n<p>Este a\u00f1o, vamos a contar con la gracia de tener un predicador para cada d\u00eda de la novena a <strong>Nuestra Se\u00f1ora de la Virgen de la Paz.<\/strong><\/p>\n\n\n\n<p>Los <strong>PREDICADORES<\/strong> de cada d\u00eda ser\u00e1n:<\/p>\n\n\n\n<p>Domingo 14 de enero, Don <strong>Fernando Carrasco. <\/strong>Mar\u00eda reina de los Angeles<\/p>\n\n\n\n<p>Lunes 15 de Enero, Don <strong>Enrique Saiz<\/strong>. Mar\u00eda reina de los Patriarcas<\/p>\n\n\n\n<p>Martes 16 de enero, Don <strong>Vicente Planells. <\/strong>Mar\u00eda reina de los profetas<\/p>\n\n\n\n<p>Mi\u00e9rcoles 17 de enero, Don <strong>Catalin Tantan<\/strong>. Mar\u00eda reina de los Ap\u00f3stoles<\/p>\n\n\n\n<p>Jueves 18 de Enero, Don <strong>Arturo Garc\u00eda. <\/strong>Mar\u00eda reina de los m\u00e1rtires<\/p>\n\n\n\n<p>Viernes 19 de enero. Don <strong>Francisco Ferrer. <\/strong>Mar\u00eda reina de los confesores<\/p>\n\n\n\n<p>S\u00e1bado 20 de enero Don <strong>David Santapau. <\/strong>Mar\u00eda reina de todos los Santos<\/p>\n\n\n\n<p>Domingo 21 de enero, Don <strong>Carlos Camallonga<\/strong>. Mar\u00eda Asumpta al cielo.<\/p>\n\n\n\n<p>Lunes 22 enero. Don <strong>Lucas Blanes. <\/strong>Mar\u00eda reina del Sant\u00edsimo Rosario<\/p>\n\n\n\n<p>Martes 23 enero. Primeras V\u00edsperas. Don <strong>Alberto Mart\u00edn. <\/strong>Mar\u00eda reina de las familias<\/p>\n\n\n\n<p>Mi\u00e9rcoles 24 de Enero. Misa Solemne de Nuestra Se\u00f1ora de la Paz. Exmo y Emmo. Don <strong>Javier Salinas Vi\u00f1als<\/strong>, obispo de Ibiza, entre 1992 y 1997, desde 1997 a 2012 obispo de Tortosa, entre 2012 y 2016 obispo Mallorca, y desde 2016 a 2023 obispo auxiliar de Valencia.<\/p>\n","protected":false},"excerpt":{"rendered":"<p>RESTAURACI\u00d3N MANTO BLANCO ANTIGUO DE LA VIRGEN DE LA PAZ Con el inicio de la Novena a la Virgen de la Paz, vamos a iniciar una recogida de donativos para la restauraci\u00f3n del manto antiguo de la Virgen de la Paz, que actualmente se encuentra en un taller de un prestigioso restaurador. Todos aquellos particulares o familias que deseen colaborar&#8230;<\/p>\n<p> <a class=\"continue-reading-link\" href=\"https:\/\/iglesia-en-villar.es\/blog\/2024\/01\/12\/avisos-181\/\"><span>Leer m\u00e1s<\/span><i class=\"crycon-right-dir\"><\/i><\/a> <\/p>\n","protected":false},"author":53745,"featured_media":10129,"comment_status":"open","ping_status":"open","sticky":false,"template":"","format":"standard","meta":{"inline_featured_image":false,"footnotes":""},"categories":[10],"tags":[],"class_list":["post-10160","post","type-post","status-publish","format-standard","has-post-thumbnail","hentry","category-avisos"],"better_featured_image":{"id":10129,"alt_text":"","caption":"","description":"","media_type":"image","media_details":{"width":231,"height":219,"file":"2023\/12\/Avisos.jpeg","filesize":5103,"sizes":{"thumbnail":{"file":"Avisos-150x150.jpeg","width":150,"height":150,"mime-type":"image\/jpeg","filesize":3790,"source_url":"https:\/\/iglesia-en-villar.es\/blog\/wp-content\/uploads\/2023\/12\/Avisos-150x150.jpeg"},"post-thumbnail":{"file":"Avisos-150x142.jpeg","width":150,"height":142,"mime-type":"image\/jpeg","filesize":3552,"source_url":"https:\/\/iglesia-en-villar.es\/blog\/wp-content\/uploads\/2023\/12\/Avisos-150x142.jpeg"}},"image_meta":{"aperture":"0","credit":"","camera":"","caption":"","created_timestamp":"0","copyright":"","focal_length":"0","iso":"0","shutter_speed":"0","title":"","orientation":"0","keywords":[]}},"post":null,"source_url":"https:\/\/iglesia-en-villar.es\/blog\/wp-content\/uploads\/2023\/12\/Avisos.jpeg"},"read":true,"_links":{"self":[{"href":"https:\/\/iglesia-en-villar.es\/blog\/wp-json\/wp\/v2\/posts\/10160","targetHints":{"allow":["GET"]}}],"collection":[{"href":"https:\/\/iglesia-en-villar.es\/blog\/wp-json\/wp\/v2\/posts"}],"about":[{"href":"https:\/\/iglesia-en-villar.es\/blog\/wp-json\/wp\/v2\/types\/post"}],"author":[{"embeddable":true,"href":"https:\/\/iglesia-en-villar.es\/blog\/wp-json\/wp\/v2\/users\/53745"}],"replies":[{"embeddable":true,"href":"https:\/\/iglesia-en-villar.es\/blog\/wp-json\/wp\/v2\/comments?post=10160"}],"version-history":[{"count":1,"href":"https:\/\/iglesia-en-villar.es\/blog\/wp-json\/wp\/v2\/posts\/10160\/revisions"}],"predecessor-version":[{"id":10161,"href":"https:\/\/iglesia-en-villar.es\/blog\/wp-json\/wp\/v2\/posts\/10160\/revisions\/10161"}],"wp:featuredmedia":[{"embeddable":true,"href":"https:\/\/iglesia-en-villar.es\/blog\/wp-json\/wp\/v2\/media\/10129"}],"wp:attachment":[{"href":"https:\/\/iglesia-en-villar.es\/blog\/wp-json\/wp\/v2\/media?parent=10160"}],"wp:term":[{"taxonomy":"category","embeddable":true,"href":"https:\/\/iglesia-en-villar.es\/blog\/wp-json\/wp\/v2\/categories?post=10160"},{"taxonomy":"post_tag","embeddable":true,"href":"https:\/\/iglesia-en-villar.es\/blog\/wp-json\/wp\/v2\/tags?post=10160"}],"curies":[{"name":"wp","href":"https:\/\/api.w.org\/{rel}","templated":true}]}}