{"id":10363,"date":"2024-04-26T10:09:07","date_gmt":"2024-04-26T09:09:07","guid":{"rendered":"https:\/\/iglesia-en-villar.es\/blog\/?p=10363"},"modified":"2024-04-26T10:09:18","modified_gmt":"2024-04-26T09:09:18","slug":"rincon-carmelitano-224","status":"publish","type":"post","link":"https:\/\/iglesia-en-villar.es\/blog\/2024\/04\/26\/rincon-carmelitano-224\/","title":{"rendered":"Rincon Carmelitano"},"content":{"rendered":"\n<p class=\"has-text-align-center\"><strong>\u00abSI EL ALMA BUSCA A DIOS, MUCHO M\u00c1S LE BUSCA SU AMADO A ELLA\u00bb<\/strong><\/p>\n\n\n\n<p class=\"has-text-align-center\">(San Juan de la Cruz)<\/p>\n\n\n\n<p>&nbsp; Amor, deseo, b\u00fasqueda,&#8230; fundidos todos en el abrazo interminable de un Dios que nos ama con pasi\u00f3n de enamorado. \u00c9l es el origen, el cauce y el destino de todos nuestros anhelos. Creados a su imagen, nacidos en sus entra\u00f1as, respiramos su mismo aliento de vida. \u00c9l ha puesto en nuestro coraz\u00f3n esta divina llama, a\u00f1oranza que inquieta y nunca sacia, que nos pone en marcha, peregrinos de la existencia, hacia una comuni\u00f3n que nos aguarda y que a sorbos saboreamos en la vida.<\/p>\n\n\n\n<p>Por eso somos buscadores, porque Dios es un buen buscador. Toma la iniciativa, sale a nuestro encuentro en cada recodo del camino, nos ama primero, mucho m\u00e1s de lo que es dado a nuestra inteligencia comprender. Nos llama y nos atrae desde el fondo de este anhelo insaciable, y se deja hallar de mil maneras de quien le busca con sincero coraz\u00f3n \u00bb pues que t\u00fa te me muestras primero y sales al encuentro a los que te desean\u00bb (San Juan de la Cruz)<\/p>\n\n\n\n<p>&nbsp;Se\u00f1or, nunca te sacias, ni te cansas, ni te olvidas, ni te alejas. Siempre all\u00ed, mendigo divino a la puerta de mi alma, sediento al brocal de mi pozo, hambriento de amor a la vera de mis caminos&#8230; errante tras mis err\u00e1ticos pasos&#8230;siempre all\u00ed, inconmovible y fiel, Amor, Amante y Amado\u2026<\/p>\n\n\n\n<p>&nbsp; Hermanas Carmelitas<\/p>\n","protected":false},"excerpt":{"rendered":"<p>\u00abSI EL ALMA BUSCA A DIOS, MUCHO M\u00c1S LE BUSCA SU AMADO A ELLA\u00bb (San Juan de la Cruz) &nbsp; Amor, deseo, b\u00fasqueda,&#8230; fundidos todos en el abrazo interminable de un Dios que nos ama con pasi\u00f3n de enamorado. \u00c9l es el origen, el cauce y el destino de todos nuestros anhelos. Creados a su imagen, nacidos en sus entra\u00f1as,&#8230;<\/p>\n<p> <a class=\"continue-reading-link\" href=\"https:\/\/iglesia-en-villar.es\/blog\/2024\/04\/26\/rincon-carmelitano-224\/\"><span>Leer m\u00e1s<\/span><i class=\"crycon-right-dir\"><\/i><\/a> <\/p>\n","protected":false},"author":53745,"featured_media":10365,"comment_status":"open","ping_status":"open","sticky":false,"template":"","format":"standard","meta":{"inline_featured_image":false,"footnotes":""},"categories":[5],"tags":[],"class_list":["post-10363","post","type-post","status-publish","format-standard","has-post-thumbnail","hentry","category-monasterio"],"better_featured_image":{"id":10365,"alt_text":"","caption":"","description":"","media_type":"image","media_details":{"width":275,"height":267,"file":"2024\/04\/ZZRINCON.png","filesize":140765,"sizes":{"thumbnail":{"file":"ZZRINCON-150x150.png","width":150,"height":150,"mime-type":"image\/png","filesize":43261,"source_url":"https:\/\/iglesia-en-villar.es\/blog\/wp-content\/uploads\/2024\/04\/ZZRINCON-150x150.png"},"post-thumbnail":{"file":"ZZRINCON-150x146.png","width":150,"height":146,"mime-type":"image\/png","filesize":41998,"source_url":"https:\/\/iglesia-en-villar.es\/blog\/wp-content\/uploads\/2024\/04\/ZZRINCON-150x146.png"},"header":{"file":"ZZRINCON-275x230.png","width":275,"height":230,"mime-type":"image\/png","filesize":121989,"source_url":"https:\/\/iglesia-en-villar.es\/blog\/wp-content\/uploads\/2024\/04\/ZZRINCON-275x230.png"},"custom":{"file":"ZZRINCON-250x243.png","width":250,"height":243,"mime-type":"image\/png","filesize":108266,"source_url":"https:\/\/iglesia-en-villar.es\/blog\/wp-content\/uploads\/2024\/04\/ZZRINCON-250x243.png"}},"image_meta":{"aperture":"0","credit":"","camera":"","caption":"","created_timestamp":"0","copyright":"","focal_length":"0","iso":"0","shutter_speed":"0","title":"","orientation":"0","keywords":[]}},"post":null,"source_url":"https:\/\/iglesia-en-villar.es\/blog\/wp-content\/uploads\/2024\/04\/ZZRINCON.png"},"read":true,"_links":{"self":[{"href":"https:\/\/iglesia-en-villar.es\/blog\/wp-json\/wp\/v2\/posts\/10363","targetHints":{"allow":["GET"]}}],"collection":[{"href":"https:\/\/iglesia-en-villar.es\/blog\/wp-json\/wp\/v2\/posts"}],"about":[{"href":"https:\/\/iglesia-en-villar.es\/blog\/wp-json\/wp\/v2\/types\/post"}],"author":[{"embeddable":true,"href":"https:\/\/iglesia-en-villar.es\/blog\/wp-json\/wp\/v2\/users\/53745"}],"replies":[{"embeddable":true,"href":"https:\/\/iglesia-en-villar.es\/blog\/wp-json\/wp\/v2\/comments?post=10363"}],"version-history":[{"count":1,"href":"https:\/\/iglesia-en-villar.es\/blog\/wp-json\/wp\/v2\/posts\/10363\/revisions"}],"predecessor-version":[{"id":10364,"href":"https:\/\/iglesia-en-villar.es\/blog\/wp-json\/wp\/v2\/posts\/10363\/revisions\/10364"}],"wp:featuredmedia":[{"embeddable":true,"href":"https:\/\/iglesia-en-villar.es\/blog\/wp-json\/wp\/v2\/media\/10365"}],"wp:attachment":[{"href":"https:\/\/iglesia-en-villar.es\/blog\/wp-json\/wp\/v2\/media?parent=10363"}],"wp:term":[{"taxonomy":"category","embeddable":true,"href":"https:\/\/iglesia-en-villar.es\/blog\/wp-json\/wp\/v2\/categories?post=10363"},{"taxonomy":"post_tag","embeddable":true,"href":"https:\/\/iglesia-en-villar.es\/blog\/wp-json\/wp\/v2\/tags?post=10363"}],"curies":[{"name":"wp","href":"https:\/\/api.w.org\/{rel}","templated":true}]}}