{"id":10504,"date":"2024-07-06T16:16:58","date_gmt":"2024-07-06T15:16:58","guid":{"rendered":"https:\/\/iglesia-en-villar.es\/blog\/?p=10504"},"modified":"2024-07-06T16:16:59","modified_gmt":"2024-07-06T15:16:59","slug":"editorial-226","status":"publish","type":"post","link":"https:\/\/iglesia-en-villar.es\/blog\/2024\/07\/06\/editorial-226\/","title":{"rendered":"Editorial"},"content":{"rendered":"\n<h2 class=\"wp-block-heading has-text-align-center\"><strong>D\u00e9cimo Aniversario de la Coronaci\u00f3n Can\u00f3nica de la imagen de la Virgen de la Paz<\/strong><\/h2>\n\n\n\n<p>El pasado 5 de julio, nuestra comunidad parroquial de Villar del Arzobispo se reuni\u00f3 en una emotiva misa de acci\u00f3n de gracias para conmemorar el d\u00e9cimo aniversario de la coronaci\u00f3n can\u00f3nica de la imagen de nuestra querida patrona, la Virgen de la Paz.<\/p>\n\n\n\n<p>Han transcurrido diez a\u00f1os, desde que aquel ya lejano 5 de julio de 2014, el entonces Arzobispo de Valencia, Don Carlos Osoro, coronaba solemnemente la imagen de nuestra Virgen, culminando as\u00ed un proyecto pastoral iniciado por el entonces p\u00e1rroco de Villar, Don Fernando Carrasco.<\/p>\n\n\n\n<p>Toda una d\u00e9cada, en la que se han vivido, sin lugar a dudas, momentos de alegr\u00eda y de dificultad, siempre bajo la mirada protectora de nuestra madre, la Virgen de la Paz.<\/p>\n\n\n\n<p>Han partido hacia la casa del padre miembros notables y muy queridos de nuestra comunidad. Hemos perdido a familiares muy queridos, amigos\u2026 Tambi\u00e9n han \u201caterrizado\u201d personas nuevas a nuestras vidas y a nuestra parroquia. M\u00e1s de un centenar de nuevos Cristianos que han recibido el Sacramento del Bautismo, cientos de ni\u00f1os que han recibido su primera comuni\u00f3n, j\u00f3venes que han recibido el Don del Esp\u00edritu Santo, matrimonios que se han prometido amarse hasta el final de sus d\u00edas. Diez a\u00f1os en los que la iglesia valentina ha sido guiada por dos obispos y han sido enviados tres p\u00e1rrocos para alimentar con la palabra y los sacramentos nuestra comunidad parroquial. Nos hemos enfrentado a desaf\u00edos desconocidos como la pandemia. Y siempre, en todo momento, la comunidad ha permanecido unida. Unida por el deseo y la convicci\u00f3n de ser un pueblo Santo, escogido por un Dios misericordioso que no aparta su mirada ante las adversidades y nos recuerda una cosa; que el nos ama siempre, que su fidelidad permanece y es inquebrantable, que contin\u00faa cumpliendo su alianza nueva y eterna en cada Eucarist\u00eda.<\/p>\n\n\n\n<p>Y para recordarnos su amor, ha querido que podamos alegramos y consolarnos bajo los brazos de su madre. Una madre con la mirada m\u00e1s limpia que podamos encontrar entre todas las criaturas, con los brazos fuertes para sostener nuestras ca\u00eddas, y con un semblante que cura todas nuestras tristezas. Que afortunados somos en Villar del Arzobispo que tenemos a la madre m\u00e1s guapa que nadie jam\u00e1s podr\u00eda so\u00f1ar.<\/p>\n\n\n\n<p>Pero este aniversario no solo nos invita a recordar y agradecer, sino tambi\u00e9n a mirar hacia el futuro con esperanza y alegr\u00eda. Nos preparamos para celebrar un acontecimiento \u00fanico: el 450 cumplea\u00f1os de nuestra Parroquia. Este ser\u00e1 un momento de gracia que viviremos como comunidad, fortalecidos por nuestra fe y unidos en el amor de Cristo.<\/p>\n\n\n\n<p>Invitamos a todos los feligreses a participar activamente en las celebraciones y a renovar nuestro compromiso con la fe y la comunidad. Que la Virgen de la Paz siga gui\u00e1ndonos y protegi\u00e9ndonos en nuestro caminar diario.<\/p>\n\n\n\n<p>\u00a1Alegr\u00e9monos y preparemos nuestros corazones para este gran jubileo!<\/p>\n","protected":false},"excerpt":{"rendered":"<p>D\u00e9cimo Aniversario de la Coronaci\u00f3n Can\u00f3nica de la imagen de la Virgen de la Paz El pasado 5 de julio, nuestra comunidad parroquial de Villar del Arzobispo se reuni\u00f3 en una emotiva misa de acci\u00f3n de gracias para conmemorar el d\u00e9cimo aniversario de la coronaci\u00f3n can\u00f3nica de la imagen de nuestra querida patrona, la Virgen de la Paz. Han transcurrido&#8230;<\/p>\n<p> <a class=\"continue-reading-link\" href=\"https:\/\/iglesia-en-villar.es\/blog\/2024\/07\/06\/editorial-226\/\"><span>Leer m\u00e1s<\/span><i class=\"crycon-right-dir\"><\/i><\/a> <\/p>\n","protected":false},"author":53745,"featured_media":10502,"comment_status":"open","ping_status":"open","sticky":false,"template":"","format":"standard","meta":{"inline_featured_image":false,"footnotes":""},"categories":[13],"tags":[],"class_list":["post-10504","post","type-post","status-publish","format-standard","has-post-thumbnail","hentry","category-editorial"],"better_featured_image":{"id":10502,"alt_text":"","caption":"","description":"","media_type":"image","media_details":{"width":1088,"height":1600,"file":"2024\/07\/PHOTO-2024-07-05-00-00-43.jpg","filesize":228746,"sizes":{"medium":{"file":"PHOTO-2024-07-05-00-00-43-204x300.jpg","width":204,"height":300,"mime-type":"image\/jpeg","filesize":17182,"source_url":"https:\/\/iglesia-en-villar.es\/blog\/wp-content\/uploads\/2024\/07\/PHOTO-2024-07-05-00-00-43-204x300.jpg"},"large":{"file":"PHOTO-2024-07-05-00-00-43-696x1024.jpg","width":696,"height":1024,"mime-type":"image\/jpeg","filesize":131466,"source_url":"https:\/\/iglesia-en-villar.es\/blog\/wp-content\/uploads\/2024\/07\/PHOTO-2024-07-05-00-00-43-696x1024.jpg"},"thumbnail":{"file":"PHOTO-2024-07-05-00-00-43-150x150.jpg","width":150,"height":150,"mime-type":"image\/jpeg","filesize":7622,"source_url":"https:\/\/iglesia-en-villar.es\/blog\/wp-content\/uploads\/2024\/07\/PHOTO-2024-07-05-00-00-43-150x150.jpg"},"medium_large":{"file":"PHOTO-2024-07-05-00-00-43-768x1129.jpg","width":768,"height":1129,"mime-type":"image\/jpeg","filesize":153812,"source_url":"https:\/\/iglesia-en-villar.es\/blog\/wp-content\/uploads\/2024\/07\/PHOTO-2024-07-05-00-00-43-768x1129.jpg"},"1536x1536":{"file":"PHOTO-2024-07-05-00-00-43-1044x1536.jpg","width":1044,"height":1536,"mime-type":"image\/jpeg","filesize":245480,"source_url":"https:\/\/iglesia-en-villar.es\/blog\/wp-content\/uploads\/2024\/07\/PHOTO-2024-07-05-00-00-43-1044x1536.jpg"},"post-thumbnail":{"file":"PHOTO-2024-07-05-00-00-43-102x150.jpg","width":102,"height":150,"mime-type":"image\/jpeg","filesize":5331,"source_url":"https:\/\/iglesia-en-villar.es\/blog\/wp-content\/uploads\/2024\/07\/PHOTO-2024-07-05-00-00-43-102x150.jpg"},"header":{"file":"PHOTO-2024-07-05-00-00-43-1088x230.jpg","width":1088,"height":230,"mime-type":"image\/jpeg","filesize":38013,"source_url":"https:\/\/iglesia-en-villar.es\/blog\/wp-content\/uploads\/2024\/07\/PHOTO-2024-07-05-00-00-43-1088x230.jpg"},"slider":{"file":"PHOTO-2024-07-05-00-00-43-1088x580.jpg","width":1088,"height":580,"mime-type":"image\/jpeg","filesize":103783,"source_url":"https:\/\/iglesia-en-villar.es\/blog\/wp-content\/uploads\/2024\/07\/PHOTO-2024-07-05-00-00-43-1088x580.jpg"},"columns":{"file":"PHOTO-2024-07-05-00-00-43-330x300.jpg","width":330,"height":300,"mime-type":"image\/jpeg","filesize":26155,"source_url":"https:\/\/iglesia-en-villar.es\/blog\/wp-content\/uploads\/2024\/07\/PHOTO-2024-07-05-00-00-43-330x300.jpg"},"custom":{"file":"PHOTO-2024-07-05-00-00-43-250x368.jpg","width":250,"height":368,"mime-type":"image\/jpeg","filesize":24261,"source_url":"https:\/\/iglesia-en-villar.es\/blog\/wp-content\/uploads\/2024\/07\/PHOTO-2024-07-05-00-00-43-250x368.jpg"}},"image_meta":{"aperture":"0","credit":"","camera":"","caption":"","created_timestamp":"0","copyright":"","focal_length":"0","iso":"0","shutter_speed":"0","title":"","orientation":"0","keywords":[]}},"post":null,"source_url":"https:\/\/iglesia-en-villar.es\/blog\/wp-content\/uploads\/2024\/07\/PHOTO-2024-07-05-00-00-43.jpg"},"read":true,"_links":{"self":[{"href":"https:\/\/iglesia-en-villar.es\/blog\/wp-json\/wp\/v2\/posts\/10504","targetHints":{"allow":["GET"]}}],"collection":[{"href":"https:\/\/iglesia-en-villar.es\/blog\/wp-json\/wp\/v2\/posts"}],"about":[{"href":"https:\/\/iglesia-en-villar.es\/blog\/wp-json\/wp\/v2\/types\/post"}],"author":[{"embeddable":true,"href":"https:\/\/iglesia-en-villar.es\/blog\/wp-json\/wp\/v2\/users\/53745"}],"replies":[{"embeddable":true,"href":"https:\/\/iglesia-en-villar.es\/blog\/wp-json\/wp\/v2\/comments?post=10504"}],"version-history":[{"count":1,"href":"https:\/\/iglesia-en-villar.es\/blog\/wp-json\/wp\/v2\/posts\/10504\/revisions"}],"predecessor-version":[{"id":10505,"href":"https:\/\/iglesia-en-villar.es\/blog\/wp-json\/wp\/v2\/posts\/10504\/revisions\/10505"}],"wp:featuredmedia":[{"embeddable":true,"href":"https:\/\/iglesia-en-villar.es\/blog\/wp-json\/wp\/v2\/media\/10502"}],"wp:attachment":[{"href":"https:\/\/iglesia-en-villar.es\/blog\/wp-json\/wp\/v2\/media?parent=10504"}],"wp:term":[{"taxonomy":"category","embeddable":true,"href":"https:\/\/iglesia-en-villar.es\/blog\/wp-json\/wp\/v2\/categories?post=10504"},{"taxonomy":"post_tag","embeddable":true,"href":"https:\/\/iglesia-en-villar.es\/blog\/wp-json\/wp\/v2\/tags?post=10504"}],"curies":[{"name":"wp","href":"https:\/\/api.w.org\/{rel}","templated":true}]}}