{"id":10507,"date":"2024-07-12T10:38:03","date_gmt":"2024-07-12T09:38:03","guid":{"rendered":"https:\/\/iglesia-en-villar.es\/blog\/?p=10507"},"modified":"2024-07-12T10:38:04","modified_gmt":"2024-07-12T09:38:04","slug":"avisos-207","status":"publish","type":"post","link":"https:\/\/iglesia-en-villar.es\/blog\/2024\/07\/12\/avisos-207\/","title":{"rendered":"Avisos"},"content":{"rendered":"\n<p><strong>FIESTA DE LA VIRGEN DEL CARMEN<\/strong><\/p>\n\n\n\n<p>Este pr\u00f3ximo lunes 15 de julio, celebraremos el tercer d\u00eda del triduo de la Virgen de Carmen en el monasterio de San Juan de la Cruz, y concluir\u00e1 el martes 16 de julio con la celebraci\u00f3n Fiesta en honor a nuestra Madre.<\/p>\n\n\n\n<p><strong>Los horarios ser\u00e1n los siguientes:<\/strong><\/p>\n\n\n\n<p><strong>Lunes 15 de julio. Tercer d\u00eda de triduo.<\/strong><\/p>\n\n\n\n<p><strong>19h<\/strong> Santo Rosario y a continuaci\u00f3n Eucarist\u00eda.<\/p>\n\n\n\n<p><strong>Martes 16 de julio. Fiesta de la Virgen del Carmen.<\/strong><\/p>\n\n\n\n<p><strong>11h<\/strong> misa solemne en honor a la Virgen del Carmen<\/p>\n\n\n\n<p><strong>18:30h<\/strong> Rezo del Santo Rosario y a continuaci\u00f3n Solemne procesi\u00f3n.<\/p>\n\n\n\n<p><strong>Lunes<\/strong> <strong>15 de julio y martes 16 de julio<\/strong>, no habr\u00e1 misa en la parroquia, quedamos convocados en el convento de las Carmelitas.<\/p>\n\n\n\n<p><strong>CELEBRACI\u00d3N DE SAN CRISTOBAL Y BENDICI\u00d3N DE VEH\u00cdCULOS<\/strong><\/p>\n\n\n\n<p>El pr\u00f3ximo S\u00e1bado 20 de Julio a las11:30h concentraci\u00f3n de camiones en el pol\u00edgono industrial de la loma donde, con la presencia de la imagen de San Crist\u00f3bal Patron de los conductores, se impartir\u00e1 la oraci\u00f3n bendicional. A<\/p>\n\n\n\n<p>continuaci\u00f3n bendici\u00f3n de<\/p>\n\n\n\n<p>veh\u00edculos en las calle de las<\/p>\n\n\n\n<p>cruces frente la Caja Rural.<\/p>\n\n\n\n<p>Est\u00e1is invitados todos a participar en el acto.<\/p>\n\n\n\n<p><strong>EXPOSICI\u00d3N DEL MANTO DE LA VIRGEN<\/strong><\/p>\n\n\n\n<p>Durante el mes de Julio, el manto quedar\u00e1 expuesto en la Parroquia, as\u00ed como aquellas familias, particulares y an\u00f3nimos, que con su generosidad, han hecho posible su restauraci\u00f3n.<\/p>\n\n\n\n<p>Durante el mes de Julio, seguir\u00e1 abierto el plazo para entregar donativos para el manto. Una vez finalizado el mes de Julio, se proceder\u00e1 a enmarcar y colocar el listado en el camar\u00edn de la Virgen.<\/p>\n","protected":false},"excerpt":{"rendered":"<p>FIESTA DE LA VIRGEN DEL CARMEN Este pr\u00f3ximo lunes 15 de julio, celebraremos el tercer d\u00eda del triduo de la Virgen de Carmen en el monasterio de San Juan de la Cruz, y concluir\u00e1 el martes 16 de julio con la celebraci\u00f3n Fiesta en honor a nuestra Madre. Los horarios ser\u00e1n los siguientes: Lunes 15 de julio. Tercer d\u00eda de&#8230;<\/p>\n<p> <a class=\"continue-reading-link\" href=\"https:\/\/iglesia-en-villar.es\/blog\/2024\/07\/12\/avisos-207\/\"><span>Leer m\u00e1s<\/span><i class=\"crycon-right-dir\"><\/i><\/a> <\/p>\n","protected":false},"author":53745,"featured_media":10129,"comment_status":"open","ping_status":"open","sticky":false,"template":"","format":"standard","meta":{"inline_featured_image":false,"footnotes":""},"categories":[10],"tags":[],"class_list":["post-10507","post","type-post","status-publish","format-standard","has-post-thumbnail","hentry","category-avisos"],"better_featured_image":{"id":10129,"alt_text":"","caption":"","description":"","media_type":"image","media_details":{"width":231,"height":219,"file":"2023\/12\/Avisos.jpeg","filesize":5103,"sizes":{"thumbnail":{"file":"Avisos-150x150.jpeg","width":150,"height":150,"mime-type":"image\/jpeg","filesize":3790,"source_url":"https:\/\/iglesia-en-villar.es\/blog\/wp-content\/uploads\/2023\/12\/Avisos-150x150.jpeg"},"post-thumbnail":{"file":"Avisos-150x142.jpeg","width":150,"height":142,"mime-type":"image\/jpeg","filesize":3552,"source_url":"https:\/\/iglesia-en-villar.es\/blog\/wp-content\/uploads\/2023\/12\/Avisos-150x142.jpeg"}},"image_meta":{"aperture":"0","credit":"","camera":"","caption":"","created_timestamp":"0","copyright":"","focal_length":"0","iso":"0","shutter_speed":"0","title":"","orientation":"0","keywords":[]}},"post":null,"source_url":"https:\/\/iglesia-en-villar.es\/blog\/wp-content\/uploads\/2023\/12\/Avisos.jpeg"},"read":true,"_links":{"self":[{"href":"https:\/\/iglesia-en-villar.es\/blog\/wp-json\/wp\/v2\/posts\/10507","targetHints":{"allow":["GET"]}}],"collection":[{"href":"https:\/\/iglesia-en-villar.es\/blog\/wp-json\/wp\/v2\/posts"}],"about":[{"href":"https:\/\/iglesia-en-villar.es\/blog\/wp-json\/wp\/v2\/types\/post"}],"author":[{"embeddable":true,"href":"https:\/\/iglesia-en-villar.es\/blog\/wp-json\/wp\/v2\/users\/53745"}],"replies":[{"embeddable":true,"href":"https:\/\/iglesia-en-villar.es\/blog\/wp-json\/wp\/v2\/comments?post=10507"}],"version-history":[{"count":1,"href":"https:\/\/iglesia-en-villar.es\/blog\/wp-json\/wp\/v2\/posts\/10507\/revisions"}],"predecessor-version":[{"id":10508,"href":"https:\/\/iglesia-en-villar.es\/blog\/wp-json\/wp\/v2\/posts\/10507\/revisions\/10508"}],"wp:featuredmedia":[{"embeddable":true,"href":"https:\/\/iglesia-en-villar.es\/blog\/wp-json\/wp\/v2\/media\/10129"}],"wp:attachment":[{"href":"https:\/\/iglesia-en-villar.es\/blog\/wp-json\/wp\/v2\/media?parent=10507"}],"wp:term":[{"taxonomy":"category","embeddable":true,"href":"https:\/\/iglesia-en-villar.es\/blog\/wp-json\/wp\/v2\/categories?post=10507"},{"taxonomy":"post_tag","embeddable":true,"href":"https:\/\/iglesia-en-villar.es\/blog\/wp-json\/wp\/v2\/tags?post=10507"}],"curies":[{"name":"wp","href":"https:\/\/api.w.org\/{rel}","templated":true}]}}