{"id":10516,"date":"2024-07-12T10:45:26","date_gmt":"2024-07-12T09:45:26","guid":{"rendered":"https:\/\/iglesia-en-villar.es\/blog\/?p=10516"},"modified":"2024-07-12T10:45:27","modified_gmt":"2024-07-12T09:45:27","slug":"editorial-227","status":"publish","type":"post","link":"https:\/\/iglesia-en-villar.es\/blog\/2024\/07\/12\/editorial-227\/","title":{"rendered":"Editorial"},"content":{"rendered":"\n<h2 class=\"wp-block-heading has-text-align-center\"><strong>La Fiesta de la Virgen del Carmen: <\/strong><\/h2>\n\n\n\n<h2 class=\"wp-block-heading has-text-align-center\"><strong>Luz y Gu\u00eda en el Camino de la Fe<\/strong><\/h2>\n\n\n\n<p>El 16 de julio, la Iglesia celebra con gran devoci\u00f3n la festividad de la Virgen del Carmen, una advocaci\u00f3n mariana que ha iluminado el camino de la fe a millones de cristianos a lo largo de los siglos. Esta celebraci\u00f3n no solo es un momento de profunda espiritualidad, sino tambi\u00e9n una ocasi\u00f3n para reflexionar sobre el papel de Mar\u00eda bajo la advocaci\u00f3n a la Virgen del Carmen en la vida de los fieles y en la historia de la Iglesia.<\/p>\n\n\n\n<p>La advocaci\u00f3n de la Virgen del Carmen tiene sus ra\u00edces en el Monte Carmelo, en Tierra Santa, donde un grupo de ermita\u00f1os se estableci\u00f3 en el siglo XII para vivir una vida de oraci\u00f3n y contemplaci\u00f3n. Estos ermita\u00f1os, inspirados por el profeta El\u00edas, dedicaron su vida a la Virgen Mar\u00eda, a quien veneraban como Nuestra Se\u00f1ora del Monte Carmelo. La devoci\u00f3n a la Virgen del Carmen se consolid\u00f3 con la aparici\u00f3n de la Virgen a San Sim\u00f3n Stock en 1251, quien recibi\u00f3 de ella el escapulario, s\u00edmbolo de protecci\u00f3n y signo de consagraci\u00f3n a Mar\u00eda.<\/p>\n\n\n\n<p>A lo largo de los siglos, la Virgen del Carmen ha sido una gu\u00eda y protectora para innumerables cristianos. Su intercesi\u00f3n ha sido invocada en momentos de peligro y necesidad, y su imagen ha sido un faro de esperanza y consuelo. La devoci\u00f3n a la Virgen del Carmen se ha extendido por todo el mundo, y su fiesta es celebrada con procesiones, misas y actos de piedad en muchas comunidades, especialmente en aquellas cercanas al mar, donde es venerada como la \u00abEstrella de los Mares\u00bb.<\/p>\n\n\n\n<p>El carisma carmelita, inspirado en la vida de oraci\u00f3n y contemplaci\u00f3n de los primeros ermita\u00f1os del Monte Carmelo, se centra en la b\u00fasqueda de la uni\u00f3n con Dios a trav\u00e9s de la oraci\u00f3n, la vida comunitaria y el servicio a los dem\u00e1s. Los carmelitas, tanto hombres como mujeres, viven este carisma con una profunda dedicaci\u00f3n a la oraci\u00f3n y a la vida fraterna, buscando siempre la presencia de Dios en cada momento de sus vidas.<\/p>\n\n\n\n<p>En Villar del Arzobispo, tenemos la bendici\u00f3n de contar con la presencia de las Hermanas Carmelitas Descalzas, quienes desde hace 70 a\u00f1os sostienen con su oraci\u00f3n toda acci\u00f3n pastoral en nuestra comunidad. Su vida de clausura y contemplaci\u00f3n es un testimonio vivo del carisma carmelita y una fuente de inspiraci\u00f3n para todos nosotros. Agradecemos a Dios por su presencia y por su incansable intercesi\u00f3n, que fortalece y gu\u00eda nuestra vida parroquial.<\/p>\n\n\n\n<p>En este d\u00eda de la Virgen del Carmen, elevamos nuestras oraciones en gratitud por las Hermanas Carmelitas Descalzas y pedimos a la Virgen que contin\u00fae iluminando nuestro camino de fe, gui\u00e1ndonos siempre hacia su Hijo, Jesucristo.<\/p>\n","protected":false},"excerpt":{"rendered":"<p>La Fiesta de la Virgen del Carmen: Luz y Gu\u00eda en el Camino de la Fe El 16 de julio, la Iglesia celebra con gran devoci\u00f3n la festividad de la Virgen del Carmen, una advocaci\u00f3n mariana que ha iluminado el camino de la fe a millones de cristianos a lo largo de los siglos. Esta celebraci\u00f3n no solo es un&#8230;<\/p>\n<p> <a class=\"continue-reading-link\" href=\"https:\/\/iglesia-en-villar.es\/blog\/2024\/07\/12\/editorial-227\/\"><span>Leer m\u00e1s<\/span><i class=\"crycon-right-dir\"><\/i><\/a> <\/p>\n","protected":false},"author":53745,"featured_media":10510,"comment_status":"open","ping_status":"open","sticky":false,"template":"","format":"standard","meta":{"inline_featured_image":false,"footnotes":""},"categories":[13],"tags":[],"class_list":["post-10516","post","type-post","status-publish","format-standard","has-post-thumbnail","hentry","category-editorial"],"better_featured_image":{"id":10510,"alt_text":"","caption":"","description":"","media_type":"image","media_details":{"width":550,"height":745,"file":"2024\/07\/PHOTO-2024-07-11-21-28-19.jpg","filesize":110190,"sizes":{"medium":{"file":"PHOTO-2024-07-11-21-28-19-221x300.jpg","width":221,"height":300,"mime-type":"image\/jpeg","filesize":14542,"source_url":"https:\/\/iglesia-en-villar.es\/blog\/wp-content\/uploads\/2024\/07\/PHOTO-2024-07-11-21-28-19-221x300.jpg"},"thumbnail":{"file":"PHOTO-2024-07-11-21-28-19-150x150.jpg","width":150,"height":150,"mime-type":"image\/jpeg","filesize":6035,"source_url":"https:\/\/iglesia-en-villar.es\/blog\/wp-content\/uploads\/2024\/07\/PHOTO-2024-07-11-21-28-19-150x150.jpg"},"post-thumbnail":{"file":"PHOTO-2024-07-11-21-28-19-111x150.jpg","width":111,"height":150,"mime-type":"image\/jpeg","filesize":4831,"source_url":"https:\/\/iglesia-en-villar.es\/blog\/wp-content\/uploads\/2024\/07\/PHOTO-2024-07-11-21-28-19-111x150.jpg"},"header":{"file":"PHOTO-2024-07-11-21-28-19-550x230.jpg","width":550,"height":230,"mime-type":"image\/jpeg","filesize":39056,"source_url":"https:\/\/iglesia-en-villar.es\/blog\/wp-content\/uploads\/2024\/07\/PHOTO-2024-07-11-21-28-19-550x230.jpg"},"slider":{"file":"PHOTO-2024-07-11-21-28-19-550x580.jpg","width":550,"height":580,"mime-type":"image\/jpeg","filesize":99313,"source_url":"https:\/\/iglesia-en-villar.es\/blog\/wp-content\/uploads\/2024\/07\/PHOTO-2024-07-11-21-28-19-550x580.jpg"},"columns":{"file":"PHOTO-2024-07-11-21-28-19-330x300.jpg","width":330,"height":300,"mime-type":"image\/jpeg","filesize":20361,"source_url":"https:\/\/iglesia-en-villar.es\/blog\/wp-content\/uploads\/2024\/07\/PHOTO-2024-07-11-21-28-19-330x300.jpg"},"custom":{"file":"PHOTO-2024-07-11-21-28-19-250x339.jpg","width":250,"height":339,"mime-type":"image\/jpeg","filesize":17938,"source_url":"https:\/\/iglesia-en-villar.es\/blog\/wp-content\/uploads\/2024\/07\/PHOTO-2024-07-11-21-28-19-250x339.jpg"}},"image_meta":{"aperture":"0","credit":"","camera":"","caption":"","created_timestamp":"0","copyright":"","focal_length":"0","iso":"0","shutter_speed":"0","title":"","orientation":"0","keywords":[]}},"post":null,"source_url":"https:\/\/iglesia-en-villar.es\/blog\/wp-content\/uploads\/2024\/07\/PHOTO-2024-07-11-21-28-19.jpg"},"read":true,"_links":{"self":[{"href":"https:\/\/iglesia-en-villar.es\/blog\/wp-json\/wp\/v2\/posts\/10516","targetHints":{"allow":["GET"]}}],"collection":[{"href":"https:\/\/iglesia-en-villar.es\/blog\/wp-json\/wp\/v2\/posts"}],"about":[{"href":"https:\/\/iglesia-en-villar.es\/blog\/wp-json\/wp\/v2\/types\/post"}],"author":[{"embeddable":true,"href":"https:\/\/iglesia-en-villar.es\/blog\/wp-json\/wp\/v2\/users\/53745"}],"replies":[{"embeddable":true,"href":"https:\/\/iglesia-en-villar.es\/blog\/wp-json\/wp\/v2\/comments?post=10516"}],"version-history":[{"count":1,"href":"https:\/\/iglesia-en-villar.es\/blog\/wp-json\/wp\/v2\/posts\/10516\/revisions"}],"predecessor-version":[{"id":10517,"href":"https:\/\/iglesia-en-villar.es\/blog\/wp-json\/wp\/v2\/posts\/10516\/revisions\/10517"}],"wp:featuredmedia":[{"embeddable":true,"href":"https:\/\/iglesia-en-villar.es\/blog\/wp-json\/wp\/v2\/media\/10510"}],"wp:attachment":[{"href":"https:\/\/iglesia-en-villar.es\/blog\/wp-json\/wp\/v2\/media?parent=10516"}],"wp:term":[{"taxonomy":"category","embeddable":true,"href":"https:\/\/iglesia-en-villar.es\/blog\/wp-json\/wp\/v2\/categories?post=10516"},{"taxonomy":"post_tag","embeddable":true,"href":"https:\/\/iglesia-en-villar.es\/blog\/wp-json\/wp\/v2\/tags?post=10516"}],"curies":[{"name":"wp","href":"https:\/\/api.w.org\/{rel}","templated":true}]}}