{"id":10530,"date":"2024-07-19T11:13:21","date_gmt":"2024-07-19T10:13:21","guid":{"rendered":"https:\/\/iglesia-en-villar.es\/blog\/?p=10530"},"modified":"2024-07-19T11:13:23","modified_gmt":"2024-07-19T10:13:23","slug":"editorial-228","status":"publish","type":"post","link":"https:\/\/iglesia-en-villar.es\/blog\/2024\/07\/19\/editorial-228\/","title":{"rendered":"Editorial"},"content":{"rendered":"\n<p><strong>San Crist\u00f3bal: Patr\u00f3n de los conductores y protector de los caminos<\/strong><\/p>\n\n\n\n<p>En un mundo donde la velocidad y la rutina parecen dominar el ritmo de vida, la Iglesia nos invita a hacer una pausa para honrar a San Crist\u00f3bal, patr\u00f3n de los conductores y protector de los caminos. Este a\u00f1o, el s\u00e1bado 20 de julio, la comunidad de Villar del Arzobispo se reunir\u00e1 para celebrar la tradicional bendici\u00f3n de veh\u00edculos, una ocasi\u00f3n para renovar nuestra fe y encomendar nuestros viajes a la protecci\u00f3n del Santo.<\/p>\n\n\n\n<p>M\u00e1s all\u00e1 de una simple costumbre, la bendici\u00f3n de los veh\u00edculos representa un profundo deseo de muchos cristianos de mantener viva la tradici\u00f3n y reconocer la presencia de Dios en los aspectos m\u00e1s cotidianos de la vida. Al rociar agua bendita sobre nuestros camiones, coches, motocicletas o bicicletas, invocamos la protecci\u00f3n divina sobre nosotros, nuestros pasajeros y todos los usuarios de las v\u00edas.<\/p>\n\n\n\n<p>Pero la figura de San Crist\u00f3bal va m\u00e1s all\u00e1 de ser un simple protector. Su historia nos inspira a cultivar tres virtudes esenciales para ser buenos cristianos y conductores responsables:<\/p>\n\n\n\n<p>1. Fortaleza: San Crist\u00f3bal enfrent\u00f3 numerosos desaf\u00edos a lo largo de su vida, pero nunca perdi\u00f3 la fe ni la esperanza. Su fortaleza nos anima a ser firmes en nuestras convicciones, a superar obst\u00e1culos y a mantener una actitud positiva ante las dificultades que podamos encontrar en el camino.<\/p>\n\n\n\n<p>2. Obediencia: La obediencia a Dios gui\u00f3 cada paso de San Crist\u00f3bal. Su disposici\u00f3n a seguir la voluntad divina nos recuerda la importancia de obedecer las leyes viales, respetar las se\u00f1ales y conducir con prudencia para evitar accidentes.<\/p>\n\n\n\n<p>3. Caridad: San Crist\u00f3bal era conocido por su compasi\u00f3n y generosidad hacia los dem\u00e1s. Su esp\u00edritu caritativo nos invita a ser amables, pacientes y comprensivos con los dem\u00e1s conductores, especialmente en situaciones de congesti\u00f3n o imprevistos.<\/p>\n\n\n\n<p>Imitar estas virtudes de San Crist\u00f3bal no solo nos convierte en mejores conductores, sino que tambi\u00e9n nos acerca a Jes\u00fas, quien nos ense\u00f1\u00f3 a amar a Dios sobre todas las cosas y al pr\u00f3jimo como a nosotros mismos.<\/p>\n\n\n\n<p>La bendici\u00f3n de los veh\u00edculos, a pesar de parecer un acto sencillo, tiene un profundo significado. Es una oportunidad para fortalecer nuestra fe, recordar nuestras responsabilidades como conductores y renovar nuestro compromiso con la caridad y el respeto hacia los dem\u00e1s.<\/p>\n\n\n\n<p>Te invitamos a participar en la bendici\u00f3n de veh\u00edculos que se celebrar\u00e1 por nuestras calles en el recorrido habitual este s\u00e1bado 20 de julio. No olvidemos que, como la par\u00e1bola de la semilla de mostaza, incluso los actos m\u00e1s peque\u00f1os, realizados con fe y devoci\u00f3n, pueden dar grandes frutos.<\/p>\n\n\n\n<p>Juntos, honremos a San Crist\u00f3bal, pidamos su protecci\u00f3n y renovemos nuestro compromiso de ser conductores responsables y cristianos ejemplares.<\/p><p><\/p>\n","protected":false},"excerpt":{"rendered":"<p>San Crist\u00f3bal: Patr\u00f3n de los conductores y protector de los caminos En un mundo donde la velocidad y la rutina parecen dominar el ritmo de vida, la Iglesia nos invita a hacer una pausa para honrar a San Crist\u00f3bal, patr\u00f3n de los conductores y protector de los caminos. Este a\u00f1o, el s\u00e1bado 20 de julio, la comunidad de Villar del&#8230;<\/p>\n<p> <a class=\"continue-reading-link\" href=\"https:\/\/iglesia-en-villar.es\/blog\/2024\/07\/19\/editorial-228\/\"><span>Leer m\u00e1s<\/span><i class=\"crycon-right-dir\"><\/i><\/a> <\/p>\n","protected":false},"author":53745,"featured_media":10520,"comment_status":"open","ping_status":"open","sticky":false,"template":"","format":"standard","meta":{"inline_featured_image":false,"footnotes":""},"categories":[13],"tags":[],"class_list":["post-10530","post","type-post","status-publish","format-standard","has-post-thumbnail","hentry","category-editorial"],"better_featured_image":{"id":10520,"alt_text":"","caption":"","description":"","media_type":"image","media_details":{"width":640,"height":902,"file":"2024\/07\/PHOTO-2024-07-19-10-07-47.jpg","filesize":159231,"sizes":{"medium":{"file":"PHOTO-2024-07-19-10-07-47-213x300.jpg","width":213,"height":300,"mime-type":"image\/jpeg","filesize":20848,"source_url":"https:\/\/iglesia-en-villar.es\/blog\/wp-content\/uploads\/2024\/07\/PHOTO-2024-07-19-10-07-47-213x300.jpg"},"thumbnail":{"file":"PHOTO-2024-07-19-10-07-47-150x150.jpg","width":150,"height":150,"mime-type":"image\/jpeg","filesize":7769,"source_url":"https:\/\/iglesia-en-villar.es\/blog\/wp-content\/uploads\/2024\/07\/PHOTO-2024-07-19-10-07-47-150x150.jpg"},"post-thumbnail":{"file":"PHOTO-2024-07-19-10-07-47-106x150.jpg","width":106,"height":150,"mime-type":"image\/jpeg","filesize":5637,"source_url":"https:\/\/iglesia-en-villar.es\/blog\/wp-content\/uploads\/2024\/07\/PHOTO-2024-07-19-10-07-47-106x150.jpg"},"header":{"file":"PHOTO-2024-07-19-10-07-47-640x230.jpg","width":640,"height":230,"mime-type":"image\/jpeg","filesize":47191,"source_url":"https:\/\/iglesia-en-villar.es\/blog\/wp-content\/uploads\/2024\/07\/PHOTO-2024-07-19-10-07-47-640x230.jpg"},"slider":{"file":"PHOTO-2024-07-19-10-07-47-640x580.jpg","width":640,"height":580,"mime-type":"image\/jpeg","filesize":122367,"source_url":"https:\/\/iglesia-en-villar.es\/blog\/wp-content\/uploads\/2024\/07\/PHOTO-2024-07-19-10-07-47-640x580.jpg"},"columns":{"file":"PHOTO-2024-07-19-10-07-47-330x300.jpg","width":330,"height":300,"mime-type":"image\/jpeg","filesize":32016,"source_url":"https:\/\/iglesia-en-villar.es\/blog\/wp-content\/uploads\/2024\/07\/PHOTO-2024-07-19-10-07-47-330x300.jpg"},"custom":{"file":"PHOTO-2024-07-19-10-07-47-250x352.jpg","width":250,"height":352,"mime-type":"image\/jpeg","filesize":28095,"source_url":"https:\/\/iglesia-en-villar.es\/blog\/wp-content\/uploads\/2024\/07\/PHOTO-2024-07-19-10-07-47-250x352.jpg"}},"image_meta":{"aperture":"0","credit":"","camera":"","caption":"","created_timestamp":"0","copyright":"","focal_length":"0","iso":"0","shutter_speed":"0","title":"","orientation":"0","keywords":[]}},"post":null,"source_url":"https:\/\/iglesia-en-villar.es\/blog\/wp-content\/uploads\/2024\/07\/PHOTO-2024-07-19-10-07-47.jpg"},"read":true,"_links":{"self":[{"href":"https:\/\/iglesia-en-villar.es\/blog\/wp-json\/wp\/v2\/posts\/10530","targetHints":{"allow":["GET"]}}],"collection":[{"href":"https:\/\/iglesia-en-villar.es\/blog\/wp-json\/wp\/v2\/posts"}],"about":[{"href":"https:\/\/iglesia-en-villar.es\/blog\/wp-json\/wp\/v2\/types\/post"}],"author":[{"embeddable":true,"href":"https:\/\/iglesia-en-villar.es\/blog\/wp-json\/wp\/v2\/users\/53745"}],"replies":[{"embeddable":true,"href":"https:\/\/iglesia-en-villar.es\/blog\/wp-json\/wp\/v2\/comments?post=10530"}],"version-history":[{"count":1,"href":"https:\/\/iglesia-en-villar.es\/blog\/wp-json\/wp\/v2\/posts\/10530\/revisions"}],"predecessor-version":[{"id":10531,"href":"https:\/\/iglesia-en-villar.es\/blog\/wp-json\/wp\/v2\/posts\/10530\/revisions\/10531"}],"wp:featuredmedia":[{"embeddable":true,"href":"https:\/\/iglesia-en-villar.es\/blog\/wp-json\/wp\/v2\/media\/10520"}],"wp:attachment":[{"href":"https:\/\/iglesia-en-villar.es\/blog\/wp-json\/wp\/v2\/media?parent=10530"}],"wp:term":[{"taxonomy":"category","embeddable":true,"href":"https:\/\/iglesia-en-villar.es\/blog\/wp-json\/wp\/v2\/categories?post=10530"},{"taxonomy":"post_tag","embeddable":true,"href":"https:\/\/iglesia-en-villar.es\/blog\/wp-json\/wp\/v2\/tags?post=10530"}],"curies":[{"name":"wp","href":"https:\/\/api.w.org\/{rel}","templated":true}]}}