{"id":10543,"date":"2024-07-26T09:41:01","date_gmt":"2024-07-26T08:41:01","guid":{"rendered":"https:\/\/iglesia-en-villar.es\/blog\/?p=10543"},"modified":"2024-07-26T09:41:03","modified_gmt":"2024-07-26T08:41:03","slug":"editorial-229","status":"publish","type":"post","link":"https:\/\/iglesia-en-villar.es\/blog\/2024\/07\/26\/editorial-229\/","title":{"rendered":"Editorial"},"content":{"rendered":"\n<p><strong>\u00a1Nuestros mayores, un tesoro para la Iglesia!<\/strong><\/p>\n\n\n\n<p>Este domingo celebramos la IV Jornada Mundial de las Personas Mayores. Y qu\u00e9 mejor ocasi\u00f3n para reconocer y agradecer la invaluable contribuci\u00f3n de nuestros mayores a nuestra comunidad cristiana.<\/p>\n\n\n\n<p>En Villar del Arzobispo, como en muchas otras localidades, nuestras parroquias est\u00e1n conformadas en gran medida por personas mayores. Y esto no es una casualidad, sino un signo de esperanza y alegr\u00eda. Porque en la vejez reside una riqueza inmensa: la experiencia, la sabidur\u00eda acumulada a lo largo de una vida vivida con fe, esperanza y caridad.<\/p>\n\n\n\n<p>El lema de esta jornada, \u00aben la vejez no me abandones\u00bb, nos invita a reflexionar sobre la fecundidad de la edad. La edad no es un impedimento para seguir creciendo en la fe, para seguir siendo disc\u00edpulos misioneros de Jes\u00fas. Al contrario, la experiencia vivida nos permite ser testigos cre\u00edbles del amor de Dios en medio del mundo.<\/p>\n\n\n\n<p>Sin embargo, sabemos que muchos de nuestros mayores se han ido alejando de la Iglesia. Quiz\u00e1s por las dificultades de la vida, por los cambios en la sociedad o simplemente por la rutina. Pero queremos invitarlos a regresar a nuestra casa com\u00fan, a reencontrarse con esa alegr\u00eda que sintieron en su juventud al vivir su fe sin prejuicios ni miedos.<\/p>\n\n\n\n<p>En Villar del Arzobispo tenemos una comunidad de mayores con una gran riqueza espiritual. Sus vidas son un testimonio de fe, de esperanza y de amor. Y queremos que se sientan queridos, valorados y acompa\u00f1ados.<\/p>\n\n\n\n<p>Pidamos la intercesi\u00f3n de San Joaqu\u00edn y Santa Ana, los padres de la Virgen Mar\u00eda y abuelos de Jes\u00fas, para que nuestros mayores puedan seguir dando frutos en la vejez, y para que nuestra comunidad cristiana sea cada vez m\u00e1s acogedora y solidaria con todos sus miembros.<\/p>\n\n\n\n<p>\u00a1Ven y celebra con nosotros!<\/p><p><\/p>\n","protected":false},"excerpt":{"rendered":"<p>\u00a1Nuestros mayores, un tesoro para la Iglesia! Este domingo celebramos la IV Jornada Mundial de las Personas Mayores. Y qu\u00e9 mejor ocasi\u00f3n para reconocer y agradecer la invaluable contribuci\u00f3n de nuestros mayores a nuestra comunidad cristiana. En Villar del Arzobispo, como en muchas otras localidades, nuestras parroquias est\u00e1n conformadas en gran medida por personas mayores. Y esto no es una&#8230;<\/p>\n<p> <a class=\"continue-reading-link\" href=\"https:\/\/iglesia-en-villar.es\/blog\/2024\/07\/26\/editorial-229\/\"><span>Leer m\u00e1s<\/span><i class=\"crycon-right-dir\"><\/i><\/a> <\/p>\n","protected":false},"author":53745,"featured_media":10535,"comment_status":"open","ping_status":"open","sticky":false,"template":"","format":"standard","meta":{"inline_featured_image":false,"footnotes":""},"categories":[13],"tags":[],"class_list":["post-10543","post","type-post","status-publish","format-standard","has-post-thumbnail","hentry","category-editorial"],"better_featured_image":{"id":10535,"alt_text":"","caption":"","description":"","media_type":"image","media_details":{"width":500,"height":281,"file":"2024\/07\/PHOTO-2024-07-25-18-14-59.jpg","filesize":26166,"sizes":{"medium":{"file":"PHOTO-2024-07-25-18-14-59-300x169.jpg","width":300,"height":169,"mime-type":"image\/jpeg","filesize":9739,"source_url":"https:\/\/iglesia-en-villar.es\/blog\/wp-content\/uploads\/2024\/07\/PHOTO-2024-07-25-18-14-59-300x169.jpg"},"thumbnail":{"file":"PHOTO-2024-07-25-18-14-59-150x150.jpg","width":150,"height":150,"mime-type":"image\/jpeg","filesize":5537,"source_url":"https:\/\/iglesia-en-villar.es\/blog\/wp-content\/uploads\/2024\/07\/PHOTO-2024-07-25-18-14-59-150x150.jpg"},"post-thumbnail":{"file":"PHOTO-2024-07-25-18-14-59-150x84.jpg","width":150,"height":84,"mime-type":"image\/jpeg","filesize":3491,"source_url":"https:\/\/iglesia-en-villar.es\/blog\/wp-content\/uploads\/2024\/07\/PHOTO-2024-07-25-18-14-59-150x84.jpg"},"header":{"file":"PHOTO-2024-07-25-18-14-59-500x230.jpg","width":500,"height":230,"mime-type":"image\/jpeg","filesize":22973,"source_url":"https:\/\/iglesia-en-villar.es\/blog\/wp-content\/uploads\/2024\/07\/PHOTO-2024-07-25-18-14-59-500x230.jpg"},"columns":{"file":"PHOTO-2024-07-25-18-14-59-330x281.jpg","width":330,"height":281,"mime-type":"image\/jpeg","filesize":19608,"source_url":"https:\/\/iglesia-en-villar.es\/blog\/wp-content\/uploads\/2024\/07\/PHOTO-2024-07-25-18-14-59-330x281.jpg"},"custom":{"file":"PHOTO-2024-07-25-18-14-59-250x141.jpg","width":250,"height":141,"mime-type":"image\/jpeg","filesize":7303,"source_url":"https:\/\/iglesia-en-villar.es\/blog\/wp-content\/uploads\/2024\/07\/PHOTO-2024-07-25-18-14-59-250x141.jpg"}},"image_meta":{"aperture":"0","credit":"","camera":"","caption":"","created_timestamp":"0","copyright":"","focal_length":"0","iso":"0","shutter_speed":"0","title":"","orientation":"0","keywords":[]}},"post":null,"source_url":"https:\/\/iglesia-en-villar.es\/blog\/wp-content\/uploads\/2024\/07\/PHOTO-2024-07-25-18-14-59.jpg"},"read":true,"_links":{"self":[{"href":"https:\/\/iglesia-en-villar.es\/blog\/wp-json\/wp\/v2\/posts\/10543","targetHints":{"allow":["GET"]}}],"collection":[{"href":"https:\/\/iglesia-en-villar.es\/blog\/wp-json\/wp\/v2\/posts"}],"about":[{"href":"https:\/\/iglesia-en-villar.es\/blog\/wp-json\/wp\/v2\/types\/post"}],"author":[{"embeddable":true,"href":"https:\/\/iglesia-en-villar.es\/blog\/wp-json\/wp\/v2\/users\/53745"}],"replies":[{"embeddable":true,"href":"https:\/\/iglesia-en-villar.es\/blog\/wp-json\/wp\/v2\/comments?post=10543"}],"version-history":[{"count":1,"href":"https:\/\/iglesia-en-villar.es\/blog\/wp-json\/wp\/v2\/posts\/10543\/revisions"}],"predecessor-version":[{"id":10544,"href":"https:\/\/iglesia-en-villar.es\/blog\/wp-json\/wp\/v2\/posts\/10543\/revisions\/10544"}],"wp:featuredmedia":[{"embeddable":true,"href":"https:\/\/iglesia-en-villar.es\/blog\/wp-json\/wp\/v2\/media\/10535"}],"wp:attachment":[{"href":"https:\/\/iglesia-en-villar.es\/blog\/wp-json\/wp\/v2\/media?parent=10543"}],"wp:term":[{"taxonomy":"category","embeddable":true,"href":"https:\/\/iglesia-en-villar.es\/blog\/wp-json\/wp\/v2\/categories?post=10543"},{"taxonomy":"post_tag","embeddable":true,"href":"https:\/\/iglesia-en-villar.es\/blog\/wp-json\/wp\/v2\/tags?post=10543"}],"curies":[{"name":"wp","href":"https:\/\/api.w.org\/{rel}","templated":true}]}}