{"id":10561,"date":"2024-08-10T11:15:15","date_gmt":"2024-08-10T10:15:15","guid":{"rendered":"https:\/\/iglesia-en-villar.es\/blog\/?p=10561"},"modified":"2024-08-10T11:15:16","modified_gmt":"2024-08-10T10:15:16","slug":"avisos-210","status":"publish","type":"post","link":"https:\/\/iglesia-en-villar.es\/blog\/2024\/08\/10\/avisos-210\/","title":{"rendered":"Avisos"},"content":{"rendered":"\n<p><strong>HORARIOS FIESTAS PATRONALES 2024<\/strong><\/p>\n\n\n\n<p>Dias 12, 13 y 14 a las 20 horas (8 de la tarde) TRIDUO de preparaci\u00f3n para la \ufb01eta de la Asunci\u00f3n de la Sant\u00edsima Vigen a los cielos<\/p>\n\n\n\n<p><strong>D\u00eda 15 SOLEMNIDAD DE LA ASUNCI\u00d3N DE LA VIRGEN<\/strong><\/p>\n\n\n\n<p>8 H ROSARIO DE LA AURORA Y VOLTEO SOLEMNE DE CAMPANAS<\/p>\n\n\n\n<p>12 H MISA SOLEMNE DE MARIA ASUNTA A LOS CIELOS<\/p>\n\n\n\n<p>19,30 H TEMPLO MISA Y A CONTINUACI\u00d3N SOLEMNE PROCESI\u00d3N.<\/p>\n\n\n\n<p><strong>DIA 16 SOLEMNIDAD DE SAN ROQUE PATRON DE VILLAR DEL ARZOBISPO<\/strong><\/p>\n\n\n\n<p>9 H VOLTEO SOLEMNE DE CAMPANAS<\/p>\n\n\n\n<p>12 H MISA SOLEMNE ACCI\u00d3N DE GRACIAS A SAN ROQUE.<\/p>\n\n\n\n<p>19,30 H TEMPLO MISA Y A CONTINUACI\u00d3N SOLEMNE PROCESI\u00d3N<\/p>\n\n\n\n<p><strong>DIA 18 CELEBRACION A SAN CRIST\u00d3BAL Y A SAN ISIDRO<\/strong><\/p>\n\n\n\n<p>12 H TEMPLO MISA SOLEMNE EN ACCI\u00d3N DE GRACIAS A SAN CRIST\u00d3BAL Y SAN ISIDRO.<\/p>\n\n\n\n<p><strong>DIA 19 MISA POR LOS DIFUNTOS DE LA PARROQUIA<\/strong><\/p>\n\n\n\n<p>20 HORAS EUCARIST\u00cdA por los difuntos de nuestra Parroquia<\/p><p><\/p>\n","protected":false},"excerpt":{"rendered":"<p>HORARIOS FIESTAS PATRONALES 2024 Dias 12, 13 y 14 a las 20 horas (8 de la tarde) TRIDUO de preparaci\u00f3n para la \ufb01eta de la Asunci\u00f3n de la Sant\u00edsima Vigen a los cielos D\u00eda 15 SOLEMNIDAD DE LA ASUNCI\u00d3N DE LA VIRGEN 8 H ROSARIO DE LA AURORA Y VOLTEO SOLEMNE DE CAMPANAS 12 H MISA SOLEMNE DE MARIA ASUNTA&#8230;<\/p>\n<p> <a class=\"continue-reading-link\" href=\"https:\/\/iglesia-en-villar.es\/blog\/2024\/08\/10\/avisos-210\/\"><span>Leer m\u00e1s<\/span><i class=\"crycon-right-dir\"><\/i><\/a> <\/p>\n","protected":false},"author":53745,"featured_media":10129,"comment_status":"open","ping_status":"open","sticky":false,"template":"","format":"standard","meta":{"inline_featured_image":false,"footnotes":""},"categories":[10],"tags":[],"class_list":["post-10561","post","type-post","status-publish","format-standard","has-post-thumbnail","hentry","category-avisos"],"better_featured_image":{"id":10129,"alt_text":"","caption":"","description":"","media_type":"image","media_details":{"width":231,"height":219,"file":"2023\/12\/Avisos.jpeg","filesize":5103,"sizes":{"thumbnail":{"file":"Avisos-150x150.jpeg","width":150,"height":150,"mime-type":"image\/jpeg","filesize":3790,"source_url":"https:\/\/iglesia-en-villar.es\/blog\/wp-content\/uploads\/2023\/12\/Avisos-150x150.jpeg"},"post-thumbnail":{"file":"Avisos-150x142.jpeg","width":150,"height":142,"mime-type":"image\/jpeg","filesize":3552,"source_url":"https:\/\/iglesia-en-villar.es\/blog\/wp-content\/uploads\/2023\/12\/Avisos-150x142.jpeg"}},"image_meta":{"aperture":"0","credit":"","camera":"","caption":"","created_timestamp":"0","copyright":"","focal_length":"0","iso":"0","shutter_speed":"0","title":"","orientation":"0","keywords":[]}},"post":null,"source_url":"https:\/\/iglesia-en-villar.es\/blog\/wp-content\/uploads\/2023\/12\/Avisos.jpeg"},"read":true,"_links":{"self":[{"href":"https:\/\/iglesia-en-villar.es\/blog\/wp-json\/wp\/v2\/posts\/10561","targetHints":{"allow":["GET"]}}],"collection":[{"href":"https:\/\/iglesia-en-villar.es\/blog\/wp-json\/wp\/v2\/posts"}],"about":[{"href":"https:\/\/iglesia-en-villar.es\/blog\/wp-json\/wp\/v2\/types\/post"}],"author":[{"embeddable":true,"href":"https:\/\/iglesia-en-villar.es\/blog\/wp-json\/wp\/v2\/users\/53745"}],"replies":[{"embeddable":true,"href":"https:\/\/iglesia-en-villar.es\/blog\/wp-json\/wp\/v2\/comments?post=10561"}],"version-history":[{"count":1,"href":"https:\/\/iglesia-en-villar.es\/blog\/wp-json\/wp\/v2\/posts\/10561\/revisions"}],"predecessor-version":[{"id":10562,"href":"https:\/\/iglesia-en-villar.es\/blog\/wp-json\/wp\/v2\/posts\/10561\/revisions\/10562"}],"wp:featuredmedia":[{"embeddable":true,"href":"https:\/\/iglesia-en-villar.es\/blog\/wp-json\/wp\/v2\/media\/10129"}],"wp:attachment":[{"href":"https:\/\/iglesia-en-villar.es\/blog\/wp-json\/wp\/v2\/media?parent=10561"}],"wp:term":[{"taxonomy":"category","embeddable":true,"href":"https:\/\/iglesia-en-villar.es\/blog\/wp-json\/wp\/v2\/categories?post=10561"},{"taxonomy":"post_tag","embeddable":true,"href":"https:\/\/iglesia-en-villar.es\/blog\/wp-json\/wp\/v2\/tags?post=10561"}],"curies":[{"name":"wp","href":"https:\/\/api.w.org\/{rel}","templated":true}]}}