{"id":10633,"date":"2024-09-13T10:45:26","date_gmt":"2024-09-13T09:45:26","guid":{"rendered":"https:\/\/iglesia-en-villar.es\/blog\/?p=10633"},"modified":"2024-09-13T10:45:27","modified_gmt":"2024-09-13T09:45:27","slug":"avisos-215","status":"publish","type":"post","link":"https:\/\/iglesia-en-villar.es\/blog\/2024\/09\/13\/avisos-215\/","title":{"rendered":"Avisos"},"content":{"rendered":"\n<p><strong>INSCRIPCI\u00d3N CATEQUESIS PRIMERA COMUNI\u00d3N<\/strong><\/p>\n\n\n\n<p>Durante el mes de septiembre, se abre la inscripci\u00f3n para las catequesis de primera comuni\u00f3n.<\/p>\n\n\n\n<p>Todos los jueves de 11h a 13h en los locales parroquiales.<\/p>\n\n\n\n<p>El domingo 29 de septiembre a las 11h comenzar\u00e1n las catequesis para todos los cursos.<\/p>\n\n\n\n<p><strong>BAUTIZOS<\/strong><\/p>\n\n\n\n<p>Con inmensa alegr\u00eda anunciamos, que el pr\u00f3ximo s\u00e1bado 21 de septiembre a las 12h, Aitana recibir\u00e1 el Sacramento del Bautismo.<\/p>\n\n\n\n<p>Enhorabuena a toda la familia.<\/p><p><\/p>\n","protected":false},"excerpt":{"rendered":"<p>INSCRIPCI\u00d3N CATEQUESIS PRIMERA COMUNI\u00d3N Durante el mes de septiembre, se abre la inscripci\u00f3n para las catequesis de primera comuni\u00f3n. Todos los jueves de 11h a 13h en los locales parroquiales. El domingo 29 de septiembre a las 11h comenzar\u00e1n las catequesis para todos los cursos. BAUTIZOS Con inmensa alegr\u00eda anunciamos, que el pr\u00f3ximo s\u00e1bado 21 de septiembre a las 12h,&#8230;<\/p>\n<p> <a class=\"continue-reading-link\" href=\"https:\/\/iglesia-en-villar.es\/blog\/2024\/09\/13\/avisos-215\/\"><span>Leer m\u00e1s<\/span><i class=\"crycon-right-dir\"><\/i><\/a> <\/p>\n","protected":false},"author":53745,"featured_media":10129,"comment_status":"open","ping_status":"open","sticky":false,"template":"","format":"standard","meta":{"inline_featured_image":false,"footnotes":""},"categories":[10],"tags":[],"class_list":["post-10633","post","type-post","status-publish","format-standard","has-post-thumbnail","hentry","category-avisos"],"better_featured_image":{"id":10129,"alt_text":"","caption":"","description":"","media_type":"image","media_details":{"width":231,"height":219,"file":"2023\/12\/Avisos.jpeg","filesize":5103,"sizes":{"thumbnail":{"file":"Avisos-150x150.jpeg","width":150,"height":150,"mime-type":"image\/jpeg","filesize":3790,"source_url":"https:\/\/iglesia-en-villar.es\/blog\/wp-content\/uploads\/2023\/12\/Avisos-150x150.jpeg"},"post-thumbnail":{"file":"Avisos-150x142.jpeg","width":150,"height":142,"mime-type":"image\/jpeg","filesize":3552,"source_url":"https:\/\/iglesia-en-villar.es\/blog\/wp-content\/uploads\/2023\/12\/Avisos-150x142.jpeg"}},"image_meta":{"aperture":"0","credit":"","camera":"","caption":"","created_timestamp":"0","copyright":"","focal_length":"0","iso":"0","shutter_speed":"0","title":"","orientation":"0","keywords":[]}},"post":null,"source_url":"https:\/\/iglesia-en-villar.es\/blog\/wp-content\/uploads\/2023\/12\/Avisos.jpeg"},"read":true,"_links":{"self":[{"href":"https:\/\/iglesia-en-villar.es\/blog\/wp-json\/wp\/v2\/posts\/10633","targetHints":{"allow":["GET"]}}],"collection":[{"href":"https:\/\/iglesia-en-villar.es\/blog\/wp-json\/wp\/v2\/posts"}],"about":[{"href":"https:\/\/iglesia-en-villar.es\/blog\/wp-json\/wp\/v2\/types\/post"}],"author":[{"embeddable":true,"href":"https:\/\/iglesia-en-villar.es\/blog\/wp-json\/wp\/v2\/users\/53745"}],"replies":[{"embeddable":true,"href":"https:\/\/iglesia-en-villar.es\/blog\/wp-json\/wp\/v2\/comments?post=10633"}],"version-history":[{"count":1,"href":"https:\/\/iglesia-en-villar.es\/blog\/wp-json\/wp\/v2\/posts\/10633\/revisions"}],"predecessor-version":[{"id":10634,"href":"https:\/\/iglesia-en-villar.es\/blog\/wp-json\/wp\/v2\/posts\/10633\/revisions\/10634"}],"wp:featuredmedia":[{"embeddable":true,"href":"https:\/\/iglesia-en-villar.es\/blog\/wp-json\/wp\/v2\/media\/10129"}],"wp:attachment":[{"href":"https:\/\/iglesia-en-villar.es\/blog\/wp-json\/wp\/v2\/media?parent=10633"}],"wp:term":[{"taxonomy":"category","embeddable":true,"href":"https:\/\/iglesia-en-villar.es\/blog\/wp-json\/wp\/v2\/categories?post=10633"},{"taxonomy":"post_tag","embeddable":true,"href":"https:\/\/iglesia-en-villar.es\/blog\/wp-json\/wp\/v2\/tags?post=10633"}],"curies":[{"name":"wp","href":"https:\/\/api.w.org\/{rel}","templated":true}]}}