{"id":10678,"date":"2024-10-04T10:40:03","date_gmt":"2024-10-04T09:40:03","guid":{"rendered":"https:\/\/iglesia-en-villar.es\/blog\/?p=10678"},"modified":"2024-10-04T10:40:04","modified_gmt":"2024-10-04T09:40:04","slug":"intenciones-de-misas-48","status":"publish","type":"post","link":"https:\/\/iglesia-en-villar.es\/blog\/2024\/10\/04\/intenciones-de-misas-48\/","title":{"rendered":"Intenciones de Misas"},"content":{"rendered":"\n<p><strong>LUNES <\/strong><strong>7<\/strong><\/p>\n\n\n\n<p>18,30 H TEMPLO SANTO ROSARIO<\/p>\n\n\n\n<p>19 H TEMPLO MISA.<\/p>\n\n\n\n<p>Sufragio de: Paz Tortajada M\u00ednguez \u2013 In\u00e9s M\u00ednguez Estevan.<\/p>\n\n\n\n<p><strong>MARTES <\/strong><strong>8<\/strong><\/p>\n\n\n\n<p>8,30 H CONVENTO<\/p>\n\n\n\n<p>18,30 H TEMPLO SANTO ROSARIO<\/p>\n\n\n\n<p>19 H TEMPLO MISA.<\/p>\n\n\n\n<p><strong>ANIVERSARIO FUNERAL DE CESAR SALVO GARC\u00cdA.<\/strong><\/p>\n\n\n\n<p><strong>MI\u00c9RCOLES<\/strong><strong>9<\/strong><\/p>\n\n\n\n<p>8,30 H CONVENTO<\/p>\n\n\n\n<p>9,30 H TEMPLO SANTO ROSARIO<\/p>\n\n\n\n<p>10 H TEMPLO MISA.<\/p>\n\n\n\n<p>Sufragio de Trinidad, Pepe e Hijos.<\/p>\n\n\n\n<p><strong>JUEVES 10<\/strong><\/p>\n\n\n\n<p>8,30 H CONVENTO<\/p>\n\n\n\n<p>18,30 H TEMPLO SANTO ROSARIO<\/p>\n\n\n\n<p>19 H TEMPLO MISA<\/p>\n\n\n\n<p>Sufragio de Paz L\u00f3pez Contel.<\/p>\n\n\n\n<p>A CONTINUACI\u00d3N EXPOSICI\u00d3N DEL SANT\u00cdSIMO.<\/p>\n\n\n\n<p><strong>VIERNES <\/strong><strong>11<\/strong><\/p>\n\n\n\n<p>8,30 H CONVENTO<\/p>\n\n\n\n<p>18 H TEMPLO SANTO ROSARIO<\/p>\n\n\n\n<p>19 H TEMPLO MISA<\/p>\n\n\n\n<p>Sufragio de: Ana Bel\u00e9n Adri\u00e1n Serra \u2013 Pascual Molina Ram\u00edrez \u2013 Fernando Montero Castellano.<\/p>\n\n\n\n<p><strong>S\u00c1BADO <\/strong><strong>12 FESTIVIDAD DE LA VIRGEN DEL PILAR<\/strong><\/p>\n\n\n\n<p>8,30 H CONVENTO.<\/p>\n\n\n\n<p><strong>12 H TEMPLO<\/strong><\/p>\n\n\n\n<p><strong>EUCARIST\u00cdA EN HONOR DE LA VIRGEN DEL PILAR.<\/strong><\/p>\n\n\n\n<p>18,30 H TEMPLO SANTO ROSARIO<\/p>\n\n\n\n<p>19 H TEMPLO MISA<\/p>\n\n\n\n<p>Sufragio de: Pilar Castellano \u2013 Bautista Gordo Cervera \u2013 Pilar Cervera Merenciano \u2013 Acci\u00f3n de Gracias a la Virgen de la Paz.<\/p>\n\n\n\n<p><strong>DOMINGO <\/strong><strong>13<\/strong><\/p>\n\n\n\n<p>9 H CONVENTO<\/p>\n\n\n\n<p>12,30 H TEMPLO MISA.<\/p>\n\n\n\n<p>Misa Propopulo.<\/p>\n<p>\u00a0<\/p>\n","protected":false},"excerpt":{"rendered":"<p>LUNES 7 18,30 H TEMPLO SANTO ROSARIO 19 H TEMPLO MISA. Sufragio de: Paz Tortajada M\u00ednguez \u2013 In\u00e9s M\u00ednguez Estevan. MARTES 8 8,30 H CONVENTO 18,30 H TEMPLO SANTO ROSARIO 19 H TEMPLO MISA. ANIVERSARIO FUNERAL DE CESAR SALVO GARC\u00cdA. MI\u00c9RCOLES9 8,30 H CONVENTO 9,30 H TEMPLO SANTO ROSARIO 10 H TEMPLO MISA. Sufragio de Trinidad, Pepe e Hijos. JUEVES&#8230;<\/p>\n<p> <a class=\"continue-reading-link\" href=\"https:\/\/iglesia-en-villar.es\/blog\/2024\/10\/04\/intenciones-de-misas-48\/\"><span>Leer m\u00e1s<\/span><i class=\"crycon-right-dir\"><\/i><\/a> <\/p>\n","protected":false},"author":53745,"featured_media":6644,"comment_status":"open","ping_status":"open","sticky":false,"template":"","format":"standard","meta":{"inline_featured_image":false,"footnotes":""},"categories":[3],"tags":[],"class_list":["post-10678","post","type-post","status-publish","format-standard","has-post-thumbnail","hentry","category-intenciones"],"better_featured_image":{"id":6644,"alt_text":"","caption":"cruz","description":"","media_type":"image","media_details":{"width":225,"height":225,"file":"2018\/05\/Unknown-2.jpeg","sizes":{"thumbnail":{"file":"Unknown-2-150x150.jpeg","width":150,"height":150,"mime-type":"image\/jpeg","source_url":"https:\/\/iglesia-en-villar.es\/blog\/wp-content\/uploads\/2018\/05\/Unknown-2-150x150.jpeg"},"post-thumbnail":{"file":"Unknown-2-150x150.jpeg","width":150,"height":150,"mime-type":"image\/jpeg","source_url":"https:\/\/iglesia-en-villar.es\/blog\/wp-content\/uploads\/2018\/05\/Unknown-2-150x150.jpeg"}},"image_meta":{"aperture":"0","credit":"","camera":"","caption":"","created_timestamp":"0","copyright":"","focal_length":"0","iso":"0","shutter_speed":"0","title":"","orientation":"0","keywords":[]}},"post":null,"source_url":"https:\/\/iglesia-en-villar.es\/blog\/wp-content\/uploads\/2018\/05\/Unknown-2.jpeg"},"read":true,"_links":{"self":[{"href":"https:\/\/iglesia-en-villar.es\/blog\/wp-json\/wp\/v2\/posts\/10678","targetHints":{"allow":["GET"]}}],"collection":[{"href":"https:\/\/iglesia-en-villar.es\/blog\/wp-json\/wp\/v2\/posts"}],"about":[{"href":"https:\/\/iglesia-en-villar.es\/blog\/wp-json\/wp\/v2\/types\/post"}],"author":[{"embeddable":true,"href":"https:\/\/iglesia-en-villar.es\/blog\/wp-json\/wp\/v2\/users\/53745"}],"replies":[{"embeddable":true,"href":"https:\/\/iglesia-en-villar.es\/blog\/wp-json\/wp\/v2\/comments?post=10678"}],"version-history":[{"count":1,"href":"https:\/\/iglesia-en-villar.es\/blog\/wp-json\/wp\/v2\/posts\/10678\/revisions"}],"predecessor-version":[{"id":10679,"href":"https:\/\/iglesia-en-villar.es\/blog\/wp-json\/wp\/v2\/posts\/10678\/revisions\/10679"}],"wp:featuredmedia":[{"embeddable":true,"href":"https:\/\/iglesia-en-villar.es\/blog\/wp-json\/wp\/v2\/media\/6644"}],"wp:attachment":[{"href":"https:\/\/iglesia-en-villar.es\/blog\/wp-json\/wp\/v2\/media?parent=10678"}],"wp:term":[{"taxonomy":"category","embeddable":true,"href":"https:\/\/iglesia-en-villar.es\/blog\/wp-json\/wp\/v2\/categories?post=10678"},{"taxonomy":"post_tag","embeddable":true,"href":"https:\/\/iglesia-en-villar.es\/blog\/wp-json\/wp\/v2\/tags?post=10678"}],"curies":[{"name":"wp","href":"https:\/\/api.w.org\/{rel}","templated":true}]}}