{"id":10730,"date":"2024-11-02T11:20:17","date_gmt":"2024-11-02T10:20:17","guid":{"rendered":"https:\/\/iglesia-en-villar.es\/blog\/?p=10730"},"modified":"2024-11-02T11:20:19","modified_gmt":"2024-11-02T10:20:19","slug":"intenciones-de-misa-202","status":"publish","type":"post","link":"https:\/\/iglesia-en-villar.es\/blog\/2024\/11\/02\/intenciones-de-misa-202\/","title":{"rendered":"Intenciones de Misa"},"content":{"rendered":"\n<p><strong>LUNES 4<\/strong><\/p>\n\n\n\n<p>18,30 H TEMPLO SANTO ROSARIO<\/p>\n\n\n\n<p>19 H TEMPLO MISA.<\/p>\n\n\n\n<p>Sufragio de: Angeles Palomar Iba\u00f1ez \u2013 Miguel Mart\u00ednez hijo y familia \u2013 Matrimonio Jos\u00e9 Totajada y Dolores Miralles e hija Lola \u2013 Dolores Menina L\u00e1zaro \u2013 Ildefonsa Trotajada Mart\u00ednez y padres \u2013 Carmen L\u00e1zaro Tortajada \u2013 Rafael Iba\u00f1ez Minguez \u2013 Acci\u00f3n de Gracias a San Mart\u00edn de Porres de Limpiadoras del Templo \u2013 Difuntos de la familia de Fina.<\/p>\n\n\n\n<p><strong>MARTES 5<\/strong><\/p>\n\n\n\n<p>8,30 H CONVENTO<\/p>\n\n\n\n<p>18,30 H CONVENTO SANTO ROSARIO<\/p>\n\n\n\n<p>19 H TEMPLO MISA.<\/p>\n\n\n\n<p>Sufragio de Paz Tortajada Minguez \u2013 Maria Paz Palomar Llatas &#8211; Sufragio de Alfonso y Agustina.<\/p>\n\n\n\n<p><strong>MI\u00c9RCOLES 6<\/strong><\/p>\n\n\n\n<p>8,30 H CONVENTO<\/p>\n\n\n\n<p>18,30 H TEMPLO SANTO ROSARIO<\/p>\n\n\n\n<p>19 H TEMPLO MISA.<\/p>\n\n\n\n<p>Sufragio de Manolita Tortajada Iba\u00f1ez y padres \u2013 Serafina Estevan Minguez \u2013 Jose Luis Faubel Moreno.<\/p>\n\n\n\n<p><strong>JUEVES 7<\/strong><\/p>\n\n\n\n<p>8,30 H CONVENTO<\/p>\n\n\n\n<p>18,30 H TEMPLO SANTO ROSARIO<\/p>\n\n\n\n<p>19 H TEMPLO MISA<\/p>\n\n\n\n<p>Fundaci\u00f3n Difuntos de Dolores Iba\u00f1ez \u2013 Sufragio de los difuntos de la familia Cucarella-Palomar \u2013 Sufragio de Carmen Moreno Veintimila &#8211;<\/p>\n\n\n\n<p>A CONTINUACI\u00d3N EXPOSICI\u00d3N DEL SANT\u00cdSIMO.<\/p>\n\n\n\n<p><strong>VIERNES 8<\/strong><\/p>\n\n\n\n<p>9 H CONVENTO<\/p>\n\n\n\n<p>19 H TEMPLO MISA<\/p>\n\n\n\n<p>Sufragio de Trinidad, Pepe e hijo \u2013 Isabel Cervera P\u00e9rez \u2013 Acci\u00f3n de gracias a la Virgen del Pilar de la familia Cucarella-Palomar.<\/p>\n\n\n\n<p><strong>S\u00c1BADO 9<\/strong><\/p>\n\n\n\n<p>9 H CONVENTO<\/p>\n\n\n\n<p>19 H TEMPLO MISA<\/p>\n\n\n\n<p>Sufragio de Ana Bel\u00e9n Adri\u00e1n Serra \u2013 Acci\u00f3n de gracias a la Virgen de la Paz de una devota.<\/p>\n\n\n\n<p><strong>DOMINGO 10<\/strong><\/p>\n\n\n\n<p>9 H CONVENTO<\/p>\n\n\n\n<p>12,30 H TEMPLO MISA.<\/p>\n\n\n\n<p>Misa Propopulo.<\/p><p><\/p>\n","protected":false},"excerpt":{"rendered":"<p>LUNES 4 18,30 H TEMPLO SANTO ROSARIO 19 H TEMPLO MISA. Sufragio de: Angeles Palomar Iba\u00f1ez \u2013 Miguel Mart\u00ednez hijo y familia \u2013 Matrimonio Jos\u00e9 Totajada y Dolores Miralles e hija Lola \u2013 Dolores Menina L\u00e1zaro \u2013 Ildefonsa Trotajada Mart\u00ednez y padres \u2013 Carmen L\u00e1zaro Tortajada \u2013 Rafael Iba\u00f1ez Minguez \u2013 Acci\u00f3n de Gracias a San Mart\u00edn de Porres de&#8230;<\/p>\n<p> <a class=\"continue-reading-link\" href=\"https:\/\/iglesia-en-villar.es\/blog\/2024\/11\/02\/intenciones-de-misa-202\/\"><span>Leer m\u00e1s<\/span><i class=\"crycon-right-dir\"><\/i><\/a> <\/p>\n","protected":false},"author":53745,"featured_media":6644,"comment_status":"open","ping_status":"open","sticky":false,"template":"","format":"standard","meta":{"inline_featured_image":false,"footnotes":""},"categories":[3],"tags":[],"class_list":["post-10730","post","type-post","status-publish","format-standard","has-post-thumbnail","hentry","category-intenciones"],"better_featured_image":{"id":6644,"alt_text":"","caption":"cruz","description":"","media_type":"image","media_details":{"width":225,"height":225,"file":"2018\/05\/Unknown-2.jpeg","sizes":{"thumbnail":{"file":"Unknown-2-150x150.jpeg","width":150,"height":150,"mime-type":"image\/jpeg","source_url":"https:\/\/iglesia-en-villar.es\/blog\/wp-content\/uploads\/2018\/05\/Unknown-2-150x150.jpeg"},"post-thumbnail":{"file":"Unknown-2-150x150.jpeg","width":150,"height":150,"mime-type":"image\/jpeg","source_url":"https:\/\/iglesia-en-villar.es\/blog\/wp-content\/uploads\/2018\/05\/Unknown-2-150x150.jpeg"}},"image_meta":{"aperture":"0","credit":"","camera":"","caption":"","created_timestamp":"0","copyright":"","focal_length":"0","iso":"0","shutter_speed":"0","title":"","orientation":"0","keywords":[]}},"post":null,"source_url":"https:\/\/iglesia-en-villar.es\/blog\/wp-content\/uploads\/2018\/05\/Unknown-2.jpeg"},"read":true,"_links":{"self":[{"href":"https:\/\/iglesia-en-villar.es\/blog\/wp-json\/wp\/v2\/posts\/10730","targetHints":{"allow":["GET"]}}],"collection":[{"href":"https:\/\/iglesia-en-villar.es\/blog\/wp-json\/wp\/v2\/posts"}],"about":[{"href":"https:\/\/iglesia-en-villar.es\/blog\/wp-json\/wp\/v2\/types\/post"}],"author":[{"embeddable":true,"href":"https:\/\/iglesia-en-villar.es\/blog\/wp-json\/wp\/v2\/users\/53745"}],"replies":[{"embeddable":true,"href":"https:\/\/iglesia-en-villar.es\/blog\/wp-json\/wp\/v2\/comments?post=10730"}],"version-history":[{"count":1,"href":"https:\/\/iglesia-en-villar.es\/blog\/wp-json\/wp\/v2\/posts\/10730\/revisions"}],"predecessor-version":[{"id":10731,"href":"https:\/\/iglesia-en-villar.es\/blog\/wp-json\/wp\/v2\/posts\/10730\/revisions\/10731"}],"wp:featuredmedia":[{"embeddable":true,"href":"https:\/\/iglesia-en-villar.es\/blog\/wp-json\/wp\/v2\/media\/6644"}],"wp:attachment":[{"href":"https:\/\/iglesia-en-villar.es\/blog\/wp-json\/wp\/v2\/media?parent=10730"}],"wp:term":[{"taxonomy":"category","embeddable":true,"href":"https:\/\/iglesia-en-villar.es\/blog\/wp-json\/wp\/v2\/categories?post=10730"},{"taxonomy":"post_tag","embeddable":true,"href":"https:\/\/iglesia-en-villar.es\/blog\/wp-json\/wp\/v2\/tags?post=10730"}],"curies":[{"name":"wp","href":"https:\/\/api.w.org\/{rel}","templated":true}]}}