{"id":10732,"date":"2024-11-02T11:24:03","date_gmt":"2024-11-02T10:24:03","guid":{"rendered":"https:\/\/iglesia-en-villar.es\/blog\/?p=10732"},"modified":"2024-11-02T11:24:05","modified_gmt":"2024-11-02T10:24:05","slug":"rincon-carmelitano-251","status":"publish","type":"post","link":"https:\/\/iglesia-en-villar.es\/blog\/2024\/11\/02\/rincon-carmelitano-251\/","title":{"rendered":"Rinc\u00f3n Carmelitano"},"content":{"rendered":"\n<p class=\"has-text-align-center\"><strong>DIOS NECESITA AMIGOS FUERTES DE DIOS EN ESTOS TIEMPOS RECIOS<\/strong><\/p>\n\n\n\n<p style=\"text-align: center;\"><strong> (<\/strong><em><strong> Libro de la vida de Santa Teresa de Jes\u00fas, 15, 5<\/strong><\/em>)<\/p>\n\n\n\n<p>\u00bb No os espant\u00e9is hijas de la muchas cosa que es menester mirar para comenzar este viaje divino, que es camino real para el cielo. Tornando a los que que quieren ir por \u00e9l y no parar hasta el fin que es llegar a beber de esta agua de vida, c\u00f3mo han de comenzar, que importa mucho, y el todo, una grande y muy determinada determinaci\u00f3n de no parar hasta llegar a ella, venga lo que viniere, suceda lo que sucediere, trab\u00e1jarse lo que se trabajare, murmure quien murmure, siquiera llegue all\u00e1, si quiera se muera en el camino o no tenga coraz\u00f3n para los trabajos que hay en \u00e9l, si quiera se hunda el mundo\u00bb (Camino 21, 2)<\/p>\n\n\n\n<p>Con esta firme determinaci\u00f3n anima Teresa a sus monjas y nos alienta a todos a no tener miedo a entrar en este camino de la oraci\u00f3n que es el seguir a Jes\u00fas.<\/p>\n\n\n\n<p>Teresa, como gran maestra de oraci\u00f3n, nos ilumina el camino con una luz que brota de su coraz\u00f3n y que es fruto de su propia experiencia espiritual y humana, reconocida por la Iglesia al nombrarla la primera mujer doctora de la Iglesia.<\/p>\n\n\n\n<p>La contemplaci\u00f3n es eje central de nuestra vida, una contemplaci\u00f3n integrada en la vida sencilla y cotidiana al estilo del hogar de Nazaret. Una contemplaci\u00f3n que hace presente a Jes\u00fas en nuestras vidas y que es el centro y sentido de todo cuanto realizamos. Teniendo siempre como Modelo de vida de oraci\u00f3n a Mar\u00eda, nuestra Madre que desde el silencio y el servicio pone su vida a disposici\u00f3n de la obra de Dios.<\/p>\n\n\n\n<p>Teresa nos invita a participar de su peculiar modo de vivir la oraci\u00f3n, ya que para ella: \u00abQue no es otra cosa oraci\u00f3n, a mi parecer, sino tratad de amistad, estando muchas veces tratando a solas con quien sabemos nos ama\u00bb(Vida 8,5) Con quien sabemos nos ama, nadie, ninguno, ninguna de nosotros podr\u00eda lanzarse a semejante aventura si no sintiese, en lo m\u00e1s profundo de su ser, que es inmensamente amado por Dios.<\/p>\n\n\n\n<p>Hermanas Carmelitas<\/p><p><\/p>\n","protected":false},"excerpt":{"rendered":"<p>DIOS NECESITA AMIGOS FUERTES DE DIOS EN ESTOS TIEMPOS RECIOS ( Libro de la vida de Santa Teresa de Jes\u00fas, 15, 5) \u00bb No os espant\u00e9is hijas de la muchas cosa que es menester mirar para comenzar este viaje divino, que es camino real para el cielo. Tornando a los que que quieren ir por \u00e9l y no parar hasta&#8230;<\/p>\n<p> <a class=\"continue-reading-link\" href=\"https:\/\/iglesia-en-villar.es\/blog\/2024\/11\/02\/rincon-carmelitano-251\/\"><span>Leer m\u00e1s<\/span><i class=\"crycon-right-dir\"><\/i><\/a> <\/p>\n","protected":false},"author":53745,"featured_media":10724,"comment_status":"open","ping_status":"open","sticky":false,"template":"","format":"standard","meta":{"inline_featured_image":false,"footnotes":""},"categories":[5],"tags":[],"class_list":["post-10732","post","type-post","status-publish","format-standard","has-post-thumbnail","hentry","category-monasterio"],"better_featured_image":{"id":10724,"alt_text":"","caption":"","description":"","media_type":"image","media_details":{"width":202,"height":258,"file":"2024\/11\/ZZRINCON.png","filesize":123011,"sizes":{"thumbnail":{"file":"ZZRINCON-150x150.png","width":150,"height":150,"mime-type":"image\/png","filesize":48705,"source_url":"https:\/\/iglesia-en-villar.es\/blog\/wp-content\/uploads\/2024\/11\/ZZRINCON-150x150.png"},"post-thumbnail":{"file":"ZZRINCON-117x150.png","width":117,"height":150,"mime-type":"image\/png","filesize":38378,"source_url":"https:\/\/iglesia-en-villar.es\/blog\/wp-content\/uploads\/2024\/11\/ZZRINCON-117x150.png"},"header":{"file":"ZZRINCON-202x230.png","width":202,"height":230,"mime-type":"image\/png","filesize":109794,"source_url":"https:\/\/iglesia-en-villar.es\/blog\/wp-content\/uploads\/2024\/11\/ZZRINCON-202x230.png"}},"image_meta":{"aperture":"0","credit":"","camera":"","caption":"","created_timestamp":"0","copyright":"","focal_length":"0","iso":"0","shutter_speed":"0","title":"","orientation":"0","keywords":[]}},"post":null,"source_url":"https:\/\/iglesia-en-villar.es\/blog\/wp-content\/uploads\/2024\/11\/ZZRINCON.png"},"read":true,"_links":{"self":[{"href":"https:\/\/iglesia-en-villar.es\/blog\/wp-json\/wp\/v2\/posts\/10732","targetHints":{"allow":["GET"]}}],"collection":[{"href":"https:\/\/iglesia-en-villar.es\/blog\/wp-json\/wp\/v2\/posts"}],"about":[{"href":"https:\/\/iglesia-en-villar.es\/blog\/wp-json\/wp\/v2\/types\/post"}],"author":[{"embeddable":true,"href":"https:\/\/iglesia-en-villar.es\/blog\/wp-json\/wp\/v2\/users\/53745"}],"replies":[{"embeddable":true,"href":"https:\/\/iglesia-en-villar.es\/blog\/wp-json\/wp\/v2\/comments?post=10732"}],"version-history":[{"count":1,"href":"https:\/\/iglesia-en-villar.es\/blog\/wp-json\/wp\/v2\/posts\/10732\/revisions"}],"predecessor-version":[{"id":10733,"href":"https:\/\/iglesia-en-villar.es\/blog\/wp-json\/wp\/v2\/posts\/10732\/revisions\/10733"}],"wp:featuredmedia":[{"embeddable":true,"href":"https:\/\/iglesia-en-villar.es\/blog\/wp-json\/wp\/v2\/media\/10724"}],"wp:attachment":[{"href":"https:\/\/iglesia-en-villar.es\/blog\/wp-json\/wp\/v2\/media?parent=10732"}],"wp:term":[{"taxonomy":"category","embeddable":true,"href":"https:\/\/iglesia-en-villar.es\/blog\/wp-json\/wp\/v2\/categories?post=10732"},{"taxonomy":"post_tag","embeddable":true,"href":"https:\/\/iglesia-en-villar.es\/blog\/wp-json\/wp\/v2\/tags?post=10732"}],"curies":[{"name":"wp","href":"https:\/\/api.w.org\/{rel}","templated":true}]}}