{"id":10847,"date":"2024-12-20T11:40:23","date_gmt":"2024-12-20T10:40:23","guid":{"rendered":"https:\/\/iglesia-en-villar.es\/blog\/?p=10847"},"modified":"2024-12-20T11:40:24","modified_gmt":"2024-12-20T10:40:24","slug":"editorial-250","status":"publish","type":"post","link":"https:\/\/iglesia-en-villar.es\/blog\/2024\/12\/20\/editorial-250\/","title":{"rendered":"Editorial"},"content":{"rendered":"\n<h2 class=\"wp-block-heading has-text-align-center\"><strong>El Misterio de la Navidad: Un Dios que se hace Ni\u00f1o<\/strong><\/h2>\n\n\n\n<p>La Navidad, esa \u00e9poca del a\u00f1o que ilumina ciudades y hogares, trasciende las luces y los regalos para adentrarnos en un misterio profundo: el encuentro de Dios con la humanidad en la fragilidad de un ni\u00f1o. No se trata simplemente de un recuerdo hist\u00f3rico, sino de un evento que sigue resonando en el presente, invit\u00e1ndonos a una transformaci\u00f3n interior.<\/p>\n\n\n\n<p>En el coraz\u00f3n de la Navidad se encuentra la humildad radical de Dios. \u00c9l, el Todopoderoso, no irrumpe en la historia con poder y gloria terrenal, sino que elige el camino de la peque\u00f1ez, la sencillez de un pesebre. Nace en Bel\u00e9n, un lugar insignificante a los ojos del mundo, mostrando que su grandeza no se mide con los criterios humanos. Esta elecci\u00f3n revela la verdadera naturaleza de Dios: un Dios que se abaja para encontrarse con el hombre, un Dios que no busca dominar, sino amar. Su poder se manifiesta precisamente en esta aparente impotencia, en la fuerza del amor que se entrega.<\/p>\n\n\n\n<p>Este Ni\u00f1o, envuelto en pa\u00f1ales, no es un ser aislado, sino el cumplimiento de las antiguas promesas, la respuesta al anhelo de la humanidad. Su nacimiento inaugura una nueva era, un nuevo comienzo donde la eternidad irrumpe en el tiempo. La Navidad nos invita a contemplar este encuentro entre lo divino y lo humano, un encuentro que nos transforma y nos abre a la esperanza.<\/p>\n\n\n\n<p>La Navidad no es un evento aislado, sino que est\u00e1 intr\u00ednsecamente ligado a la totalidad del misterio de Cristo. El pesebre nos remite a la cruz, la infancia a la entrega total. El Ni\u00f1o que nace en Bel\u00e9n es el mismo que se ofrecer\u00e1 en sacrificio por la salvaci\u00f3n del mundo. Desde el principio, la sombra de la cruz se proyecta sobre la cuna, record\u00e1ndonos que el amor de Dios se manifiesta en la donaci\u00f3n, en el servicio, en la entrega de s\u00ed mismo.<\/p>\n\n\n\n<p>La Navidad, por tanto, no es solo una fiesta de alegr\u00eda y celebraci\u00f3n, sino una invitaci\u00f3n a la conversi\u00f3n, a la transformaci\u00f3n del coraz\u00f3n. Nos llama a descentrarnos de nosotros mismos, de nuestras ambiciones y seguridades, para reconocer la presencia de Dios en la humildad y la sencillez. Nos invita a acoger al Ni\u00f1o Jes\u00fas en nuestra vida, permitiendo que su amor nos transforme y nos impulse a amar a los dem\u00e1s como \u00c9l nos ha amado.<\/p>\n\n\n\n<p>La Navidad nos revela un Dios cercano, un Dios que se hace compa\u00f1ero de camino, un Dios que comparte nuestra condici\u00f3n humana para elevarnos a la comuni\u00f3n con \u00c9l. Es un misterio de amor que se ofrece a cada uno de nosotros, invit\u00e1ndonos a participar de su vida divina. No se trata de un mero recuerdo del pasado, sino de una presencia viva que nos interpela en el presente y nos abre a un futuro de esperanza.<\/p>\n\n\n\n<p>En definitiva, la Navidad nos habla de un Dios que se hace Ni\u00f1o para hacerse cercano, para mostrarnos el camino del amor verdadero. Nos invita a contemplar la humildad divina, a reconocer su presencia en lo peque\u00f1o y sencillo, y a abrir nuestro coraz\u00f3n a su amor transformador. Es un tiempo para redescubrir el verdadero sentido de la vida, un sentido que se encuentra en la donaci\u00f3n, en el servicio y en el amor fraterno.<\/p>\n<p>\u00a0<\/p>\n\n\n","protected":false},"excerpt":{"rendered":"<p>El Misterio de la Navidad: Un Dios que se hace Ni\u00f1o La Navidad, esa \u00e9poca del a\u00f1o que ilumina ciudades y hogares, trasciende las luces y los regalos para adentrarnos en un misterio profundo: el encuentro de Dios con la humanidad en la fragilidad de un ni\u00f1o. No se trata simplemente de un recuerdo hist\u00f3rico, sino de un evento que&#8230;<\/p>\n<p> <a class=\"continue-reading-link\" href=\"https:\/\/iglesia-en-villar.es\/blog\/2024\/12\/20\/editorial-250\/\"><span>Leer m\u00e1s<\/span><i class=\"crycon-right-dir\"><\/i><\/a> <\/p>\n","protected":false},"author":53745,"featured_media":10839,"comment_status":"open","ping_status":"open","sticky":false,"template":"","format":"standard","meta":{"inline_featured_image":false,"footnotes":""},"categories":[13],"tags":[],"class_list":["post-10847","post","type-post","status-publish","format-standard","has-post-thumbnail","hentry","category-editorial"],"better_featured_image":{"id":10839,"alt_text":"","caption":"","description":"","media_type":"image","media_details":{"width":800,"height":541,"file":"2024\/12\/PHOTO-2024-12-19-22-13-54.jpg","filesize":62467,"sizes":{"medium":{"file":"PHOTO-2024-12-19-22-13-54-300x203.jpg","width":300,"height":203,"mime-type":"image\/jpeg","filesize":13543,"source_url":"https:\/\/iglesia-en-villar.es\/blog\/wp-content\/uploads\/2024\/12\/PHOTO-2024-12-19-22-13-54-300x203.jpg"},"thumbnail":{"file":"PHOTO-2024-12-19-22-13-54-150x150.jpg","width":150,"height":150,"mime-type":"image\/jpeg","filesize":6652,"source_url":"https:\/\/iglesia-en-villar.es\/blog\/wp-content\/uploads\/2024\/12\/PHOTO-2024-12-19-22-13-54-150x150.jpg"},"medium_large":{"file":"PHOTO-2024-12-19-22-13-54-768x519.jpg","width":768,"height":519,"mime-type":"image\/jpeg","filesize":64136,"source_url":"https:\/\/iglesia-en-villar.es\/blog\/wp-content\/uploads\/2024\/12\/PHOTO-2024-12-19-22-13-54-768x519.jpg"},"post-thumbnail":{"file":"PHOTO-2024-12-19-22-13-54-150x101.jpg","width":150,"height":101,"mime-type":"image\/jpeg","filesize":4512,"source_url":"https:\/\/iglesia-en-villar.es\/blog\/wp-content\/uploads\/2024\/12\/PHOTO-2024-12-19-22-13-54-150x101.jpg"},"header":{"file":"PHOTO-2024-12-19-22-13-54-800x230.jpg","width":800,"height":230,"mime-type":"image\/jpeg","filesize":44316,"source_url":"https:\/\/iglesia-en-villar.es\/blog\/wp-content\/uploads\/2024\/12\/PHOTO-2024-12-19-22-13-54-800x230.jpg"},"columns":{"file":"PHOTO-2024-12-19-22-13-54-330x300.jpg","width":330,"height":300,"mime-type":"image\/jpeg","filesize":22377,"source_url":"https:\/\/iglesia-en-villar.es\/blog\/wp-content\/uploads\/2024\/12\/PHOTO-2024-12-19-22-13-54-330x300.jpg"},"custom":{"file":"PHOTO-2024-12-19-22-13-54-250x169.jpg","width":250,"height":169,"mime-type":"image\/jpeg","filesize":10182,"source_url":"https:\/\/iglesia-en-villar.es\/blog\/wp-content\/uploads\/2024\/12\/PHOTO-2024-12-19-22-13-54-250x169.jpg"}},"image_meta":{"aperture":"0","credit":"","camera":"","caption":"","created_timestamp":"0","copyright":"","focal_length":"0","iso":"0","shutter_speed":"0","title":"","orientation":"0","keywords":[]}},"post":null,"source_url":"https:\/\/iglesia-en-villar.es\/blog\/wp-content\/uploads\/2024\/12\/PHOTO-2024-12-19-22-13-54.jpg"},"read":true,"_links":{"self":[{"href":"https:\/\/iglesia-en-villar.es\/blog\/wp-json\/wp\/v2\/posts\/10847","targetHints":{"allow":["GET"]}}],"collection":[{"href":"https:\/\/iglesia-en-villar.es\/blog\/wp-json\/wp\/v2\/posts"}],"about":[{"href":"https:\/\/iglesia-en-villar.es\/blog\/wp-json\/wp\/v2\/types\/post"}],"author":[{"embeddable":true,"href":"https:\/\/iglesia-en-villar.es\/blog\/wp-json\/wp\/v2\/users\/53745"}],"replies":[{"embeddable":true,"href":"https:\/\/iglesia-en-villar.es\/blog\/wp-json\/wp\/v2\/comments?post=10847"}],"version-history":[{"count":1,"href":"https:\/\/iglesia-en-villar.es\/blog\/wp-json\/wp\/v2\/posts\/10847\/revisions"}],"predecessor-version":[{"id":10848,"href":"https:\/\/iglesia-en-villar.es\/blog\/wp-json\/wp\/v2\/posts\/10847\/revisions\/10848"}],"wp:featuredmedia":[{"embeddable":true,"href":"https:\/\/iglesia-en-villar.es\/blog\/wp-json\/wp\/v2\/media\/10839"}],"wp:attachment":[{"href":"https:\/\/iglesia-en-villar.es\/blog\/wp-json\/wp\/v2\/media?parent=10847"}],"wp:term":[{"taxonomy":"category","embeddable":true,"href":"https:\/\/iglesia-en-villar.es\/blog\/wp-json\/wp\/v2\/categories?post=10847"},{"taxonomy":"post_tag","embeddable":true,"href":"https:\/\/iglesia-en-villar.es\/blog\/wp-json\/wp\/v2\/tags?post=10847"}],"curies":[{"name":"wp","href":"https:\/\/api.w.org\/{rel}","templated":true}]}}