{"id":10886,"date":"2025-01-03T10:49:54","date_gmt":"2025-01-03T09:49:54","guid":{"rendered":"https:\/\/iglesia-en-villar.es\/blog\/?p=10886"},"modified":"2025-01-03T10:49:56","modified_gmt":"2025-01-03T09:49:56","slug":"avisos-231","status":"publish","type":"post","link":"https:\/\/iglesia-en-villar.es\/blog\/2025\/01\/03\/avisos-231\/","title":{"rendered":"Avisos"},"content":{"rendered":"\n<p><strong>EVANGELIO DE CADA D\u00cdA 2025<\/strong><\/p>\n\n\n\n<p>POD\u00c9IS ADQUIRIR EN LA SACRIST\u00cdA, EL EVANGELIO DE CADA D\u00cdA PARA EL 2025<\/p>\n\n\n\n<p>SOLAMENTE TENDREMOS DISPONIBLE EL FORMATO CON LETRA GRANDE A PRECIO POPULAR DE 5 EUROS. NO TARDES, Y HAZTE CON EL TUYO.<\/p>\n\n\n\n<p><strong>REGALO PARA CONSAGRACI\u00d3N EPISCOPAL PARA DON ARTURO<\/strong><\/p>\n\n\n\n<p>AQUEL QUE QUIERA PARTICIPAR EN EL <strong>REGALO<\/strong> QUE LA PARROQUIA HAR\u00c1 A<strong> DON ARTURO<\/strong>, EN SU PR\u00d3XIMA <strong>CONSAGRACI\u00d3N EPISCOPA<\/strong>L, QUE LO HAGAN DIRECTAMENTE <strong>EN SACRIST\u00cdA<\/strong>, O LO HAGAN A <strong>PAZ GARC\u00cdA<\/strong> O A <strong>DON MANUEL<\/strong>.<\/p>\n\n\n\n<p><strong>S\u00c1BADO 11 DE ENERO CONSAGRACI\u00d3N EPISCOPAL DE <\/strong><strong>DON<\/strong><strong> ARTURO<\/strong><\/p>\n\n\n\n<p>EL AUTOB\u00daS NOS RECOGER\u00c1 EL SABADO 11 A LAS 9 DE LA MA\u00d1ANA EN LA GASOLINERA DE PORTER. BAJAREMOS EN LAS TORRES DE SERRANO Y ACUDIREMOS A LA CATEDRAL. AL FINALIZAR, NOS RECOGER\u00c1 EL AUTOB\u00daS EN LAS TORRES DE SERRANO E IREMOS A COMER A LA MUSICAL EN VILLAR<\/p>\n\n\n\n<p>EL <strong>PRECIO 30 EUROS<\/strong> TODO INCLUIDO<\/p>\n\n\n\n<p><strong>INTENCIONES EN LA NOVENA A LA VIRGEN DE LA PAZ<\/strong><\/p>\n\n\n\n<p>COMO EN A\u00d1OS ANTERIORES, POD\u00c9IS OFRECER <strong>INTENCIONES<\/strong> PARA <strong>TODO<\/strong> <strong>EL NOVENARIO DE LA VIRGEN DE LA PAZ<\/strong> POR <strong>30 EUROS<\/strong><\/p>\n\n\n\n<p>POD\u00c9IS HACERLO EN SACRIST\u00cdA, LOS JUEVES EN HORARIO DE DESPACHO O ACUDIENDO DIRECTAMENTE A PAZ GARC\u00cdA O DON MANUEL<\/p>\n\n\n\n<p><strong>PEREGRINACI\u00d3N A ROMA<\/strong><\/p>\n\n\n\n<p><strong>LOS QUE ESTEN INTERESADOS EN LA PEREGRINACI\u00d3N A ROMA CON LA DI\u00d3CESIS DE VALENCIA, CON OCASI\u00d3N DEL JUBILEO 2025 QUE SE APUNTE EN LA LISTA QUE HEMOS DEJADO EN LA SACRIST\u00cdA DE LA PARROQUIA<\/strong><\/p>\n\n\n\n<p><strong>LOS DIAS DE LA PEREGRINACI\u00d3N SON:<\/strong><\/p>\n\n\n\n<p><strong>MARTES 18 FEBRERO SALIDA<\/strong><\/p>\n\n\n\n<p><strong>SABADO 22 DE FEBRERO<\/strong><\/p>\n\n\n\n<p><strong>PRECIO 1495 EUROS POR PERSONA.<\/strong><\/p><p><\/p>\n","protected":false},"excerpt":{"rendered":"<p>EVANGELIO DE CADA D\u00cdA 2025 POD\u00c9IS ADQUIRIR EN LA SACRIST\u00cdA, EL EVANGELIO DE CADA D\u00cdA PARA EL 2025 SOLAMENTE TENDREMOS DISPONIBLE EL FORMATO CON LETRA GRANDE A PRECIO POPULAR DE 5 EUROS. NO TARDES, Y HAZTE CON EL TUYO. REGALO PARA CONSAGRACI\u00d3N EPISCOPAL PARA DON ARTURO AQUEL QUE QUIERA PARTICIPAR EN EL REGALO QUE LA PARROQUIA HAR\u00c1 A DON ARTURO,&#8230;<\/p>\n<p> <a class=\"continue-reading-link\" href=\"https:\/\/iglesia-en-villar.es\/blog\/2025\/01\/03\/avisos-231\/\"><span>Leer m\u00e1s<\/span><i class=\"crycon-right-dir\"><\/i><\/a> <\/p>\n","protected":false},"author":53745,"featured_media":10726,"comment_status":"open","ping_status":"open","sticky":false,"template":"","format":"standard","meta":{"inline_featured_image":false,"footnotes":""},"categories":[10],"tags":[],"class_list":["post-10886","post","type-post","status-publish","format-standard","has-post-thumbnail","hentry","category-avisos"],"better_featured_image":{"id":10726,"alt_text":"","caption":"","description":"","media_type":"image","media_details":{"width":259,"height":194,"file":"2024\/11\/LOS-AVISOS.png","filesize":7680,"sizes":{"thumbnail":{"file":"LOS-AVISOS-150x150.png","width":150,"height":150,"mime-type":"image\/png","filesize":13026,"source_url":"https:\/\/iglesia-en-villar.es\/blog\/wp-content\/uploads\/2024\/11\/LOS-AVISOS-150x150.png"},"post-thumbnail":{"file":"LOS-AVISOS-150x112.png","width":150,"height":112,"mime-type":"image\/png","filesize":11456,"source_url":"https:\/\/iglesia-en-villar.es\/blog\/wp-content\/uploads\/2024\/11\/LOS-AVISOS-150x112.png"},"custom":{"file":"LOS-AVISOS-250x187.png","width":250,"height":187,"mime-type":"image\/png","filesize":24557,"source_url":"https:\/\/iglesia-en-villar.es\/blog\/wp-content\/uploads\/2024\/11\/LOS-AVISOS-250x187.png"}},"image_meta":{"aperture":"0","credit":"","camera":"","caption":"","created_timestamp":"0","copyright":"","focal_length":"0","iso":"0","shutter_speed":"0","title":"","orientation":"0","keywords":[]}},"post":null,"source_url":"https:\/\/iglesia-en-villar.es\/blog\/wp-content\/uploads\/2024\/11\/LOS-AVISOS.png"},"read":true,"_links":{"self":[{"href":"https:\/\/iglesia-en-villar.es\/blog\/wp-json\/wp\/v2\/posts\/10886","targetHints":{"allow":["GET"]}}],"collection":[{"href":"https:\/\/iglesia-en-villar.es\/blog\/wp-json\/wp\/v2\/posts"}],"about":[{"href":"https:\/\/iglesia-en-villar.es\/blog\/wp-json\/wp\/v2\/types\/post"}],"author":[{"embeddable":true,"href":"https:\/\/iglesia-en-villar.es\/blog\/wp-json\/wp\/v2\/users\/53745"}],"replies":[{"embeddable":true,"href":"https:\/\/iglesia-en-villar.es\/blog\/wp-json\/wp\/v2\/comments?post=10886"}],"version-history":[{"count":1,"href":"https:\/\/iglesia-en-villar.es\/blog\/wp-json\/wp\/v2\/posts\/10886\/revisions"}],"predecessor-version":[{"id":10887,"href":"https:\/\/iglesia-en-villar.es\/blog\/wp-json\/wp\/v2\/posts\/10886\/revisions\/10887"}],"wp:featuredmedia":[{"embeddable":true,"href":"https:\/\/iglesia-en-villar.es\/blog\/wp-json\/wp\/v2\/media\/10726"}],"wp:attachment":[{"href":"https:\/\/iglesia-en-villar.es\/blog\/wp-json\/wp\/v2\/media?parent=10886"}],"wp:term":[{"taxonomy":"category","embeddable":true,"href":"https:\/\/iglesia-en-villar.es\/blog\/wp-json\/wp\/v2\/categories?post=10886"},{"taxonomy":"post_tag","embeddable":true,"href":"https:\/\/iglesia-en-villar.es\/blog\/wp-json\/wp\/v2\/tags?post=10886"}],"curies":[{"name":"wp","href":"https:\/\/api.w.org\/{rel}","templated":true}]}}