{"id":10895,"date":"2025-01-03T10:56:28","date_gmt":"2025-01-03T09:56:28","guid":{"rendered":"https:\/\/iglesia-en-villar.es\/blog\/?p=10895"},"modified":"2025-01-03T10:56:29","modified_gmt":"2025-01-03T09:56:29","slug":"editorial-252","status":"publish","type":"post","link":"https:\/\/iglesia-en-villar.es\/blog\/2025\/01\/03\/editorial-252\/","title":{"rendered":"Editorial"},"content":{"rendered":"\n<h2 class=\"wp-block-heading has-text-align-center\"><strong>Un Nuevo Amanecer Jubilar en Villar del Arzobispo<\/strong><\/h2>\n\n\n\n<p>\u201cLa puerta de la misericordia est\u00e1 siempre abierta; nunca est\u00e1 cerrada. Incluso cuando nosotros la cerramos con nuestros pecados, Dios la vuelve a abrir con su perd\u00f3n.\u201d Estas palabras del Papa Francisco, pronunciadas en la Nochebuena de 2024, resonaron con fuerza en todo el mundo cat\u00f3lico, dando inicio a un A\u00f1o Jubilar que nos invita a experimentar la infinita misericordia divina.<\/p>\n\n\n\n<p>Nuestro Arzobispo, Don Enrique Benavent, se uni\u00f3 a esta celebraci\u00f3n universal y, el pasado 3 de enero, declarar\u00f3 abierto el A\u00f1o Jubilar en nuestra di\u00f3cesis. Un tiempo especial de gracia y reconciliaci\u00f3n, en el que la Iglesia nos recuerda el amor incondicional de Dios por cada uno de sus hijos.<\/p>\n\n\n\n<p>En este contexto, Villar del Arzobispo celebra un doble acontecimiento: el inicio del A\u00f1o Jubilar y el 450 aniversario de la fundaci\u00f3n de nuestra parroquia. Cuatrocientos cincuenta a\u00f1os en los que la Virgen Mar\u00eda ha sido nuestra gu\u00eda y protectora, fortaleciendo nuestra fe, amor y esperanza en Dios.<\/p>\n\n\n\n<p>El Jubileo es un tiempo propicio para la conversi\u00f3n y la renovaci\u00f3n espiritual. Es una invitaci\u00f3n a volver los ojos hacia Cristo, fuente de toda esperanza, y a experimentar su misericordia que sana y transforma. Como nos recuerda el Papa Francisco, la puerta de la misericordia est\u00e1 siempre abierta, invit\u00e1ndonos a cruzar el umbral y a encontrar el perd\u00f3n y la reconciliaci\u00f3n.<\/p>\n\n\n\n<p>En nuestra di\u00f3cesis, el Arzobispo ha propuesto iniciativas concretas para vivir este A\u00f1o Jubilar, como la celebraci\u00f3n de misiones populares, ejercicios espirituales y encuentros de formaci\u00f3n. De manera especial, se ha querido hacer llegar la gracia jubilar a las c\u00e1rceles, invitando a los presos a dirigir su oraci\u00f3n a Dios cada vez que atraviesen la puerta de su celda, que ser\u00e1 para ellos como una puerta santa.<\/p>\n\n\n\n<p>En Villar del Arzobispo, nuestra mirada se dirige con devoci\u00f3n a la Virgen de la Paz. Ella, que escuch\u00f3 con fe las palabras del \u00e1ngel Gabriel, \u00abHe aqu\u00ed la esclava del Se\u00f1or; h\u00e1gase en m\u00ed seg\u00fan tu palabra\u00bb (Lc 1,38), nos ense\u00f1a a acoger la voluntad de Dios en nuestra vida.<\/p>\n\n\n\n<p>En este A\u00f1o Jubilar, pidamos a nuestra Madre del Cielo que nos ayude a vivir a la escucha de la Palabra de Dios, como ella lo hizo. Que nos conceda la gracia de experimentar su amor maternal y de llevar su mensaje de paz y esperanza a todos aquellos que encontramos en nuestro camino.<\/p>\n\n\n\n<p>Con todo, celebramos el 450 aniversario de nuestra parroquia con profunda gratitud a Dios por todos los dones recibidos. A lo largo de estos a\u00f1os, la comunidad cristiana de Villar del Arzobispo ha sido un faro de luz y esperanza en medio de las dificultades.<\/p>\n\n\n\n<p>Mirando hacia el futuro, confiamos en que este A\u00f1o Jubilar sea un nuevo comienzo para nuestra parroquia. Que podamos vivir unidos en la fe, la caridad y la esperanza, y que seamos testigos del amor de Dios para todos aquellos que nos rodean.<\/p>\n\n\n\n<p><em>\u201cMar\u00eda, Madre de la Iglesia, estrella de la evangelizaci\u00f3n, alc\u00e1nzanos la gracia de vivir este A\u00f1o Santo con un coraz\u00f3n renovado y una fe m\u00e1s profunda. Que la alegr\u00eda del Evangelio llene nuestros corazones y nuestros hogares.\u201d<\/em><\/p><p><\/p>\n","protected":false},"excerpt":{"rendered":"<p>Un Nuevo Amanecer Jubilar en Villar del Arzobispo \u201cLa puerta de la misericordia est\u00e1 siempre abierta; nunca est\u00e1 cerrada. Incluso cuando nosotros la cerramos con nuestros pecados, Dios la vuelve a abrir con su perd\u00f3n.\u201d Estas palabras del Papa Francisco, pronunciadas en la Nochebuena de 2024, resonaron con fuerza en todo el mundo cat\u00f3lico, dando inicio a un A\u00f1o Jubilar&#8230;<\/p>\n<p> <a class=\"continue-reading-link\" href=\"https:\/\/iglesia-en-villar.es\/blog\/2025\/01\/03\/editorial-252\/\"><span>Leer m\u00e1s<\/span><i class=\"crycon-right-dir\"><\/i><\/a> <\/p>\n","protected":false},"author":53745,"featured_media":10889,"comment_status":"open","ping_status":"open","sticky":false,"template":"","format":"standard","meta":{"inline_featured_image":false,"footnotes":""},"categories":[13],"tags":[],"class_list":["post-10895","post","type-post","status-publish","format-standard","has-post-thumbnail","hentry","category-editorial"],"better_featured_image":{"id":10889,"alt_text":"","caption":"","description":"","media_type":"image","media_details":{"width":259,"height":194,"file":"2025\/01\/JUBILEO.jpeg","filesize":6835,"sizes":{"thumbnail":{"file":"JUBILEO-150x150.jpeg","width":150,"height":150,"mime-type":"image\/jpeg","filesize":5554,"source_url":"https:\/\/iglesia-en-villar.es\/blog\/wp-content\/uploads\/2025\/01\/JUBILEO-150x150.jpeg"},"post-thumbnail":{"file":"JUBILEO-150x112.jpeg","width":150,"height":112,"mime-type":"image\/jpeg","filesize":3812,"source_url":"https:\/\/iglesia-en-villar.es\/blog\/wp-content\/uploads\/2025\/01\/JUBILEO-150x112.jpeg"},"custom":{"file":"JUBILEO-250x187.jpeg","width":250,"height":187,"mime-type":"image\/jpeg","filesize":7964,"source_url":"https:\/\/iglesia-en-villar.es\/blog\/wp-content\/uploads\/2025\/01\/JUBILEO-250x187.jpeg"}},"image_meta":{"aperture":"0","credit":"","camera":"","caption":"","created_timestamp":"0","copyright":"","focal_length":"0","iso":"0","shutter_speed":"0","title":"","orientation":"0","keywords":[]}},"post":null,"source_url":"https:\/\/iglesia-en-villar.es\/blog\/wp-content\/uploads\/2025\/01\/JUBILEO.jpeg"},"read":true,"_links":{"self":[{"href":"https:\/\/iglesia-en-villar.es\/blog\/wp-json\/wp\/v2\/posts\/10895","targetHints":{"allow":["GET"]}}],"collection":[{"href":"https:\/\/iglesia-en-villar.es\/blog\/wp-json\/wp\/v2\/posts"}],"about":[{"href":"https:\/\/iglesia-en-villar.es\/blog\/wp-json\/wp\/v2\/types\/post"}],"author":[{"embeddable":true,"href":"https:\/\/iglesia-en-villar.es\/blog\/wp-json\/wp\/v2\/users\/53745"}],"replies":[{"embeddable":true,"href":"https:\/\/iglesia-en-villar.es\/blog\/wp-json\/wp\/v2\/comments?post=10895"}],"version-history":[{"count":1,"href":"https:\/\/iglesia-en-villar.es\/blog\/wp-json\/wp\/v2\/posts\/10895\/revisions"}],"predecessor-version":[{"id":10896,"href":"https:\/\/iglesia-en-villar.es\/blog\/wp-json\/wp\/v2\/posts\/10895\/revisions\/10896"}],"wp:featuredmedia":[{"embeddable":true,"href":"https:\/\/iglesia-en-villar.es\/blog\/wp-json\/wp\/v2\/media\/10889"}],"wp:attachment":[{"href":"https:\/\/iglesia-en-villar.es\/blog\/wp-json\/wp\/v2\/media?parent=10895"}],"wp:term":[{"taxonomy":"category","embeddable":true,"href":"https:\/\/iglesia-en-villar.es\/blog\/wp-json\/wp\/v2\/categories?post=10895"},{"taxonomy":"post_tag","embeddable":true,"href":"https:\/\/iglesia-en-villar.es\/blog\/wp-json\/wp\/v2\/tags?post=10895"}],"curies":[{"name":"wp","href":"https:\/\/api.w.org\/{rel}","templated":true}]}}