{"id":10903,"date":"2025-01-10T13:06:32","date_gmt":"2025-01-10T12:06:32","guid":{"rendered":"https:\/\/iglesia-en-villar.es\/blog\/?p=10903"},"modified":"2025-01-10T13:06:33","modified_gmt":"2025-01-10T12:06:33","slug":"rincon-carmelitano-261","status":"publish","type":"post","link":"https:\/\/iglesia-en-villar.es\/blog\/2025\/01\/10\/rincon-carmelitano-261\/","title":{"rendered":"Rinc\u00f3n Carmelitano"},"content":{"rendered":"\n<h2 class=\"wp-block-heading has-text-align-center\">DIOS ENTRE LOS FOGONES Y OTROS MENESTERES<\/h2>\n\n\n\n<h2 class=\"wp-block-heading has-text-align-center\">( Santa Teresa)<\/h2>\n\n\n\n<p>Teresa de Jes\u00fas mete a Dios entre los pucheros justamente al tratar de algunos \u00abavisos para cosas de oraci\u00f3n\u00bb (F 5) Si el camino de la oraci\u00f3n no es camino de amor, se convierte en un mero espejismo porque \u00bb el aprovechamiento del alma no est\u00e1 en pensar mucho, sino en amar mucho\u00bb. Al final, los m\u00faltiples caminos, vocacionales o carismas no hacen sino desplegar la inmensa riqueza de lo \u00fanico importante: amar como el Maestro, amar con su amor.<br>Si el \u00bb aprovechamiento del alma\u00bb reside en amar mucho. \u00bfC\u00f3mo se adquirir\u00e1 ese amor? La oraci\u00f3n, sin duda, es un medio para ello, pero sobre todo, el amor crece \u00bb determin\u00e1ndose a obrar y padecer y hacerlo cuando se ofreciere\u00bb. Es decir, el amor crece en la entrega -cotidiana, escondida y gratuita\u00bb, una entrega que se convierte en el diario caminar eucar\u00edstico de dar vida, dar la vida y todo ello surge \u00abcuando se ofreciere\u00bb que resulta se cuando as\u00ed lo requieren la obediencia y el bien de los pr\u00f3jimos.<br>CAMBIAR PUCHEROS POR ORDENADORES\u2026 O LO QUE SE TERCIE.<br>La lecci\u00f3n de los pucheros para ilustrar esta perla de sabidur\u00eda teresiana resulta simp\u00e1tica pero no es mucho menos inocente. Pod\u00eda haber elegido numerosas exteriores de la vida conventual para su ejemplo. Pero no, nos ha llevado a la cocina. Amor y Evangelio se despliegan no tanto en momentos notables y destacados, sino lo cotidiano, aparentemente insignificante y, a pesar de todo, imprescindible.<br>TENEMOS QUE DESCUBRIR AL AMIGO JES\u00daS, ENTRE LOS PUCHEROS\u2026 LAS ESCOBAS\u2026.EN TODOS LOS MOMENTOS DE NUESTRA VIDA.<\/p>\n\n\n\n<p>Hermanas Carmelitas<\/p><p><\/p>\n","protected":false},"excerpt":{"rendered":"<p>DIOS ENTRE LOS FOGONES Y OTROS MENESTERES ( Santa Teresa) Teresa de Jes\u00fas mete a Dios entre los pucheros justamente al tratar de algunos \u00abavisos para cosas de oraci\u00f3n\u00bb (F 5) Si el camino de la oraci\u00f3n no es camino de amor, se convierte en un mero espejismo porque \u00bb el aprovechamiento del alma no est\u00e1 en pensar mucho, sino&#8230;<\/p>\n<p> <a class=\"continue-reading-link\" href=\"https:\/\/iglesia-en-villar.es\/blog\/2025\/01\/10\/rincon-carmelitano-261\/\"><span>Leer m\u00e1s<\/span><i class=\"crycon-right-dir\"><\/i><\/a> <\/p>\n","protected":false},"author":53745,"featured_media":10907,"comment_status":"open","ping_status":"open","sticky":false,"template":"","format":"standard","meta":{"inline_featured_image":false,"footnotes":""},"categories":[5],"tags":[],"class_list":["post-10903","post","type-post","status-publish","format-standard","has-post-thumbnail","hentry","category-monasterio"],"better_featured_image":{"id":10907,"alt_text":"","caption":"","description":"","media_type":"image","media_details":{"width":293,"height":254,"file":"2025\/01\/zzrincon.png","filesize":157511,"sizes":{"thumbnail":{"file":"zzrincon-150x150.png","width":150,"height":150,"mime-type":"image\/png","filesize":48120,"source_url":"https:\/\/iglesia-en-villar.es\/blog\/wp-content\/uploads\/2025\/01\/zzrincon-150x150.png"},"post-thumbnail":{"file":"zzrincon-150x130.png","width":150,"height":130,"mime-type":"image\/png","filesize":42452,"source_url":"https:\/\/iglesia-en-villar.es\/blog\/wp-content\/uploads\/2025\/01\/zzrincon-150x130.png"},"header":{"file":"zzrincon-293x230.png","width":293,"height":230,"mime-type":"image\/png","filesize":142822,"source_url":"https:\/\/iglesia-en-villar.es\/blog\/wp-content\/uploads\/2025\/01\/zzrincon-293x230.png"},"custom":{"file":"zzrincon-250x217.png","width":250,"height":217,"mime-type":"image\/png","filesize":108180,"source_url":"https:\/\/iglesia-en-villar.es\/blog\/wp-content\/uploads\/2025\/01\/zzrincon-250x217.png"}},"image_meta":{"aperture":"0","credit":"","camera":"","caption":"","created_timestamp":"0","copyright":"","focal_length":"0","iso":"0","shutter_speed":"0","title":"","orientation":"0","keywords":[]}},"post":null,"source_url":"https:\/\/iglesia-en-villar.es\/blog\/wp-content\/uploads\/2025\/01\/zzrincon.png"},"read":true,"_links":{"self":[{"href":"https:\/\/iglesia-en-villar.es\/blog\/wp-json\/wp\/v2\/posts\/10903","targetHints":{"allow":["GET"]}}],"collection":[{"href":"https:\/\/iglesia-en-villar.es\/blog\/wp-json\/wp\/v2\/posts"}],"about":[{"href":"https:\/\/iglesia-en-villar.es\/blog\/wp-json\/wp\/v2\/types\/post"}],"author":[{"embeddable":true,"href":"https:\/\/iglesia-en-villar.es\/blog\/wp-json\/wp\/v2\/users\/53745"}],"replies":[{"embeddable":true,"href":"https:\/\/iglesia-en-villar.es\/blog\/wp-json\/wp\/v2\/comments?post=10903"}],"version-history":[{"count":1,"href":"https:\/\/iglesia-en-villar.es\/blog\/wp-json\/wp\/v2\/posts\/10903\/revisions"}],"predecessor-version":[{"id":10904,"href":"https:\/\/iglesia-en-villar.es\/blog\/wp-json\/wp\/v2\/posts\/10903\/revisions\/10904"}],"wp:featuredmedia":[{"embeddable":true,"href":"https:\/\/iglesia-en-villar.es\/blog\/wp-json\/wp\/v2\/media\/10907"}],"wp:attachment":[{"href":"https:\/\/iglesia-en-villar.es\/blog\/wp-json\/wp\/v2\/media?parent=10903"}],"wp:term":[{"taxonomy":"category","embeddable":true,"href":"https:\/\/iglesia-en-villar.es\/blog\/wp-json\/wp\/v2\/categories?post=10903"},{"taxonomy":"post_tag","embeddable":true,"href":"https:\/\/iglesia-en-villar.es\/blog\/wp-json\/wp\/v2\/tags?post=10903"}],"curies":[{"name":"wp","href":"https:\/\/api.w.org\/{rel}","templated":true}]}}