{"id":10932,"date":"2025-01-23T10:47:33","date_gmt":"2025-01-23T09:47:33","guid":{"rendered":"https:\/\/iglesia-en-villar.es\/blog\/?p=10932"},"modified":"2025-01-23T10:47:34","modified_gmt":"2025-01-23T09:47:34","slug":"avisos-234","status":"publish","type":"post","link":"https:\/\/iglesia-en-villar.es\/blog\/2025\/01\/23\/avisos-234\/","title":{"rendered":"Avisos"},"content":{"rendered":"\n<p><strong>LIMPIEZA MES DE FEBRERO 2024<\/strong><\/p>\n\n\n\n<p><strong>TEMPLO<\/strong><\/p>\n\n\n\n<p>PAZ GARC\u00cdA GARC\u00cdA<\/p>\n\n\n\n<p>ADELA BORI FLOR<\/p>\n\n\n\n<p>PAZ GARC\u00cdA L\u00d3PEZ<\/p>\n\n\n\n<p><a><\/a> ASUNCI\u00d3N TORTAJADA MIRALLES<\/p>\n\n\n\n<p>FINA TORTAJADA MIRALLES<\/p>\n\n\n\n<p>FINA L\u00c1ZARO ESTEVAN<\/p>\n\n\n\n<p>CARMEN G\u00d3MEZ HERN\u00c1NDEZ<\/p>\n\n\n\n<p>PAZ TORTAJADA IB\u00c1\u00d1EZ<\/p>\n\n\n\n<p>ENCARNACI\u00d3N TORTAJADA IB\u00c1\u00d1EZ<\/p>\n\n\n\n<p>M. PAZ USACH L\u00d3PEZ<\/p>\n\n\n\n<p>COLABORADORAS CON PRODUCTOS DE LIMPIEZA<\/p>\n\n\n\n<p>PAZ CERVERA TOMAS.<\/p>\n\n\n\n<p>MARUJA CERVERA MIRALLES<\/p>\n\n\n\n<p>MARIBEL GARC\u00cdA ROMERO<\/p>\n\n\n\n<p>CARMEN IB\u00c1\u00d1EZ IB\u00c1\u00d1EZ<\/p>\n\n\n\n<p><strong>LOCALES<\/strong><\/p>\n\n\n\n<p><strong>DEL 1 AL 15<\/strong><\/p>\n\n\n\n<p>M. Paz Castellano y Asuncion Belenguer<\/p>\n\n\n\n<p><strong>DEL 16 AL 30<\/strong><\/p>\n\n\n\n<p>M. Asuncion Lamoncha y Lourdes Lopez<\/p>\n\n\n\n<p><strong>ENCARGADAS DEL ACEITE.<\/strong><\/p>\n\n\n\n<p>SUFRAGIO ROSA M\u00cdNGUEZ IB\u00c1\u00d1EZ<\/p>\n\n\n\n<p>SUFRAGIO FILOMENA CINTEROS L\u00d3PEZ<\/p>\n\n\n\n<p>SUFRAGIO PILAR L\u00d3PEZ GARC\u00cdA<\/p>\n\n\n\n<p><strong>FIESTA DE LA CANDELARIA<\/strong><\/p>\n\n\n\n<p>El domingo d\u00eda 2 celebraremos la Fiesta de la Presentaci\u00f3n del Se\u00f1or, la misa ser\u00e1 a las 12:30 en el Templo Parroquial<\/p><p><\/p>\n","protected":false},"excerpt":{"rendered":"<p>LIMPIEZA MES DE FEBRERO 2024 TEMPLO PAZ GARC\u00cdA GARC\u00cdA ADELA BORI FLOR PAZ GARC\u00cdA L\u00d3PEZ ASUNCI\u00d3N TORTAJADA MIRALLES FINA TORTAJADA MIRALLES FINA L\u00c1ZARO ESTEVAN CARMEN G\u00d3MEZ HERN\u00c1NDEZ PAZ TORTAJADA IB\u00c1\u00d1EZ ENCARNACI\u00d3N TORTAJADA IB\u00c1\u00d1EZ M. PAZ USACH L\u00d3PEZ COLABORADORAS CON PRODUCTOS DE LIMPIEZA PAZ CERVERA TOMAS. MARUJA CERVERA MIRALLES MARIBEL GARC\u00cdA ROMERO CARMEN IB\u00c1\u00d1EZ IB\u00c1\u00d1EZ LOCALES DEL 1 AL 15 M&#8230;.<\/p>\n<p> <a class=\"continue-reading-link\" href=\"https:\/\/iglesia-en-villar.es\/blog\/2025\/01\/23\/avisos-234\/\"><span>Leer m\u00e1s<\/span><i class=\"crycon-right-dir\"><\/i><\/a> <\/p>\n","protected":false},"author":53745,"featured_media":10726,"comment_status":"open","ping_status":"open","sticky":false,"template":"","format":"standard","meta":{"inline_featured_image":false,"footnotes":""},"categories":[10],"tags":[],"class_list":["post-10932","post","type-post","status-publish","format-standard","has-post-thumbnail","hentry","category-avisos"],"better_featured_image":{"id":10726,"alt_text":"","caption":"","description":"","media_type":"image","media_details":{"width":259,"height":194,"file":"2024\/11\/LOS-AVISOS.png","filesize":7680,"sizes":{"thumbnail":{"file":"LOS-AVISOS-150x150.png","width":150,"height":150,"mime-type":"image\/png","filesize":13026,"source_url":"https:\/\/iglesia-en-villar.es\/blog\/wp-content\/uploads\/2024\/11\/LOS-AVISOS-150x150.png"},"post-thumbnail":{"file":"LOS-AVISOS-150x112.png","width":150,"height":112,"mime-type":"image\/png","filesize":11456,"source_url":"https:\/\/iglesia-en-villar.es\/blog\/wp-content\/uploads\/2024\/11\/LOS-AVISOS-150x112.png"},"custom":{"file":"LOS-AVISOS-250x187.png","width":250,"height":187,"mime-type":"image\/png","filesize":24557,"source_url":"https:\/\/iglesia-en-villar.es\/blog\/wp-content\/uploads\/2024\/11\/LOS-AVISOS-250x187.png"}},"image_meta":{"aperture":"0","credit":"","camera":"","caption":"","created_timestamp":"0","copyright":"","focal_length":"0","iso":"0","shutter_speed":"0","title":"","orientation":"0","keywords":[]}},"post":null,"source_url":"https:\/\/iglesia-en-villar.es\/blog\/wp-content\/uploads\/2024\/11\/LOS-AVISOS.png"},"read":true,"_links":{"self":[{"href":"https:\/\/iglesia-en-villar.es\/blog\/wp-json\/wp\/v2\/posts\/10932","targetHints":{"allow":["GET"]}}],"collection":[{"href":"https:\/\/iglesia-en-villar.es\/blog\/wp-json\/wp\/v2\/posts"}],"about":[{"href":"https:\/\/iglesia-en-villar.es\/blog\/wp-json\/wp\/v2\/types\/post"}],"author":[{"embeddable":true,"href":"https:\/\/iglesia-en-villar.es\/blog\/wp-json\/wp\/v2\/users\/53745"}],"replies":[{"embeddable":true,"href":"https:\/\/iglesia-en-villar.es\/blog\/wp-json\/wp\/v2\/comments?post=10932"}],"version-history":[{"count":1,"href":"https:\/\/iglesia-en-villar.es\/blog\/wp-json\/wp\/v2\/posts\/10932\/revisions"}],"predecessor-version":[{"id":10933,"href":"https:\/\/iglesia-en-villar.es\/blog\/wp-json\/wp\/v2\/posts\/10932\/revisions\/10933"}],"wp:featuredmedia":[{"embeddable":true,"href":"https:\/\/iglesia-en-villar.es\/blog\/wp-json\/wp\/v2\/media\/10726"}],"wp:attachment":[{"href":"https:\/\/iglesia-en-villar.es\/blog\/wp-json\/wp\/v2\/media?parent=10932"}],"wp:term":[{"taxonomy":"category","embeddable":true,"href":"https:\/\/iglesia-en-villar.es\/blog\/wp-json\/wp\/v2\/categories?post=10932"},{"taxonomy":"post_tag","embeddable":true,"href":"https:\/\/iglesia-en-villar.es\/blog\/wp-json\/wp\/v2\/tags?post=10932"}],"curies":[{"name":"wp","href":"https:\/\/api.w.org\/{rel}","templated":true}]}}