{"id":10938,"date":"2025-01-23T10:58:21","date_gmt":"2025-01-23T09:58:21","guid":{"rendered":"https:\/\/iglesia-en-villar.es\/blog\/?p=10938"},"modified":"2025-01-23T10:58:22","modified_gmt":"2025-01-23T09:58:22","slug":"rincon-carmelitano-263","status":"publish","type":"post","link":"https:\/\/iglesia-en-villar.es\/blog\/2025\/01\/23\/rincon-carmelitano-263\/","title":{"rendered":"Rinc\u00f3n Carmelitano"},"content":{"rendered":"\n<h2 class=\"wp-block-heading has-text-align-center\"><strong>LA VIRGEN MAR\u00cdA EN LA VIDA DE SANTA TERESA DE JES\u00daS.<\/strong><\/h2>\n\n\n\n<p>De los amores que hay en el coraz\u00f3n de la Santa, como no pod\u00eda ser de otra manera, primero est\u00e1 el amor a Jesucristo de quien se enamor\u00f3 : \u00abDespu\u00e9s que vi la gran hermosura del Se\u00f1or, no ve\u00eda a nadie que su comparaci\u00f3n me pareciese bien y me ocupase\u00bb (Vida 37) Despu\u00e9s como algo l\u00f3gico que no se puede separar, est\u00e1 el amor a la Virgen la Madre de Jes\u00fas. Teresa que se va acercando cada vez m\u00e1s a Mar\u00eda como Madre, y por otro lado la Virgen que cuida de Teresa y la va llevando por los caminos de la vida espiritual, siempre en su compa\u00f1\u00eda: \u00abEs muy buena compa\u00f1\u00eda el buen Jes\u00fas, y su Sacrat\u00edsima Madre ( VI .M.)<\/p>\n\n\n\n<p>Entre los primeros recuerdos de la ni\u00f1a Teresa ya habla del amor a la Virgen. Su devoci\u00f3n mariana va creciendo de d\u00eda a d\u00eda, esta devoci\u00f3n nunca fue interrumpida en su vida por el paso de los a\u00f1os, sino que fue acrecentando. Tanto de ni\u00f1a como siendo monja madura, como en su ancianidad resplandece siempre la devoci\u00f3n para con Ella, que no fue tard\u00eda en los comienzos, ni interrumpida como en otras muchas almas, sino que a ella le dur\u00f3 lo que dur\u00f3 su vida. Y esto porque lo aprendi\u00f3 bien en su casa, de su madre con seis o siete a\u00f1os, ella nos cuenta: \u00abCon el cuidado que mi madre ten\u00eda de hacernos rezar en ponernos en ser devotos de nuestra Se\u00f1ora.. (V, 11) su madre les ense\u00f1\u00f3 algunas practicas de devoci\u00f3n muy concretas para dirigirse a la Virgen:\u00bb Procuraba soledad para rezar mis devociones, que eran hartas, en especial el rosario , de que mi madre era muy devota, y as\u00ed nos lo hac\u00eda serlo. Es de suponer, como otros muchos lo han experimentado, que el amor a la Madre del cielo, la necesidad de sentirse protegida, le pudo haber aumentado por haber perdido tan pronto a su madre de la tierra. As\u00ed lo vemos en otros santos muy devotos de la Virgen, y que perdieron de ni\u00f1os a su madre: Santa Teresita de Lisieux, San Juan Pablo II etc.<\/p>\n\n\n\n<p>Pidamos a la Virgen por medio de la oraci\u00f3n y suplica que nos acompa\u00f1e en toda nuestra vida.<\/p>\n\n\n\n<p>Hermanas Carmelitas<\/p><p><\/p>\n","protected":false},"excerpt":{"rendered":"<p>LA VIRGEN MAR\u00cdA EN LA VIDA DE SANTA TERESA DE JES\u00daS. De los amores que hay en el coraz\u00f3n de la Santa, como no pod\u00eda ser de otra manera, primero est\u00e1 el amor a Jesucristo de quien se enamor\u00f3 : \u00abDespu\u00e9s que vi la gran hermosura del Se\u00f1or, no ve\u00eda a nadie que su comparaci\u00f3n me pareciese bien y me&#8230;<\/p>\n<p> <a class=\"continue-reading-link\" href=\"https:\/\/iglesia-en-villar.es\/blog\/2025\/01\/23\/rincon-carmelitano-263\/\"><span>Leer m\u00e1s<\/span><i class=\"crycon-right-dir\"><\/i><\/a> <\/p>\n","protected":false},"author":53745,"featured_media":10930,"comment_status":"open","ping_status":"open","sticky":false,"template":"","format":"standard","meta":{"inline_featured_image":false,"footnotes":""},"categories":[5],"tags":[],"class_list":["post-10938","post","type-post","status-publish","format-standard","has-post-thumbnail","hentry","category-monasterio"],"better_featured_image":{"id":10930,"alt_text":"","caption":"","description":"","media_type":"image","media_details":{"width":170,"height":158,"file":"2025\/01\/zrincon.png","filesize":57859,"sizes":{"thumbnail":{"file":"zrincon-150x150.png","width":150,"height":150,"mime-type":"image\/png","filesize":45966,"source_url":"https:\/\/iglesia-en-villar.es\/blog\/wp-content\/uploads\/2025\/01\/zrincon-150x150.png"},"post-thumbnail":{"file":"zrincon-150x139.png","width":150,"height":139,"mime-type":"image\/png","filesize":43776,"source_url":"https:\/\/iglesia-en-villar.es\/blog\/wp-content\/uploads\/2025\/01\/zrincon-150x139.png"}},"image_meta":{"aperture":"0","credit":"","camera":"","caption":"","created_timestamp":"0","copyright":"","focal_length":"0","iso":"0","shutter_speed":"0","title":"","orientation":"0","keywords":[]}},"post":null,"source_url":"https:\/\/iglesia-en-villar.es\/blog\/wp-content\/uploads\/2025\/01\/zrincon.png"},"read":true,"_links":{"self":[{"href":"https:\/\/iglesia-en-villar.es\/blog\/wp-json\/wp\/v2\/posts\/10938","targetHints":{"allow":["GET"]}}],"collection":[{"href":"https:\/\/iglesia-en-villar.es\/blog\/wp-json\/wp\/v2\/posts"}],"about":[{"href":"https:\/\/iglesia-en-villar.es\/blog\/wp-json\/wp\/v2\/types\/post"}],"author":[{"embeddable":true,"href":"https:\/\/iglesia-en-villar.es\/blog\/wp-json\/wp\/v2\/users\/53745"}],"replies":[{"embeddable":true,"href":"https:\/\/iglesia-en-villar.es\/blog\/wp-json\/wp\/v2\/comments?post=10938"}],"version-history":[{"count":1,"href":"https:\/\/iglesia-en-villar.es\/blog\/wp-json\/wp\/v2\/posts\/10938\/revisions"}],"predecessor-version":[{"id":10939,"href":"https:\/\/iglesia-en-villar.es\/blog\/wp-json\/wp\/v2\/posts\/10938\/revisions\/10939"}],"wp:featuredmedia":[{"embeddable":true,"href":"https:\/\/iglesia-en-villar.es\/blog\/wp-json\/wp\/v2\/media\/10930"}],"wp:attachment":[{"href":"https:\/\/iglesia-en-villar.es\/blog\/wp-json\/wp\/v2\/media?parent=10938"}],"wp:term":[{"taxonomy":"category","embeddable":true,"href":"https:\/\/iglesia-en-villar.es\/blog\/wp-json\/wp\/v2\/categories?post=10938"},{"taxonomy":"post_tag","embeddable":true,"href":"https:\/\/iglesia-en-villar.es\/blog\/wp-json\/wp\/v2\/tags?post=10938"}],"curies":[{"name":"wp","href":"https:\/\/api.w.org\/{rel}","templated":true}]}}