{"id":10940,"date":"2025-01-23T11:00:57","date_gmt":"2025-01-23T10:00:57","guid":{"rendered":"https:\/\/iglesia-en-villar.es\/blog\/?p=10940"},"modified":"2025-01-23T11:00:58","modified_gmt":"2025-01-23T10:00:58","slug":"editorial-255","status":"publish","type":"post","link":"https:\/\/iglesia-en-villar.es\/blog\/2025\/01\/23\/editorial-255\/","title":{"rendered":"Editorial"},"content":{"rendered":"\n<h2 class=\"wp-block-heading has-text-align-center\"><strong>En los brazos de la Paz<\/strong><\/h2>\n\n\n\n<p>Desde la quietud de este rinc\u00f3n, desde donde escribo estas palabras, despu\u00e9s de finalizar el novenario a la Virgen de la Paz, el alma se despoja de todo lo superfluo y se prepara para celebrar a Nuestra Se\u00f1ora de la Paz, Reina y Madre de Villar del Arzobispo. Nueve d\u00edas hemos compartido el fervor de una novena, nueve d\u00edas para ahondar en nuestra relaci\u00f3n con Ella, para pedir con humildad y recibir con gratitud los dones de su intercesi\u00f3n.<\/p>\n\n\n\n<p>Estos d\u00edas han sido como un b\u00e1lsamo para el alma, un oasis en medio del desierto de nuestras vidas. Hemos sentido la cercan\u00eda de Mar\u00eda, su maternal cuidado, su mirada compasiva. Como dice San Juan de la Cruz, \u00abEl alma que est\u00e1 en Dios, est\u00e1 en su madre\u00bb. Y nosotros, hijos de Villar del Arzobispo, nos sentimos arropados por el manto protector de nuestra Madre del Cielo.<\/p>\n\n\n\n<p>Hemos pedido con insistencia los frutos del Esp\u00edritu Santo: amor, alegr\u00eda, paz&#8230; frutos que nos acercan m\u00e1s a Cristo, nuestro Salvador. Y sabemos que Ella, nuestra Madre, los ha intercedido por nosotros ante el trono de su Hijo. Como dice Santa Teresa de Jes\u00fas, \u00abMar\u00eda es la abogada nuestra, y tan buena madre, que no deja de rogar por sus hijos\u00bb.<\/p>\n\n\n\n<p>Villar del Arzobispo, pueblo m\u00edo, hoy celebramos a nuestra Patrona con el coraz\u00f3n colmado de gratitud. Nuestra Se\u00f1ora de la Paz nos ha unido m\u00e1s como comunidad, nos ha fortalecido en nuestra fe y nos ha mostrado el camino hacia la santidad.<\/p>\n\n\n\n<p>\u00abMar\u00eda, llena de gracia, el Se\u00f1or es contigo\u00bb, as\u00ed comenz\u00f3 la historia de la salvaci\u00f3n. Y desde entonces, Mar\u00eda ha sido la compa\u00f1era inseparable de los creyentes. Como dice San Bernardo de Claraval, \u00abMar\u00eda es el camino que conduce a Jes\u00fas\u00bb.<\/p>\n\n\n\n<p>En estos d\u00edas grandes, cuando salimos a las calles a acompa\u00f1ar a nuestra Madre, llevemos en el coraz\u00f3n la promesa de Jes\u00fas: \u00abEl que viene a m\u00ed no tendr\u00e1 hambre, y el que cree en m\u00ed nunca tendr\u00e1 sed\u00bb (Juan 6,35). Que la Virgen de la Paz nos ayude a vivir siempre unidos a su Hijo, a beber de la fuente de la vida eterna.<\/p>\n\n\n\n<p>Que la Paz de Cristo y Nuestra Se\u00f1ora de la Paz reinen en nuestros corazones y en nuestros hogares. Am\u00e9n.<\/p><p><\/p>\n","protected":false},"excerpt":{"rendered":"<p>En los brazos de la Paz Desde la quietud de este rinc\u00f3n, desde donde escribo estas palabras, despu\u00e9s de finalizar el novenario a la Virgen de la Paz, el alma se despoja de todo lo superfluo y se prepara para celebrar a Nuestra Se\u00f1ora de la Paz, Reina y Madre de Villar del Arzobispo. Nueve d\u00edas hemos compartido el fervor&#8230;<\/p>\n<p> <a class=\"continue-reading-link\" href=\"https:\/\/iglesia-en-villar.es\/blog\/2025\/01\/23\/editorial-255\/\"><span>Leer m\u00e1s<\/span><i class=\"crycon-right-dir\"><\/i><\/a> <\/p>\n","protected":false},"author":53745,"featured_media":10931,"comment_status":"open","ping_status":"open","sticky":false,"template":"","format":"standard","meta":{"inline_featured_image":false,"footnotes":""},"categories":[13],"tags":[],"class_list":["post-10940","post","type-post","status-publish","format-standard","has-post-thumbnail","hentry","category-editorial"],"better_featured_image":{"id":10931,"alt_text":"","caption":"","description":"","media_type":"image","media_details":{"width":451,"height":461,"file":"2025\/01\/virgen.png","filesize":390155,"sizes":{"medium":{"file":"virgen-293x300.png","width":293,"height":300,"mime-type":"image\/png","filesize":168347,"source_url":"https:\/\/iglesia-en-villar.es\/blog\/wp-content\/uploads\/2025\/01\/virgen-293x300.png"},"thumbnail":{"file":"virgen-150x150.png","width":150,"height":150,"mime-type":"image\/png","filesize":48537,"source_url":"https:\/\/iglesia-en-villar.es\/blog\/wp-content\/uploads\/2025\/01\/virgen-150x150.png"},"post-thumbnail":{"file":"virgen-147x150.png","width":147,"height":150,"mime-type":"image\/png","filesize":47325,"source_url":"https:\/\/iglesia-en-villar.es\/blog\/wp-content\/uploads\/2025\/01\/virgen-147x150.png"},"header":{"file":"virgen-451x230.png","width":451,"height":230,"mime-type":"image\/png","filesize":199308,"source_url":"https:\/\/iglesia-en-villar.es\/blog\/wp-content\/uploads\/2025\/01\/virgen-451x230.png"},"columns":{"file":"virgen-330x300.png","width":330,"height":300,"mime-type":"image\/png","filesize":187618,"source_url":"https:\/\/iglesia-en-villar.es\/blog\/wp-content\/uploads\/2025\/01\/virgen-330x300.png"},"custom":{"file":"virgen-250x256.png","width":250,"height":256,"mime-type":"image\/png","filesize":126581,"source_url":"https:\/\/iglesia-en-villar.es\/blog\/wp-content\/uploads\/2025\/01\/virgen-250x256.png"}},"image_meta":{"aperture":"0","credit":"","camera":"","caption":"","created_timestamp":"0","copyright":"","focal_length":"0","iso":"0","shutter_speed":"0","title":"","orientation":"0","keywords":[]}},"post":null,"source_url":"https:\/\/iglesia-en-villar.es\/blog\/wp-content\/uploads\/2025\/01\/virgen.png"},"read":true,"_links":{"self":[{"href":"https:\/\/iglesia-en-villar.es\/blog\/wp-json\/wp\/v2\/posts\/10940","targetHints":{"allow":["GET"]}}],"collection":[{"href":"https:\/\/iglesia-en-villar.es\/blog\/wp-json\/wp\/v2\/posts"}],"about":[{"href":"https:\/\/iglesia-en-villar.es\/blog\/wp-json\/wp\/v2\/types\/post"}],"author":[{"embeddable":true,"href":"https:\/\/iglesia-en-villar.es\/blog\/wp-json\/wp\/v2\/users\/53745"}],"replies":[{"embeddable":true,"href":"https:\/\/iglesia-en-villar.es\/blog\/wp-json\/wp\/v2\/comments?post=10940"}],"version-history":[{"count":1,"href":"https:\/\/iglesia-en-villar.es\/blog\/wp-json\/wp\/v2\/posts\/10940\/revisions"}],"predecessor-version":[{"id":10941,"href":"https:\/\/iglesia-en-villar.es\/blog\/wp-json\/wp\/v2\/posts\/10940\/revisions\/10941"}],"wp:featuredmedia":[{"embeddable":true,"href":"https:\/\/iglesia-en-villar.es\/blog\/wp-json\/wp\/v2\/media\/10931"}],"wp:attachment":[{"href":"https:\/\/iglesia-en-villar.es\/blog\/wp-json\/wp\/v2\/media?parent=10940"}],"wp:term":[{"taxonomy":"category","embeddable":true,"href":"https:\/\/iglesia-en-villar.es\/blog\/wp-json\/wp\/v2\/categories?post=10940"},{"taxonomy":"post_tag","embeddable":true,"href":"https:\/\/iglesia-en-villar.es\/blog\/wp-json\/wp\/v2\/tags?post=10940"}],"curies":[{"name":"wp","href":"https:\/\/api.w.org\/{rel}","templated":true}]}}