{"id":10971,"date":"2025-02-07T11:10:30","date_gmt":"2025-02-07T10:10:30","guid":{"rendered":"https:\/\/iglesia-en-villar.es\/blog\/?p=10971"},"modified":"2025-02-07T11:10:31","modified_gmt":"2025-02-07T10:10:31","slug":"rincon-carmelitano-265","status":"publish","type":"post","link":"https:\/\/iglesia-en-villar.es\/blog\/2025\/02\/07\/rincon-carmelitano-265\/","title":{"rendered":"Rinc\u00f3n Carmelitano"},"content":{"rendered":"\n<h2 class=\"wp-block-heading has-text-align-center\"><strong>MI CAMINO SE BASA EN LA CONFIANZA Y EL AMOR<\/strong><\/h2>\n\n\n\n<p style=\"text-align: center;\">(Santa Teresita del Ni\u00f1o Jes\u00fas )<\/p>\n\n\n\n<p>A Santa Teresita del Ni\u00f1o Jes\u00fas no le gustaban los discursos elevados, las palabras hermosas, las figuras ret\u00f3ricas tan apreciadas por el lenguaje religioso. Los sent\u00eda inaut\u00e9nticos, percib\u00eda algo exagerado, artificial, que los aleja de la verdad de la vida concreta del hombre y de la verdad del Evangelio. Los libros complicados, \u00ablos tratados espirituales, en los que la perfecci\u00f3n se presenta a trav\u00e9s de mil obst\u00e1culos, rodeada de una multitud de ilusiones\u00bb (Carta 226) le dan dolor de cabeza y le seca el coraz\u00f3n.<\/p>\n\n\n\n<p>Al contrario, cada vez que retoma la Sagrada Escritura todo se ilumina: \u00abuna sola palabra revelan a mi alma horizontes infinitos; la perfecci\u00f3n me parece f\u00e1cil; basta con reconocer la propia nada y abandonarse como un ni\u00f1o en los brazos del buen Dios\u00bb.<\/p>\n\n\n\n<p>Para Santa Teresita, la confianza fue la culminaci\u00f3n de un camino. No es casualidad de que Teresita hable a menudo del camino de la confianza, que propone un camino de crecimiento humano y espiritual. Adem\u00e1s la confianza suele aparecer junto con el amor. \u00bb mi camino es todo de confianza y amor\u00bb el amor es objetivo que persigue a Teresita desde peque\u00f1a. Teresita s\u00f3lo deseaba una cosa: amar a Jes\u00fas y difundir su amor a las almas. Por eso no dud\u00f3 en darlo todo entrando en el Carmelo.<\/p>\n\n\n\n<p>Hermanas Carmelitas<\/p><p><\/p>\n","protected":false},"excerpt":{"rendered":"<p>MI CAMINO SE BASA EN LA CONFIANZA Y EL AMOR (Santa Teresita del Ni\u00f1o Jes\u00fas ) A Santa Teresita del Ni\u00f1o Jes\u00fas no le gustaban los discursos elevados, las palabras hermosas, las figuras ret\u00f3ricas tan apreciadas por el lenguaje religioso. Los sent\u00eda inaut\u00e9nticos, percib\u00eda algo exagerado, artificial, que los aleja de la verdad de la vida concreta del hombre y&#8230;<\/p>\n<p> <a class=\"continue-reading-link\" href=\"https:\/\/iglesia-en-villar.es\/blog\/2025\/02\/07\/rincon-carmelitano-265\/\"><span>Leer m\u00e1s<\/span><i class=\"crycon-right-dir\"><\/i><\/a> <\/p>\n","protected":false},"author":53745,"featured_media":10963,"comment_status":"open","ping_status":"open","sticky":false,"template":"","format":"standard","meta":{"inline_featured_image":false,"footnotes":""},"categories":[5],"tags":[],"class_list":["post-10971","post","type-post","status-publish","format-standard","has-post-thumbnail","hentry","category-monasterio"],"better_featured_image":{"id":10963,"alt_text":"","caption":"","description":"","media_type":"image","media_details":{"width":211,"height":148,"file":"2025\/02\/ZZ-RINCON.png","filesize":70827,"sizes":{"thumbnail":{"file":"ZZ-RINCON-150x148.png","width":150,"height":148,"mime-type":"image\/png","filesize":50675,"source_url":"https:\/\/iglesia-en-villar.es\/blog\/wp-content\/uploads\/2025\/02\/ZZ-RINCON-150x148.png"},"post-thumbnail":{"file":"ZZ-RINCON-150x105.png","width":150,"height":105,"mime-type":"image\/png","filesize":35728,"source_url":"https:\/\/iglesia-en-villar.es\/blog\/wp-content\/uploads\/2025\/02\/ZZ-RINCON-150x105.png"}},"image_meta":{"aperture":"0","credit":"","camera":"","caption":"","created_timestamp":"0","copyright":"","focal_length":"0","iso":"0","shutter_speed":"0","title":"","orientation":"0","keywords":[]}},"post":null,"source_url":"https:\/\/iglesia-en-villar.es\/blog\/wp-content\/uploads\/2025\/02\/ZZ-RINCON.png"},"read":true,"_links":{"self":[{"href":"https:\/\/iglesia-en-villar.es\/blog\/wp-json\/wp\/v2\/posts\/10971","targetHints":{"allow":["GET"]}}],"collection":[{"href":"https:\/\/iglesia-en-villar.es\/blog\/wp-json\/wp\/v2\/posts"}],"about":[{"href":"https:\/\/iglesia-en-villar.es\/blog\/wp-json\/wp\/v2\/types\/post"}],"author":[{"embeddable":true,"href":"https:\/\/iglesia-en-villar.es\/blog\/wp-json\/wp\/v2\/users\/53745"}],"replies":[{"embeddable":true,"href":"https:\/\/iglesia-en-villar.es\/blog\/wp-json\/wp\/v2\/comments?post=10971"}],"version-history":[{"count":1,"href":"https:\/\/iglesia-en-villar.es\/blog\/wp-json\/wp\/v2\/posts\/10971\/revisions"}],"predecessor-version":[{"id":10972,"href":"https:\/\/iglesia-en-villar.es\/blog\/wp-json\/wp\/v2\/posts\/10971\/revisions\/10972"}],"wp:featuredmedia":[{"embeddable":true,"href":"https:\/\/iglesia-en-villar.es\/blog\/wp-json\/wp\/v2\/media\/10963"}],"wp:attachment":[{"href":"https:\/\/iglesia-en-villar.es\/blog\/wp-json\/wp\/v2\/media?parent=10971"}],"wp:term":[{"taxonomy":"category","embeddable":true,"href":"https:\/\/iglesia-en-villar.es\/blog\/wp-json\/wp\/v2\/categories?post=10971"},{"taxonomy":"post_tag","embeddable":true,"href":"https:\/\/iglesia-en-villar.es\/blog\/wp-json\/wp\/v2\/tags?post=10971"}],"curies":[{"name":"wp","href":"https:\/\/api.w.org\/{rel}","templated":true}]}}