{"id":10973,"date":"2025-02-07T11:18:12","date_gmt":"2025-02-07T10:18:12","guid":{"rendered":"https:\/\/iglesia-en-villar.es\/blog\/?p=10973"},"modified":"2025-02-07T11:18:13","modified_gmt":"2025-02-07T10:18:13","slug":"editorial-257","status":"publish","type":"post","link":"https:\/\/iglesia-en-villar.es\/blog\/2025\/02\/07\/editorial-257\/","title":{"rendered":"Editorial"},"content":{"rendered":"\n<h2 class=\"wp-block-heading has-text-align-center\"><strong>Manos Unidas y la Civilizaci\u00f3n del Amor<\/strong><\/h2>\n\n\n\n<p>En el silencio de la noche, mientras el mundo gira entre luces y sombras, hay un grito que atraviesa fronteras: el clamor de quienes no tienen pan, ni agua, ni esperanza. Es un gemido que resuena en el coraz\u00f3n de Dios y que, desde hace d\u00e9cadas, encuentra respuesta en las manos unidas de quienes creen que otro mundo es posible. Este fin de semana, la Jornada Mundial contra el Hambre convocada por Manos Unidas nos invita a no cerrar los ojos ante el dolor de los hermanos, sino a convertir nuestra fe en obras, nuestra oraci\u00f3n en pan y nuestra caridad en justicia.<\/p>\n\n\n\n<p>Desde su origen, Manos Unidas ha sido un reflejo del amor encarnado. Aquellas mujeres de Acci\u00f3n Cat\u00f3lica que, movidas por la intuici\u00f3n evang\u00e9lica, decidieron responder al hambre con solidaridad, sembraron una semilla que hoy es \u00e1rbol frondoso. Como recuerda el papa Francisco, no basta con lamentar las injusticias; hay que \u00abponerse manos a la obra\u00bb. Este s\u00e1bado 8 de febrero en la Jornada central, la Iglesia nos llama a vivir un tiempo de gracia: compartir no como acto de caridad ocasional, sino como estilo de vida que desvela nuestra verdadera riqueza.<\/p>\n\n\n\n<p>Los n\u00fameros duelen: el 29% de la humanidad vive en inseguridad alimentaria, y en \u00c1frica, la cifra alcanza el 58%. Detr\u00e1s de cada porcentaje hay rostros concretos, historias de madres que caminan kil\u00f3metros por un poco de agua, ni\u00f1os cuyos sue\u00f1os se apagan en aulas sin libros, ancianos que mueren sin haber conocido la dignidad. El hambre no es una fatalidad, sino un esc\u00e1ndalo que clama al cielo. Es fruto de un sistema que olvida al hombre para adorar al \u00eddolo del beneficio, de una econom\u00eda que mata mientras acumula, de un pecado colectivo que nos endurece el coraz\u00f3n.<\/p>\n\n\n\n<p>Pero en medio de este valle de l\u00e1grimas, Manos Unidas se alza como peregrina de esperanza. Sus 530 proyectos en 51 pa\u00edses son testimonio de que la civilizaci\u00f3n del Amor no es una utop\u00eda. Escuelas que iluminan mentes, pozos que sacian sedientos, mujeres que reconstruyen su vida con dignidad, comunidades que siembran justicia frente al cambio clim\u00e1tico\u2026 Cada obra es un milagro cotidiano, una gota en el oc\u00e9ano que, unida a otras, puede calmarlo. Como dec\u00eda la Madre Teresa de Calcuta, el oc\u00e9ano de la misericordia se compone de infinitas gotas de amor.<\/p>\n\n\n\n<p>La campa\u00f1a de este a\u00f1o, \u00abCompartir es nuestra mayor riqueza\u00bb, nos interpela a una conversi\u00f3n radical. No basta con dar limosna; hay que transformar las estructuras del ego\u00edsmo. La verdadera conversi\u00f3n, como ense\u00f1a el Evangelio, pasa por el bolsillo: exige desprendernos de lo superfluo para que otros tengan lo necesario, cuestionar un modelo econ\u00f3mico que concentra riquezas en pocas manos y deja a millones en la intemperie. Es un llamado a mirar con los ojos de Cristo, a descubrir en el hambriento el rostro del Se\u00f1or que nos dice: \u00abTuve hambre, y me disteis de comer\u00bb (Mt 25,35).<\/p>\n\n\n\n<p>Hermanos, no cerremos los o\u00eddos al gemido de los pobres. Este fin de semana, dejemos que la generosidad nos llene de Dios. Porque, como escribi\u00f3 san Juan Cris\u00f3stomo, \u00abel que tiene misericordia del pobre, presta a Dios\u00bb. Y en ese pr\u00e9stamo, encontramos nuestra salvaci\u00f3n.<\/p><p><\/p>\n","protected":false},"excerpt":{"rendered":"<p>Manos Unidas y la Civilizaci\u00f3n del Amor En el silencio de la noche, mientras el mundo gira entre luces y sombras, hay un grito que atraviesa fronteras: el clamor de quienes no tienen pan, ni agua, ni esperanza. Es un gemido que resuena en el coraz\u00f3n de Dios y que, desde hace d\u00e9cadas, encuentra respuesta en las manos unidas de&#8230;<\/p>\n<p> <a class=\"continue-reading-link\" href=\"https:\/\/iglesia-en-villar.es\/blog\/2025\/02\/07\/editorial-257\/\"><span>Leer m\u00e1s<\/span><i class=\"crycon-right-dir\"><\/i><\/a> <\/p>\n","protected":false},"author":53745,"featured_media":10965,"comment_status":"open","ping_status":"open","sticky":false,"template":"","format":"standard","meta":{"inline_featured_image":false,"footnotes":""},"categories":[13],"tags":[],"class_list":["post-10973","post","type-post","status-publish","format-standard","has-post-thumbnail","hentry","category-editorial"],"better_featured_image":{"id":10965,"alt_text":"","caption":"","description":"","media_type":"image","media_details":{"width":385,"height":574,"file":"2025\/02\/PHOTO-2025-02-06-21-52-35.jpg","filesize":41615,"sizes":{"medium":{"file":"PHOTO-2025-02-06-21-52-35-201x300.jpg","width":201,"height":300,"mime-type":"image\/jpeg","filesize":21345,"source_url":"https:\/\/iglesia-en-villar.es\/blog\/wp-content\/uploads\/2025\/02\/PHOTO-2025-02-06-21-52-35-201x300.jpg"},"thumbnail":{"file":"PHOTO-2025-02-06-21-52-35-150x150.jpg","width":150,"height":150,"mime-type":"image\/jpeg","filesize":8966,"source_url":"https:\/\/iglesia-en-villar.es\/blog\/wp-content\/uploads\/2025\/02\/PHOTO-2025-02-06-21-52-35-150x150.jpg"},"post-thumbnail":{"file":"PHOTO-2025-02-06-21-52-35-101x150.jpg","width":101,"height":150,"mime-type":"image\/jpeg","filesize":6698,"source_url":"https:\/\/iglesia-en-villar.es\/blog\/wp-content\/uploads\/2025\/02\/PHOTO-2025-02-06-21-52-35-101x150.jpg"},"header":{"file":"PHOTO-2025-02-06-21-52-35-385x230.jpg","width":385,"height":230,"mime-type":"image\/jpeg","filesize":26990,"source_url":"https:\/\/iglesia-en-villar.es\/blog\/wp-content\/uploads\/2025\/02\/PHOTO-2025-02-06-21-52-35-385x230.jpg"},"columns":{"file":"PHOTO-2025-02-06-21-52-35-330x300.jpg","width":330,"height":300,"mime-type":"image\/jpeg","filesize":28928,"source_url":"https:\/\/iglesia-en-villar.es\/blog\/wp-content\/uploads\/2025\/02\/PHOTO-2025-02-06-21-52-35-330x300.jpg"},"custom":{"file":"PHOTO-2025-02-06-21-52-35-250x373.jpg","width":250,"height":373,"mime-type":"image\/jpeg","filesize":30433,"source_url":"https:\/\/iglesia-en-villar.es\/blog\/wp-content\/uploads\/2025\/02\/PHOTO-2025-02-06-21-52-35-250x373.jpg"}},"image_meta":{"aperture":"0","credit":"","camera":"","caption":"","created_timestamp":"0","copyright":"","focal_length":"0","iso":"0","shutter_speed":"0","title":"","orientation":"0","keywords":[]}},"post":null,"source_url":"https:\/\/iglesia-en-villar.es\/blog\/wp-content\/uploads\/2025\/02\/PHOTO-2025-02-06-21-52-35.jpg"},"read":true,"_links":{"self":[{"href":"https:\/\/iglesia-en-villar.es\/blog\/wp-json\/wp\/v2\/posts\/10973","targetHints":{"allow":["GET"]}}],"collection":[{"href":"https:\/\/iglesia-en-villar.es\/blog\/wp-json\/wp\/v2\/posts"}],"about":[{"href":"https:\/\/iglesia-en-villar.es\/blog\/wp-json\/wp\/v2\/types\/post"}],"author":[{"embeddable":true,"href":"https:\/\/iglesia-en-villar.es\/blog\/wp-json\/wp\/v2\/users\/53745"}],"replies":[{"embeddable":true,"href":"https:\/\/iglesia-en-villar.es\/blog\/wp-json\/wp\/v2\/comments?post=10973"}],"version-history":[{"count":1,"href":"https:\/\/iglesia-en-villar.es\/blog\/wp-json\/wp\/v2\/posts\/10973\/revisions"}],"predecessor-version":[{"id":10974,"href":"https:\/\/iglesia-en-villar.es\/blog\/wp-json\/wp\/v2\/posts\/10973\/revisions\/10974"}],"wp:featuredmedia":[{"embeddable":true,"href":"https:\/\/iglesia-en-villar.es\/blog\/wp-json\/wp\/v2\/media\/10965"}],"wp:attachment":[{"href":"https:\/\/iglesia-en-villar.es\/blog\/wp-json\/wp\/v2\/media?parent=10973"}],"wp:term":[{"taxonomy":"category","embeddable":true,"href":"https:\/\/iglesia-en-villar.es\/blog\/wp-json\/wp\/v2\/categories?post=10973"},{"taxonomy":"post_tag","embeddable":true,"href":"https:\/\/iglesia-en-villar.es\/blog\/wp-json\/wp\/v2\/tags?post=10973"}],"curies":[{"name":"wp","href":"https:\/\/api.w.org\/{rel}","templated":true}]}}