{"id":11071,"date":"2025-03-28T11:45:22","date_gmt":"2025-03-28T10:45:22","guid":{"rendered":"https:\/\/iglesia-en-villar.es\/blog\/?p=11071"},"modified":"2025-03-28T11:45:22","modified_gmt":"2025-03-28T10:45:22","slug":"avisos-243","status":"publish","type":"post","link":"https:\/\/iglesia-en-villar.es\/blog\/2025\/03\/28\/avisos-243\/","title":{"rendered":"Avisos"},"content":{"rendered":"\n<p><strong>VIA CRUCIS<\/strong><\/p>\n\n\n\n<p>CON LA CUARESMA, LLEGAN CADA VIERNES EL REZO DEL SANTO VIACRUCIS. ORACI\u00d3N EN LA QUE VAMOS MEDITANDO EN CADA ESTACI\u00d3N LA PASI\u00d3N DE NUESTRO SE\u00d1OR. ANIMAROS A TODOS A PARTICIPAR<\/p>\n\n\n\n<p><strong>JUBILEO DE NUESTRA VICAR\u00cdA<\/strong><\/p>\n\n\n\n<p>EL 5 DE ABRIL TENDR\u00c1 LUGAR LA PEREGRINACI\u00d3N JUBILAR DE NUESTRA VICARIA<\/p>\n\n\n\n<p>COMENZAR\u00c1 A LAS 10:30H EN LA PLAZA DE LA ALMOINA PARA IR EN PROCESI\u00d3N A LA CATEDRAL Y CELEBRAR LA EUCARIST\u00cdA.<\/p>\n\n\n\n<p>APUNTAROS EN LA SACRIST\u00cdA PARA CONTRATAR AUTOB\u00daS Y COMIDA. EL PRECIO SER\u00c1 40 EUROS TODO INCLUIDO, AUTOB\u00daS Y COMIDA<\/p>\n\n\n\n<p><strong>SEPTENARIO DE LA VIRGEN DE LOS DOLORES<\/strong><\/p>\n\n\n\n<p>EL VIERNES 4 DE ABRIL COMENZAMOS CON EL SEPTENARIO A LA VIRGEN DE LOS DOLORES QUE CONCLUIR\u00c1 EL JUEVES 10 DE ABRIL PARA CELEBRAR EL D\u00cdA 11 EL VIERNES DE DOLOR. CADA D\u00cdA DESPU\u00c9S DEL REZO DEL ROSARIO TENDR\u00c1 LUGAR EL SEPTENARIO.<\/p>\n\n\n\n<p><strong>CHARLAS CUARESMALES<\/strong><\/p>\n\n\n\n<p>LOS MARTES 1 Y 8 DE ABRIL TENDR\u00c1N LUGAR LAS CHARLAS CUARESMALES. CONTINUAREMOS CON LA ORACI\u00d3N COMO TEMA CENTRAL, SIGUIENDO EL<\/p>\n\n\n\n<p>ITINERARIO DIOCESANO PROPUESTO PARA ESTE A\u00d1O JUBILAR. LAS CHARLAS COMENZAR\u00c1N A LAS 18:30.<\/p>\n<p align=\"center\"><span style=\"font-family: Liberation Serif, serif;\"><span style=\"font-size: small;\"><b>LIMPIEZA MES DE ABRIL<\/b><\/span><\/span><\/p>\n<p><span style=\"font-family: Liberation Serif, serif;\"><span style=\"font-size: small;\"><b>TEMPLO:<\/b><\/span><\/span><\/p>\n<p><span style=\"font-family: Liberation Serif, serif;\"><span style=\"font-size: small;\">CONCHIN SILVESTRE BALAGUER<\/span><\/span><\/p>\n<p><span style=\"font-family: Liberation Serif, serif;\"><span style=\"font-size: small;\">CARMEN ESTEVAN ADRI\u00c1N<\/span><\/span><\/p>\n<p><span style=\"font-family: Liberation Serif, serif;\"><span style=\"font-size: small;\">M. PAZ GARC\u00cdA BARRACHINA <\/span><\/span><\/p>\n<p><span style=\"font-family: Liberation Serif, serif;\"><span style=\"font-size: small;\">REYES ESTEVAN ADRI\u00c1N<\/span><\/span><\/p>\n<p><span style=\"font-family: Liberation Serif, serif;\"><span style=\"font-size: small;\">M. ASUNCI\u00d3N MIRALLES ESTEVAN<\/span><\/span><\/p>\n<p><span style=\"font-family: Liberation Serif, serif;\"><span style=\"font-size: small;\">MARILIN ZALDIVAR GUERRA<\/span><\/span><\/p>\n<p><span style=\"font-family: Liberation Serif, serif;\"><span style=\"font-size: small;\">PILAR APAR\u00cdCIO MOLINA<\/span><\/span><\/p>\n<p><span style=\"font-family: Liberation Serif, serif;\"><span style=\"font-size: small;\">M. CRUZ CASTELLANO CERVERA<\/span><\/span><\/p>\n<p><span style=\"font-family: Liberation Serif, serif;\"><span style=\"font-size: small;\">M. PAZ USACH SANZ<\/span><\/span><\/p>\n<p><span style=\"font-family: Liberation Serif, serif;\"><span style=\"font-size: small;\"><u>COLABORADORAS EN PRODUCTOS LIMPIEZA<\/u><\/span><\/span><\/p>\n<p><span style=\"font-family: Liberation Serif, serif;\"><span style=\"font-size: small;\">ELENA RODILLA TORTAJADA<\/span><\/span><\/p>\n<p><span style=\"font-family: Liberation Serif, serif;\"><span style=\"font-size: small;\">ENCARNA PORTER PORTER<\/span><\/span><\/p>\n<p><span style=\"font-family: Liberation Serif, serif;\"><span style=\"font-size: small;\">CARMEN ADRI\u00c1N ESTEVAN<\/span><\/span><\/p>\n<p><span style=\"font-family: Liberation Serif, serif;\"><span style=\"font-size: small;\"><b>LOCALES:<\/b><\/span><\/span><\/p>\n<p lang=\"es\"><span style=\"font-family: Liberation Serif, serif;\"><span style=\"font-size: small;\"><b>DEL 1 AL 15<\/b><\/span><\/span><\/p>\n<p lang=\"es\"><span style=\"font-family: Liberation Serif, serif;\"><span style=\"font-size: small;\">M. Carmen Moreno y Marilo Angulo<\/span><\/span><\/p>\n<p lang=\"es\"><span style=\"font-family: Liberation Serif, serif;\"><span style=\"font-size: small;\"><b>DEL 16 AL 30<\/b><\/span><\/span><\/p>\n<p lang=\"es\"><span style=\"font-family: Liberation Serif, serif;\"><span style=\"font-size: small;\">Rocio Gil Gil y Pepita Torralba<\/span><\/span><\/p>\n<p lang=\"es\"><span style=\"font-family: Liberation Serif, serif;\"><span style=\"font-size: small;\"><b>ENCARGADAS DEL ACEITE:<\/b><\/span><\/span><\/p>\n<p><span style=\"color: #000000;\"><span style=\"font-family: Liberation Serif, serif;\"><span style=\"font-size: small;\">TERESA MINGUEZ IBA\u00d1EZ<\/span><\/span><\/span><\/p>\n<p><span style=\"color: #000000;\"><span style=\"font-family: Liberation Serif, serif;\"><span style=\"font-size: small;\">M. LUZ ALIAGA DIAGO<\/span><\/span><\/span><\/p>\n<p><span style=\"color: #000000;\"><span style=\"font-family: Liberation Serif, serif;\"><span style=\"font-size: small;\">ENCARNA PORTER PORTER<\/span><\/span><\/span><\/p>\n<p>\u00a0<\/p>\n","protected":false},"excerpt":{"rendered":"<p>VIA CRUCIS CON LA CUARESMA, LLEGAN CADA VIERNES EL REZO DEL SANTO VIACRUCIS. ORACI\u00d3N EN LA QUE VAMOS MEDITANDO EN CADA ESTACI\u00d3N LA PASI\u00d3N DE NUESTRO SE\u00d1OR. ANIMAROS A TODOS A PARTICIPAR JUBILEO DE NUESTRA VICAR\u00cdA EL 5 DE ABRIL TENDR\u00c1 LUGAR LA PEREGRINACI\u00d3N JUBILAR DE NUESTRA VICARIA COMENZAR\u00c1 A LAS 10:30H EN LA PLAZA DE LA ALMOINA PARA IR&#8230;<\/p>\n<p> <a class=\"continue-reading-link\" href=\"https:\/\/iglesia-en-villar.es\/blog\/2025\/03\/28\/avisos-243\/\"><span>Leer m\u00e1s<\/span><i class=\"crycon-right-dir\"><\/i><\/a> <\/p>\n","protected":false},"author":53745,"featured_media":11068,"comment_status":"open","ping_status":"open","sticky":false,"template":"","format":"standard","meta":{"inline_featured_image":false,"footnotes":""},"categories":[10],"tags":[],"class_list":["post-11071","post","type-post","status-publish","format-standard","has-post-thumbnail","hentry","category-avisos"],"better_featured_image":{"id":11068,"alt_text":"","caption":"","description":"","media_type":"image","media_details":{"width":231,"height":219,"file":"2025\/03\/ZZ-AVISOS.jpeg","filesize":6757,"sizes":{"thumbnail":{"file":"ZZ-AVISOS-150x150.jpeg","width":150,"height":150,"mime-type":"image\/jpeg","filesize":5017,"source_url":"https:\/\/iglesia-en-villar.es\/blog\/wp-content\/uploads\/2025\/03\/ZZ-AVISOS-150x150.jpeg"},"post-thumbnail":{"file":"ZZ-AVISOS-150x142.jpeg","width":150,"height":142,"mime-type":"image\/jpeg","filesize":4771,"source_url":"https:\/\/iglesia-en-villar.es\/blog\/wp-content\/uploads\/2025\/03\/ZZ-AVISOS-150x142.jpeg"}},"image_meta":{"aperture":"0","credit":"","camera":"","caption":"","created_timestamp":"0","copyright":"","focal_length":"0","iso":"0","shutter_speed":"0","title":"","orientation":"0","keywords":[]}},"post":null,"source_url":"https:\/\/iglesia-en-villar.es\/blog\/wp-content\/uploads\/2025\/03\/ZZ-AVISOS.jpeg"},"read":true,"_links":{"self":[{"href":"https:\/\/iglesia-en-villar.es\/blog\/wp-json\/wp\/v2\/posts\/11071","targetHints":{"allow":["GET"]}}],"collection":[{"href":"https:\/\/iglesia-en-villar.es\/blog\/wp-json\/wp\/v2\/posts"}],"about":[{"href":"https:\/\/iglesia-en-villar.es\/blog\/wp-json\/wp\/v2\/types\/post"}],"author":[{"embeddable":true,"href":"https:\/\/iglesia-en-villar.es\/blog\/wp-json\/wp\/v2\/users\/53745"}],"replies":[{"embeddable":true,"href":"https:\/\/iglesia-en-villar.es\/blog\/wp-json\/wp\/v2\/comments?post=11071"}],"version-history":[{"count":1,"href":"https:\/\/iglesia-en-villar.es\/blog\/wp-json\/wp\/v2\/posts\/11071\/revisions"}],"predecessor-version":[{"id":11072,"href":"https:\/\/iglesia-en-villar.es\/blog\/wp-json\/wp\/v2\/posts\/11071\/revisions\/11072"}],"wp:featuredmedia":[{"embeddable":true,"href":"https:\/\/iglesia-en-villar.es\/blog\/wp-json\/wp\/v2\/media\/11068"}],"wp:attachment":[{"href":"https:\/\/iglesia-en-villar.es\/blog\/wp-json\/wp\/v2\/media?parent=11071"}],"wp:term":[{"taxonomy":"category","embeddable":true,"href":"https:\/\/iglesia-en-villar.es\/blog\/wp-json\/wp\/v2\/categories?post=11071"},{"taxonomy":"post_tag","embeddable":true,"href":"https:\/\/iglesia-en-villar.es\/blog\/wp-json\/wp\/v2\/tags?post=11071"}],"curies":[{"name":"wp","href":"https:\/\/api.w.org\/{rel}","templated":true}]}}