{"id":11089,"date":"2025-04-04T11:06:29","date_gmt":"2025-04-04T10:06:29","guid":{"rendered":"https:\/\/iglesia-en-villar.es\/blog\/?p=11089"},"modified":"2025-04-04T11:06:30","modified_gmt":"2025-04-04T10:06:30","slug":"editorial-265","status":"publish","type":"post","link":"https:\/\/iglesia-en-villar.es\/blog\/2025\/04\/04\/editorial-265\/","title":{"rendered":"Editorial"},"content":{"rendered":"\n<h2 class=\"wp-block-heading has-text-align-center\"><strong>Mar\u00eda, Madre de los Dolores: <\/strong><\/h2>\n\n\n\n<h2 class=\"wp-block-heading\" style=\"text-align: center;\"><strong>Coraz\u00f3n Traspasado por el Amor Redentor<\/strong><\/h2>\n\n\n\n<p>En el silencio profundo de la fe, donde el dolor se convierte en ofrenda y las l\u00e1grimas en oraci\u00f3n, se alza la figura de la Sant\u00edsima Virgen Mar\u00eda, la *Dolorosa*, cuya vida estuvo marcada por siete espadas que traspasaron su alma. Estos dolores no fueron simples pruebas, sino misterios que la unieron de manera \u00edntima y \u00fanica a la Pasi\u00f3n de su Hijo, haci\u00e9ndola part\u00edcipe de su sacrificio redentor.<\/p>\n\n\n\n<p>El primero de estos dolores fue la profec\u00eda de Sime\u00f3n, cuando el anciano anunci\u00f3 que aquel Ni\u00f1o ser\u00eda signo de contradicci\u00f3n y que una espada atravesar\u00eda el coraz\u00f3n de su Madre. Desde entonces, Mar\u00eda supo que su amor maternal estar\u00eda tejido de sacrificio. El segundo dolor lleg\u00f3 con la huida a Egipto, cuando la Sagrada Familia tuvo que abandonar su tierra, perseguida por la crueldad de Herodes. En ese exilio forzado, Mar\u00eda guardaba en su coraz\u00f3n la certeza de que el camino del Mes\u00edas estar\u00eda lleno de incomprensi\u00f3n y rechazo.<\/p>\n\n\n\n<p>El tercer dolor fue la p\u00e9rdida de Jes\u00fas en el Templo, aquellos tres d\u00edas de angustia en los que, como preludio de su futura ausencia, el Hijo de Dios se qued\u00f3 en la casa de su Padre. Mar\u00eda, busc\u00e1ndolo con aflicci\u00f3n, aprendi\u00f3 que \u00c9l no le pertenec\u00eda solo a ella, sino a la misi\u00f3n que el Cielo le hab\u00eda encomendado. M\u00e1s adelante, en el cuarto dolor, su coraz\u00f3n se quebrant\u00f3 al encontrarse con su Hijo en el camino al Calvario, cargando la Cruz que el pecado del mundo le hab\u00eda impuesto. Sus miradas se cruzaron en un silencio lleno de amor y dolor, un di\u00e1logo de almas que solo una madre y un hijo pueden comprender.<\/p>\n\n\n\n<p>El quinto dolor la sumi\u00f3 en la oscuridad m\u00e1s profunda: ver a su Hijo clavado en la Cruz, agonizando ante sus ojos. All\u00ed, de pie, como fiel disc\u00edpula, no huy\u00f3, no abandon\u00f3, sino que permaneci\u00f3 unida a su sacrificio, ofreciendo su propio sufrimiento en uni\u00f3n al suyo. Cuando lo recibi\u00f3 muerto en sus brazos, sexto dolor, el mismo amor que una vez lo envolvi\u00f3 en pa\u00f1ales ahora lo envolv\u00eda en un manto de l\u00e1grimas. Y finalmente, el s\u00e9ptimo dolor: la sepultura. Con manos temblorosas, lo entreg\u00f3 a la tierra, confiando, en medio de la noche del alma, en la promesa de la Resurrecci\u00f3n.<\/p>\n\n\n\n<p>Mar\u00eda, la *Virgen de los Dolores*, no es solo modelo de paciencia en el sufrimiento, sino de *compasi\u00f3n activa*, de aquel que sufre con amor y transforma el dolor en intercesi\u00f3n. Su vida fue un continuo *\u00bbfiat\u00bb*, un s\u00ed que no se quebrant\u00f3 ni siquiera ante la Cruz. Por eso, la Iglesia la contempla como *Corredentora*, no porque su sacrificio iguale al de Cristo, sino porque su coraz\u00f3n de Madre estuvo tan unido al suyo que particip\u00f3 de manera \u00fanica en la obra de la salvaci\u00f3n.<\/p>\n\n\n\n<p>Hoy, al meditar en sus dolores, no nos detenemos en el sufrimiento, sino en el amor que lo transfigura. Porque as\u00ed como despu\u00e9s del Viernes Santo lleg\u00f3 la Resurrecci\u00f3n, despu\u00e9s de las l\u00e1grimas de Mar\u00eda lleg\u00f3 la alegr\u00eda eterna. Ella, que estuvo al pie de la Cruz, fue tambi\u00e9n testigo de la Victoria. Y desde el Cielo, sigue acompa\u00f1ando a sus hijos, ense\u00f1\u00e1ndonos que en el dolor ofrecido hay redenci\u00f3n, y que toda espada que atraviesa el coraz\u00f3n puede convertirse, por gracia de Dios, en camino de santidad.<\/p>\n\n\n\n<p>Que su intercesi\u00f3n nos alcance la gracia de abrazar nuestras cruces con fe, sabiendo que, como a Ella, el Se\u00f1or nos dar\u00e1 la fuerza para transformar el dolor en canto de esperanza.<\/p><p><\/p>\n","protected":false},"excerpt":{"rendered":"<p>Mar\u00eda, Madre de los Dolores: Coraz\u00f3n Traspasado por el Amor Redentor En el silencio profundo de la fe, donde el dolor se convierte en ofrenda y las l\u00e1grimas en oraci\u00f3n, se alza la figura de la Sant\u00edsima Virgen Mar\u00eda, la *Dolorosa*, cuya vida estuvo marcada por siete espadas que traspasaron su alma. Estos dolores no fueron simples pruebas, sino misterios&#8230;<\/p>\n<p> <a class=\"continue-reading-link\" href=\"https:\/\/iglesia-en-villar.es\/blog\/2025\/04\/04\/editorial-265\/\"><span>Leer m\u00e1s<\/span><i class=\"crycon-right-dir\"><\/i><\/a> <\/p>\n","protected":false},"author":53745,"featured_media":11081,"comment_status":"open","ping_status":"open","sticky":false,"template":"","format":"standard","meta":{"inline_featured_image":false,"footnotes":""},"categories":[13],"tags":[],"class_list":["post-11089","post","type-post","status-publish","format-standard","has-post-thumbnail","hentry","category-editorial"],"better_featured_image":{"id":11081,"alt_text":"","caption":"","description":"","media_type":"image","media_details":{"width":1400,"height":1600,"file":"2025\/04\/PHOTO-2025-04-03-21-39-02.jpg","filesize":325697,"sizes":{"medium":{"file":"PHOTO-2025-04-03-21-39-02-263x300.jpg","width":263,"height":300,"mime-type":"image\/jpeg","filesize":24535,"source_url":"https:\/\/iglesia-en-villar.es\/blog\/wp-content\/uploads\/2025\/04\/PHOTO-2025-04-03-21-39-02-263x300.jpg"},"large":{"file":"PHOTO-2025-04-03-21-39-02-896x1024.jpg","width":896,"height":1024,"mime-type":"image\/jpeg","filesize":186205,"source_url":"https:\/\/iglesia-en-villar.es\/blog\/wp-content\/uploads\/2025\/04\/PHOTO-2025-04-03-21-39-02-896x1024.jpg"},"thumbnail":{"file":"PHOTO-2025-04-03-21-39-02-150x150.jpg","width":150,"height":150,"mime-type":"image\/jpeg","filesize":8232,"source_url":"https:\/\/iglesia-en-villar.es\/blog\/wp-content\/uploads\/2025\/04\/PHOTO-2025-04-03-21-39-02-150x150.jpg"},"medium_large":{"file":"PHOTO-2025-04-03-21-39-02-768x878.jpg","width":768,"height":878,"mime-type":"image\/jpeg","filesize":146061,"source_url":"https:\/\/iglesia-en-villar.es\/blog\/wp-content\/uploads\/2025\/04\/PHOTO-2025-04-03-21-39-02-768x878.jpg"},"1536x1536":{"file":"PHOTO-2025-04-03-21-39-02-1344x1536.jpg","width":1344,"height":1536,"mime-type":"image\/jpeg","filesize":349731,"source_url":"https:\/\/iglesia-en-villar.es\/blog\/wp-content\/uploads\/2025\/04\/PHOTO-2025-04-03-21-39-02-1344x1536.jpg"},"post-thumbnail":{"file":"PHOTO-2025-04-03-21-39-02-131x150.jpg","width":131,"height":150,"mime-type":"image\/jpeg","filesize":7415,"source_url":"https:\/\/iglesia-en-villar.es\/blog\/wp-content\/uploads\/2025\/04\/PHOTO-2025-04-03-21-39-02-131x150.jpg"},"header":{"file":"PHOTO-2025-04-03-21-39-02-1320x230.jpg","width":1320,"height":230,"mime-type":"image\/jpeg","filesize":54502,"source_url":"https:\/\/iglesia-en-villar.es\/blog\/wp-content\/uploads\/2025\/04\/PHOTO-2025-04-03-21-39-02-1320x230.jpg"},"slider":{"file":"PHOTO-2025-04-03-21-39-02-1400x580.jpg","width":1400,"height":580,"mime-type":"image\/jpeg","filesize":144566,"source_url":"https:\/\/iglesia-en-villar.es\/blog\/wp-content\/uploads\/2025\/04\/PHOTO-2025-04-03-21-39-02-1400x580.jpg"},"columns":{"file":"PHOTO-2025-04-03-21-39-02-330x300.jpg","width":330,"height":300,"mime-type":"image\/jpeg","filesize":28828,"source_url":"https:\/\/iglesia-en-villar.es\/blog\/wp-content\/uploads\/2025\/04\/PHOTO-2025-04-03-21-39-02-330x300.jpg"},"custom":{"file":"PHOTO-2025-04-03-21-39-02-250x286.jpg","width":250,"height":286,"mime-type":"image\/jpeg","filesize":22640,"source_url":"https:\/\/iglesia-en-villar.es\/blog\/wp-content\/uploads\/2025\/04\/PHOTO-2025-04-03-21-39-02-250x286.jpg"}},"image_meta":{"aperture":"0","credit":"","camera":"","caption":"","created_timestamp":"0","copyright":"","focal_length":"0","iso":"0","shutter_speed":"0","title":"","orientation":"0","keywords":[]}},"post":null,"source_url":"https:\/\/iglesia-en-villar.es\/blog\/wp-content\/uploads\/2025\/04\/PHOTO-2025-04-03-21-39-02.jpg"},"read":true,"_links":{"self":[{"href":"https:\/\/iglesia-en-villar.es\/blog\/wp-json\/wp\/v2\/posts\/11089","targetHints":{"allow":["GET"]}}],"collection":[{"href":"https:\/\/iglesia-en-villar.es\/blog\/wp-json\/wp\/v2\/posts"}],"about":[{"href":"https:\/\/iglesia-en-villar.es\/blog\/wp-json\/wp\/v2\/types\/post"}],"author":[{"embeddable":true,"href":"https:\/\/iglesia-en-villar.es\/blog\/wp-json\/wp\/v2\/users\/53745"}],"replies":[{"embeddable":true,"href":"https:\/\/iglesia-en-villar.es\/blog\/wp-json\/wp\/v2\/comments?post=11089"}],"version-history":[{"count":1,"href":"https:\/\/iglesia-en-villar.es\/blog\/wp-json\/wp\/v2\/posts\/11089\/revisions"}],"predecessor-version":[{"id":11090,"href":"https:\/\/iglesia-en-villar.es\/blog\/wp-json\/wp\/v2\/posts\/11089\/revisions\/11090"}],"wp:featuredmedia":[{"embeddable":true,"href":"https:\/\/iglesia-en-villar.es\/blog\/wp-json\/wp\/v2\/media\/11081"}],"wp:attachment":[{"href":"https:\/\/iglesia-en-villar.es\/blog\/wp-json\/wp\/v2\/media?parent=11089"}],"wp:term":[{"taxonomy":"category","embeddable":true,"href":"https:\/\/iglesia-en-villar.es\/blog\/wp-json\/wp\/v2\/categories?post=11089"},{"taxonomy":"post_tag","embeddable":true,"href":"https:\/\/iglesia-en-villar.es\/blog\/wp-json\/wp\/v2\/tags?post=11089"}],"curies":[{"name":"wp","href":"https:\/\/api.w.org\/{rel}","templated":true}]}}