{"id":11104,"date":"2025-04-11T09:49:40","date_gmt":"2025-04-11T08:49:40","guid":{"rendered":"https:\/\/iglesia-en-villar.es\/blog\/?p=11104"},"modified":"2025-04-11T09:49:41","modified_gmt":"2025-04-11T08:49:41","slug":"editorial-266","status":"publish","type":"post","link":"https:\/\/iglesia-en-villar.es\/blog\/2025\/04\/11\/editorial-266\/","title":{"rendered":"Editorial"},"content":{"rendered":"\n<h2 class=\"wp-block-heading has-text-align-center\"><strong>El Domingo de Ramos: Alegr\u00eda que Anuncia la Cruz<\/strong><\/h2>\n\n\n\n<p>Con ramos en las manos y hosannas en los labios, la Iglesia entra en la Semana Santa acompa\u00f1ando al Se\u00f1or en su camino hacia Jerusal\u00e9n. Este d\u00eda santo, en que se entrecruzan los gritos de j\u00fabilo y el anuncio de la Pasi\u00f3n, nos sumerge en el misterio de un Rey cuyo trono es la Cruz y cuya corona son las espinas. Las palmas que agitamos no son solo memoria de un hecho pasado, sino profec\u00eda de la victoria que se consumar\u00e1 en el sacrificio pascual.<\/p>\n\n\n\n<p>Al bendecir los ramos, la Iglesia no realiza un simple rito, sino que santifica estos signos de la creaci\u00f3n para que se conviertan en instrumentos de gracia. Las palmas, s\u00edmbolo de victoria, y los olivos, emblema de paz, hablan del verdadero triunfo de Cristo: no el de un poder terreno, sino el de un amor que se entrega hasta el extremo. Al llevarlas en procesi\u00f3n, no solo recordamos a quienes alfombraron el camino del Mes\u00edas, sino que nos comprometemos a ser nosotros mismos ese camino por el que Cristo sigue entrando en el mundo.<\/p>\n\n\n\n<p>La multitud que aclam\u00f3 al Hijo de David no comprendi\u00f3 que su reinado no ser\u00eda de dominaci\u00f3n, sino de servicio. Por eso, la alegr\u00eda de este d\u00eda pronto da paso a la solemnidad de la Pasi\u00f3n, le\u00edda en la Eucarist\u00eda como antorcha que ilumina los d\u00edas santos que se avecinan. En este relato, donde se revela el coraz\u00f3n misericordioso de Dios, descubrimos que la gloria de Cristo no est\u00e1 en ser ensalzado por los hombres, sino en descender hasta lo m\u00e1s bajo para redimirnos. La Cruz, que parece derrota, es en verdad el estandarte de la victoria definitiva sobre el pecado y la muerte.<\/p>\n\n\n\n<p>Este domingo no es un preludio cualquiera, sino el p\u00f3rtico sagrado por el que accedemos al Misterio central de nuestra fe. En \u00e9l se condensa la paradoja de un Dios que es aclamado como Rey y, al mismo tiempo, rechazado por los suyos. Nos ense\u00f1a que seguir a Cristo exige pasar con \u00c9l de los ramos al Calvario, de las hosannas al \u00abPadre, perd\u00f3nalos\u00bb. Quienes hoy levantan sus palmas est\u00e1n llamados a mantenerlas en alto tambi\u00e9n en la hora de la prueba, pues solo quien acompa\u00f1a al Se\u00f1or en su Pasi\u00f3n podr\u00e1 cantar con gozo verdadero en la Resurrecci\u00f3n.<\/p>\n\n\n\n<p>Que este Domingo de Ramos nos conceda la gracia de no quedarnos en una fe de entusiasmos pasajeros, sino de adentrarnos, con humildad y amor, en el sagrado Triduo donde se despliega el gran misterio de nuestra redenci\u00f3n. Que las palmas que hoy llevamos no sean solo un recuerdo, sino un compromiso: el de seguir a Cristo no solo cuando es aclamado, sino tambi\u00e9n cuando carga con la Cruz. As\u00ed, unidos a su sacrificio, podremos participar de su gloria eterna.<\/p><p><\/p>\n","protected":false},"excerpt":{"rendered":"<p>El Domingo de Ramos: Alegr\u00eda que Anuncia la Cruz Con ramos en las manos y hosannas en los labios, la Iglesia entra en la Semana Santa acompa\u00f1ando al Se\u00f1or en su camino hacia Jerusal\u00e9n. Este d\u00eda santo, en que se entrecruzan los gritos de j\u00fabilo y el anuncio de la Pasi\u00f3n, nos sumerge en el misterio de un Rey cuyo&#8230;<\/p>\n<p> <a class=\"continue-reading-link\" href=\"https:\/\/iglesia-en-villar.es\/blog\/2025\/04\/11\/editorial-266\/\"><span>Leer m\u00e1s<\/span><i class=\"crycon-right-dir\"><\/i><\/a> <\/p>\n","protected":false},"author":53745,"featured_media":11095,"comment_status":"open","ping_status":"open","sticky":false,"template":"","format":"standard","meta":{"inline_featured_image":false,"footnotes":""},"categories":[13],"tags":[],"class_list":["post-11104","post","type-post","status-publish","format-standard","has-post-thumbnail","hentry","category-editorial"],"better_featured_image":{"id":11095,"alt_text":"","caption":"","description":"","media_type":"image","media_details":{"width":1014,"height":1600,"file":"2025\/04\/PHOTO-2025-04-10-19-08-12.jpg","filesize":234512,"sizes":{"medium":{"file":"PHOTO-2025-04-10-19-08-12-190x300.jpg","width":190,"height":300,"mime-type":"image\/jpeg","filesize":19766,"source_url":"https:\/\/iglesia-en-villar.es\/blog\/wp-content\/uploads\/2025\/04\/PHOTO-2025-04-10-19-08-12-190x300.jpg"},"large":{"file":"PHOTO-2025-04-10-19-08-12-649x1024.jpg","width":649,"height":1024,"mime-type":"image\/jpeg","filesize":143578,"source_url":"https:\/\/iglesia-en-villar.es\/blog\/wp-content\/uploads\/2025\/04\/PHOTO-2025-04-10-19-08-12-649x1024.jpg"},"thumbnail":{"file":"PHOTO-2025-04-10-19-08-12-150x150.jpg","width":150,"height":150,"mime-type":"image\/jpeg","filesize":9056,"source_url":"https:\/\/iglesia-en-villar.es\/blog\/wp-content\/uploads\/2025\/04\/PHOTO-2025-04-10-19-08-12-150x150.jpg"},"medium_large":{"file":"PHOTO-2025-04-10-19-08-12-768x1212.jpg","width":768,"height":1212,"mime-type":"image\/jpeg","filesize":184095,"source_url":"https:\/\/iglesia-en-villar.es\/blog\/wp-content\/uploads\/2025\/04\/PHOTO-2025-04-10-19-08-12-768x1212.jpg"},"1536x1536":{"file":"PHOTO-2025-04-10-19-08-12-973x1536.jpg","width":973,"height":1536,"mime-type":"image\/jpeg","filesize":259002,"source_url":"https:\/\/iglesia-en-villar.es\/blog\/wp-content\/uploads\/2025\/04\/PHOTO-2025-04-10-19-08-12-973x1536.jpg"},"post-thumbnail":{"file":"PHOTO-2025-04-10-19-08-12-95x150.jpg","width":95,"height":150,"mime-type":"image\/jpeg","filesize":6097,"source_url":"https:\/\/iglesia-en-villar.es\/blog\/wp-content\/uploads\/2025\/04\/PHOTO-2025-04-10-19-08-12-95x150.jpg"},"header":{"file":"PHOTO-2025-04-10-19-08-12-1014x230.jpg","width":1014,"height":230,"mime-type":"image\/jpeg","filesize":40453,"source_url":"https:\/\/iglesia-en-villar.es\/blog\/wp-content\/uploads\/2025\/04\/PHOTO-2025-04-10-19-08-12-1014x230.jpg"},"slider":{"file":"PHOTO-2025-04-10-19-08-12-1014x580.jpg","width":1014,"height":580,"mime-type":"image\/jpeg","filesize":104420,"source_url":"https:\/\/iglesia-en-villar.es\/blog\/wp-content\/uploads\/2025\/04\/PHOTO-2025-04-10-19-08-12-1014x580.jpg"},"columns":{"file":"PHOTO-2025-04-10-19-08-12-330x300.jpg","width":330,"height":300,"mime-type":"image\/jpeg","filesize":29904,"source_url":"https:\/\/iglesia-en-villar.es\/blog\/wp-content\/uploads\/2025\/04\/PHOTO-2025-04-10-19-08-12-330x300.jpg"},"custom":{"file":"PHOTO-2025-04-10-19-08-12-250x394.jpg","width":250,"height":394,"mime-type":"image\/jpeg","filesize":31285,"source_url":"https:\/\/iglesia-en-villar.es\/blog\/wp-content\/uploads\/2025\/04\/PHOTO-2025-04-10-19-08-12-250x394.jpg"}},"image_meta":{"aperture":"0","credit":"","camera":"","caption":"","created_timestamp":"0","copyright":"","focal_length":"0","iso":"0","shutter_speed":"0","title":"","orientation":"0","keywords":[]}},"post":null,"source_url":"https:\/\/iglesia-en-villar.es\/blog\/wp-content\/uploads\/2025\/04\/PHOTO-2025-04-10-19-08-12.jpg"},"read":true,"_links":{"self":[{"href":"https:\/\/iglesia-en-villar.es\/blog\/wp-json\/wp\/v2\/posts\/11104","targetHints":{"allow":["GET"]}}],"collection":[{"href":"https:\/\/iglesia-en-villar.es\/blog\/wp-json\/wp\/v2\/posts"}],"about":[{"href":"https:\/\/iglesia-en-villar.es\/blog\/wp-json\/wp\/v2\/types\/post"}],"author":[{"embeddable":true,"href":"https:\/\/iglesia-en-villar.es\/blog\/wp-json\/wp\/v2\/users\/53745"}],"replies":[{"embeddable":true,"href":"https:\/\/iglesia-en-villar.es\/blog\/wp-json\/wp\/v2\/comments?post=11104"}],"version-history":[{"count":1,"href":"https:\/\/iglesia-en-villar.es\/blog\/wp-json\/wp\/v2\/posts\/11104\/revisions"}],"predecessor-version":[{"id":11105,"href":"https:\/\/iglesia-en-villar.es\/blog\/wp-json\/wp\/v2\/posts\/11104\/revisions\/11105"}],"wp:featuredmedia":[{"embeddable":true,"href":"https:\/\/iglesia-en-villar.es\/blog\/wp-json\/wp\/v2\/media\/11095"}],"wp:attachment":[{"href":"https:\/\/iglesia-en-villar.es\/blog\/wp-json\/wp\/v2\/media?parent=11104"}],"wp:term":[{"taxonomy":"category","embeddable":true,"href":"https:\/\/iglesia-en-villar.es\/blog\/wp-json\/wp\/v2\/categories?post=11104"},{"taxonomy":"post_tag","embeddable":true,"href":"https:\/\/iglesia-en-villar.es\/blog\/wp-json\/wp\/v2\/tags?post=11104"}],"curies":[{"name":"wp","href":"https:\/\/api.w.org\/{rel}","templated":true}]}}