{"id":11131,"date":"2025-04-25T10:03:28","date_gmt":"2025-04-25T09:03:28","guid":{"rendered":"https:\/\/iglesia-en-villar.es\/blog\/?p=11131"},"modified":"2025-04-25T10:03:30","modified_gmt":"2025-04-25T09:03:30","slug":"rincon-carmelitano-276","status":"publish","type":"post","link":"https:\/\/iglesia-en-villar.es\/blog\/2025\/04\/25\/rincon-carmelitano-276\/","title":{"rendered":"Rincon Carmelitano"},"content":{"rendered":"\n<h2 class=\"wp-block-heading has-text-align-center\"><strong>\u00a1RESUCIT\u00d3 DE VERAS MI AMOR Y MI ESPERANZA!<\/strong><\/h2>\n\n\n\n<p>\u00ab\u00a1Qu\u00e9 noche tan dichosa! Solo ella conoci\u00f3 el momento en que Cristo resucit\u00f3 de entre los muertos\u00bb . Jes\u00fas, t\u00fa sabes que contemplo con asombro ese secreto insondable&#8230;<\/p>\n\n\n\n<p>Santa Teresa de Jes\u00fas siempre escuch\u00f3 y tuvo visiones de Cristo Resucitado. Las palabras de Jes\u00fas, sus gestos, las mociones que produce en lo profundo de nuestro ser nacen siempre de la Pascua. La resurrecci\u00f3n nos regala a un Cristo vivo, a Jes\u00fas humano y cercano, que vive y habita en nuestro interior y desde all\u00ed como Buen Pastor, con un silbo tan suave nos vuelve a llamar (4M)<\/p>\n\n\n\n<p>La Pascua es el tiempo m\u00e1s hermoso de la naturaleza, tambi\u00e9n en \u00e9l la liturgia recobra vida y alegr\u00eda. La llamada m\u00e1s profunda en este tiempo es disfrutar de la fiesta de la Pascua. A recuperar la libertad que solo Cristo nos puede otorgar. La voz de Jes\u00fas es presencia del Esp\u00edritu Santo. \u00bf Y si dejamos que el Esp\u00edritu ore en nosotros? \u00bf si le dejamos que dance para que se rompan tantas cadenas que no nos dejan ser libres? Solo escuchando la voz que habla en el silencio y permitiendo que que ella se encarne en nuestro coraz\u00f3n podremos vivir nuestra verdadera Pascua. acogiendo esa llamada, esas palabras y gestos de Jes\u00fas que brotan siempre desde la resurrecci\u00f3n.<\/p>\n\n\n\n<p>\u00a1El Se\u00f1or ha resucitado! \u00a1\u00c9l vive, ha venido a nuestro encuentro y lo hemos conocido! \u00a1Nos aguarda, nos bendice, nos alienta con su Esp\u00edritu y nos env\u00eda! Tu amor ha puesto en marcha nuestra vida. Con Mar\u00eda, Madre del Resucitado, destruye nuestro abatimiento y cobard\u00eda. Haznos salir a todos del sepulcro del ego\u00edsmo, la indiferencia, la anestesia del coraz\u00f3n. Y derrama en nosotros el esp\u00edritu de ternura y alabanza, de alegr\u00eda, compromiso y parres\u00eda&#8230;<\/p>\n\n\n\n<p>Hermanas Carmelitas<\/p><p><\/p>\n","protected":false},"excerpt":{"rendered":"<p>\u00a1RESUCIT\u00d3 DE VERAS MI AMOR Y MI ESPERANZA! \u00ab\u00a1Qu\u00e9 noche tan dichosa! Solo ella conoci\u00f3 el momento en que Cristo resucit\u00f3 de entre los muertos\u00bb . Jes\u00fas, t\u00fa sabes que contemplo con asombro ese secreto insondable&#8230; Santa Teresa de Jes\u00fas siempre escuch\u00f3 y tuvo visiones de Cristo Resucitado. Las palabras de Jes\u00fas, sus gestos, las mociones que produce en lo&#8230;<\/p>\n<p> <a class=\"continue-reading-link\" href=\"https:\/\/iglesia-en-villar.es\/blog\/2025\/04\/25\/rincon-carmelitano-276\/\"><span>Leer m\u00e1s<\/span><i class=\"crycon-right-dir\"><\/i><\/a> <\/p>\n","protected":false},"author":53745,"featured_media":11124,"comment_status":"open","ping_status":"open","sticky":false,"template":"","format":"standard","meta":{"inline_featured_image":false,"footnotes":""},"categories":[5],"tags":[],"class_list":["post-11131","post","type-post","status-publish","format-standard","has-post-thumbnail","hentry","category-monasterio"],"better_featured_image":{"id":11124,"alt_text":"","caption":"","description":"","media_type":"image","media_details":{"width":148,"height":148,"file":"2025\/04\/rincon.jpeg","filesize":4217,"sizes":{},"image_meta":{"aperture":"0","credit":"","camera":"","caption":"","created_timestamp":"0","copyright":"","focal_length":"0","iso":"0","shutter_speed":"0","title":"","orientation":"0","keywords":[]}},"post":null,"source_url":"https:\/\/iglesia-en-villar.es\/blog\/wp-content\/uploads\/2025\/04\/rincon.jpeg"},"read":true,"_links":{"self":[{"href":"https:\/\/iglesia-en-villar.es\/blog\/wp-json\/wp\/v2\/posts\/11131","targetHints":{"allow":["GET"]}}],"collection":[{"href":"https:\/\/iglesia-en-villar.es\/blog\/wp-json\/wp\/v2\/posts"}],"about":[{"href":"https:\/\/iglesia-en-villar.es\/blog\/wp-json\/wp\/v2\/types\/post"}],"author":[{"embeddable":true,"href":"https:\/\/iglesia-en-villar.es\/blog\/wp-json\/wp\/v2\/users\/53745"}],"replies":[{"embeddable":true,"href":"https:\/\/iglesia-en-villar.es\/blog\/wp-json\/wp\/v2\/comments?post=11131"}],"version-history":[{"count":1,"href":"https:\/\/iglesia-en-villar.es\/blog\/wp-json\/wp\/v2\/posts\/11131\/revisions"}],"predecessor-version":[{"id":11132,"href":"https:\/\/iglesia-en-villar.es\/blog\/wp-json\/wp\/v2\/posts\/11131\/revisions\/11132"}],"wp:featuredmedia":[{"embeddable":true,"href":"https:\/\/iglesia-en-villar.es\/blog\/wp-json\/wp\/v2\/media\/11124"}],"wp:attachment":[{"href":"https:\/\/iglesia-en-villar.es\/blog\/wp-json\/wp\/v2\/media?parent=11131"}],"wp:term":[{"taxonomy":"category","embeddable":true,"href":"https:\/\/iglesia-en-villar.es\/blog\/wp-json\/wp\/v2\/categories?post=11131"},{"taxonomy":"post_tag","embeddable":true,"href":"https:\/\/iglesia-en-villar.es\/blog\/wp-json\/wp\/v2\/tags?post=11131"}],"curies":[{"name":"wp","href":"https:\/\/api.w.org\/{rel}","templated":true}]}}