{"id":11174,"date":"2025-05-16T09:05:08","date_gmt":"2025-05-16T08:05:08","guid":{"rendered":"https:\/\/iglesia-en-villar.es\/blog\/?p=11174"},"modified":"2025-05-16T09:05:09","modified_gmt":"2025-05-16T08:05:09","slug":"avisos-250","status":"publish","type":"post","link":"https:\/\/iglesia-en-villar.es\/blog\/2025\/05\/16\/avisos-250\/","title":{"rendered":"Avisos"},"content":{"rendered":"\n<p><strong>SANTA RITA 22 DE MAYO<\/strong><\/p>\n\n\n\n<p>EL 22 DE MAYO DIA DE SANTA RITA CELEBRAREMOS LA EUCARIST\u00cdA A LAS 19H EN LA ERMITA DE SAN VICENTE FERRER.<\/p>\n\n\n\n<p>MISA PREPARADA COMO SIEMPRE Y CON MUCHO CARI\u00d1O POR LAS AMAS DE CASA.<\/p>\n\n\n\n<p>AL FINALIZAR LA EUCARIST\u00cdA, NOS INVITARAN COMO TODOS LOS A\u00d1OS A MERENDAR.<\/p>\n\n\n\n<p><strong>PRIMERAS COMUNIONES<\/strong><\/p>\n\n\n\n<p>EL PR\u00d3XIMO DOMINGO 25 DE MAYO, A LAS 12H SER\u00c1N LAS PRIMERAS COMUNIONES EN NUESTRA PARROQUIA DE VILLAR DEL ARZOBISPO. DOCE NI\u00d1OS QUE CON EMOCI\u00d3N, TOMAR\u00c1N SU PRIMERA COMUNI\u00d3N.<\/p>\n\n\n\n<p>NOS UNIMOS EN ORACI\u00d3N POR ESTOS DOCE NI\u00d1OS Y SUS FAMILIAS<\/p>\n\n\n\n<p><strong>LIBRO CALLE DE SAN ROQUE<\/strong><\/p>\n\n\n\n<p>EST\u00c1 A LA VENTA EN LIBRO DE NUESTRO QUERIDO MIGUEL CASTELLANO SOBRE LA CALLE DE SAN ROQUE.<\/p>\n\n\n\n<p>LO POD\u00c9IS ADQUIRIR EN LA SACRIST\u00cdA POR 10 EUROS. EL DINERO IR\u00c1 \u00cdNTEGRAMENTE A UNA OBRA SOCIAL DE MANOS UNIDAS<\/p>\n\n\n\n<p><strong>450 ANIVERSARIO<\/strong><\/p>\n\n\n\n<p><strong>FOTOS PARA MURAL DE LA HISTORIA DE NUESTRA FE<\/strong><\/p>\n\n\n\n<p>CON MOTIVO DEL 450 ANIVERSARIO, VAMOS A ELABORAR UN MURAL CON TODAS LAS FOTOS DE LAS PERSONAS QUE HAYAN PARRICIPADO EN ALGUN MOMENTO DE LA HISTORIA, DE LA VIDA DE LA PARROQUIA<\/p>\n\n\n\n<p>SI QUIERES QUE LA MEMORIA DE TUS FAMILIARES ESTE REPRESENTADA, SOLO TIENES QUE TRAERNOS TU FOTO A LA SACRIST\u00cdA. ALLI NOS ENCARGAREMOS DE DIGITALIZARLA.<\/p>\n\n\n\n<p>AQUELLOS QUE OS ENCONTREIS LEJOS, PODEIS HACERNOS LLEGAR VUESTRA FOTO VIA CORREO ELECTR\u00d3NICO MANDANDOLA AL CORREO <a href=\"mailto:iglesiavpaz@hotmail.es\"><u>iglesiavpaz@hotmail.es<\/u><\/a><\/p>\n\n\n\n<p>PASADO Y PRESENTE CONSTRUYENDO EL FUTURO.<\/p>\n\n\n\n<p><strong>VISITA A CHULILLA<\/strong><\/p>\n\n\n\n<p>EL S\u00c1BADO 5 DE JULIO DENTRO DE LOS ACTOS DEL 450 ANIVERSARIO, VAMOS A VISITAR LA PARROQUIA DE CHULILLA. CELEBRAREMOS LA EUCARIST\u00cdA Y COMEREMOS JUNTOS EN COMUNIDAD FRATERNA.<\/p>\n\n\n\n<p>APUNTAROS EN LA SACRIST\u00cdA PARA PODER PARTICIPAR. COMIDA M\u00c1S AUTOB\u00daS 35 EUROS<\/p>\n\n\n\n<p><strong>DECLARACI\u00d3N DE LA RENTA<\/strong><\/p>\n\n\n\n<p>AQUELLOS QUE HAC\u00c9IS LA DECLARACI\u00d3N DE LA RENTA, ANIMAROS A QUE MARQU\u00c9IS LA CASILLA DE LA X EN FAVOR DE LA IGLESIA<\/p><p><\/p>\n","protected":false},"excerpt":{"rendered":"<p>SANTA RITA 22 DE MAYO EL 22 DE MAYO DIA DE SANTA RITA CELEBRAREMOS LA EUCARIST\u00cdA A LAS 19H EN LA ERMITA DE SAN VICENTE FERRER. MISA PREPARADA COMO SIEMPRE Y CON MUCHO CARI\u00d1O POR LAS AMAS DE CASA. AL FINALIZAR LA EUCARIST\u00cdA, NOS INVITARAN COMO TODOS LOS A\u00d1OS A MERENDAR. PRIMERAS COMUNIONES EL PR\u00d3XIMO DOMINGO 25 DE MAYO, A&#8230;<\/p>\n<p> <a class=\"continue-reading-link\" href=\"https:\/\/iglesia-en-villar.es\/blog\/2025\/05\/16\/avisos-250\/\"><span>Leer m\u00e1s<\/span><i class=\"crycon-right-dir\"><\/i><\/a> <\/p>\n","protected":false},"author":53745,"featured_media":11068,"comment_status":"open","ping_status":"open","sticky":false,"template":"","format":"standard","meta":{"inline_featured_image":false,"footnotes":""},"categories":[10],"tags":[],"class_list":["post-11174","post","type-post","status-publish","format-standard","has-post-thumbnail","hentry","category-avisos"],"better_featured_image":{"id":11068,"alt_text":"","caption":"","description":"","media_type":"image","media_details":{"width":231,"height":219,"file":"2025\/03\/ZZ-AVISOS.jpeg","filesize":6757,"sizes":{"thumbnail":{"file":"ZZ-AVISOS-150x150.jpeg","width":150,"height":150,"mime-type":"image\/jpeg","filesize":5017,"source_url":"https:\/\/iglesia-en-villar.es\/blog\/wp-content\/uploads\/2025\/03\/ZZ-AVISOS-150x150.jpeg"},"post-thumbnail":{"file":"ZZ-AVISOS-150x142.jpeg","width":150,"height":142,"mime-type":"image\/jpeg","filesize":4771,"source_url":"https:\/\/iglesia-en-villar.es\/blog\/wp-content\/uploads\/2025\/03\/ZZ-AVISOS-150x142.jpeg"}},"image_meta":{"aperture":"0","credit":"","camera":"","caption":"","created_timestamp":"0","copyright":"","focal_length":"0","iso":"0","shutter_speed":"0","title":"","orientation":"0","keywords":[]}},"post":null,"source_url":"https:\/\/iglesia-en-villar.es\/blog\/wp-content\/uploads\/2025\/03\/ZZ-AVISOS.jpeg"},"read":true,"_links":{"self":[{"href":"https:\/\/iglesia-en-villar.es\/blog\/wp-json\/wp\/v2\/posts\/11174","targetHints":{"allow":["GET"]}}],"collection":[{"href":"https:\/\/iglesia-en-villar.es\/blog\/wp-json\/wp\/v2\/posts"}],"about":[{"href":"https:\/\/iglesia-en-villar.es\/blog\/wp-json\/wp\/v2\/types\/post"}],"author":[{"embeddable":true,"href":"https:\/\/iglesia-en-villar.es\/blog\/wp-json\/wp\/v2\/users\/53745"}],"replies":[{"embeddable":true,"href":"https:\/\/iglesia-en-villar.es\/blog\/wp-json\/wp\/v2\/comments?post=11174"}],"version-history":[{"count":1,"href":"https:\/\/iglesia-en-villar.es\/blog\/wp-json\/wp\/v2\/posts\/11174\/revisions"}],"predecessor-version":[{"id":11175,"href":"https:\/\/iglesia-en-villar.es\/blog\/wp-json\/wp\/v2\/posts\/11174\/revisions\/11175"}],"wp:featuredmedia":[{"embeddable":true,"href":"https:\/\/iglesia-en-villar.es\/blog\/wp-json\/wp\/v2\/media\/11068"}],"wp:attachment":[{"href":"https:\/\/iglesia-en-villar.es\/blog\/wp-json\/wp\/v2\/media?parent=11174"}],"wp:term":[{"taxonomy":"category","embeddable":true,"href":"https:\/\/iglesia-en-villar.es\/blog\/wp-json\/wp\/v2\/categories?post=11174"},{"taxonomy":"post_tag","embeddable":true,"href":"https:\/\/iglesia-en-villar.es\/blog\/wp-json\/wp\/v2\/tags?post=11174"}],"curies":[{"name":"wp","href":"https:\/\/api.w.org\/{rel}","templated":true}]}}