{"id":11178,"date":"2025-05-16T09:16:49","date_gmt":"2025-05-16T08:16:49","guid":{"rendered":"https:\/\/iglesia-en-villar.es\/blog\/?p=11178"},"modified":"2025-05-16T09:16:51","modified_gmt":"2025-05-16T08:16:51","slug":"rincon-carmelitano-279","status":"publish","type":"post","link":"https:\/\/iglesia-en-villar.es\/blog\/2025\/05\/16\/rincon-carmelitano-279\/","title":{"rendered":"Rincon Carmelitano"},"content":{"rendered":"\n<h2 class=\"wp-block-heading has-text-align-center\"><strong>SANTA MAR\u00cdA, REINA DE TODOS LOS SANTOS<\/strong><\/h2>\n\n\n\n<p>La vida de los Santos no comprende s\u00f3lo su biograf\u00eda terrena, si no tambi\u00e9n su vida y actuaci\u00f3n en Dios despu\u00e9s de la muerte. En los Santos es evidente que, quien va hacia Dios, no se aleja de los hombres, sino que se hace realmente cercano a ellos. En nadie lo vemos mejor que en Mar\u00eda. La palabra del Crucificado al disc\u00edpulo a Juan y, por medio de \u00e9l, a todos los disc\u00edpulos de Jes\u00fas: \u00abah\u00ed tienes a tu madre\u00bb se hace de nuevo verdadera en cada generaci\u00f3n. Mar\u00eda se ha convertido en Madre de todos los creyentes. A su bondad materna, as\u00ed como a su pureza y belleza virginal, se dirigen los hombres de todos los tiempos y de todas las partes del mundo en sus necesidades y esperanzas, en sus alegr\u00edas y contratiempos, en su soledad y en su convivencia. Y siempre experimentan el don de su bondad; experimentan el amor inagotable que derrama desde lo m\u00e1s profundo de su coraz\u00f3n. Mar\u00eda, la Virgen, la Madre, nos ense\u00f1a qu\u00e9 es el amor y de d\u00f3nde tiene su origen, su fuera siempre nueva. A ella nos confiamos y confiamos a la Iglesia y a toda la humanidad. Santa Mar\u00eda, Madre de Dios, t\u00fa has dado al mundo la verdadera luz, Jes\u00fas, tu Hijo, el Hijo de Dios. Te has entregado por completo a la llamada de Dios y te has convertido as\u00ed en fuente de la bondad que mana de \u00c9l. Mu\u00e9stranos a Jes\u00fas. Gu\u00edanos hacia \u00c9l. Ens\u00e9\u00f1anos a conocerlo y amarlo, para que tambi\u00e9n nosotros podamos llegar a ser capaces de un verdadero amor y ser fuentes de agua viva en medio de un mundo sediento de Dios, de felicidad.<\/p>\n\n\n\n<p>Hermanas Carmelitas<\/p>\n<p>\u00a0<\/p>\n","protected":false},"excerpt":{"rendered":"<p>SANTA MAR\u00cdA, REINA DE TODOS LOS SANTOS La vida de los Santos no comprende s\u00f3lo su biograf\u00eda terrena, si no tambi\u00e9n su vida y actuaci\u00f3n en Dios despu\u00e9s de la muerte. En los Santos es evidente que, quien va hacia Dios, no se aleja de los hombres, sino que se hace realmente cercano a ellos. En nadie lo vemos mejor&#8230;<\/p>\n<p> <a class=\"continue-reading-link\" href=\"https:\/\/iglesia-en-villar.es\/blog\/2025\/05\/16\/rincon-carmelitano-279\/\"><span>Leer m\u00e1s<\/span><i class=\"crycon-right-dir\"><\/i><\/a> <\/p>\n","protected":false},"author":53745,"featured_media":11171,"comment_status":"open","ping_status":"open","sticky":false,"template":"","format":"standard","meta":{"inline_featured_image":false,"footnotes":""},"categories":[5],"tags":[],"class_list":["post-11178","post","type-post","status-publish","format-standard","has-post-thumbnail","hentry","category-monasterio"],"better_featured_image":{"id":11171,"alt_text":"","caption":"","description":"","media_type":"image","media_details":{"width":247,"height":255,"file":"2025\/05\/ZZ-RINCON18.png","filesize":127270,"sizes":{"thumbnail":{"file":"ZZ-RINCON18-150x150.png","width":150,"height":150,"mime-type":"image\/png","filesize":35397,"source_url":"https:\/\/iglesia-en-villar.es\/blog\/wp-content\/uploads\/2025\/05\/ZZ-RINCON18-150x150.png"},"post-thumbnail":{"file":"ZZ-RINCON18-145x150.png","width":145,"height":150,"mime-type":"image\/png","filesize":34230,"source_url":"https:\/\/iglesia-en-villar.es\/blog\/wp-content\/uploads\/2025\/05\/ZZ-RINCON18-145x150.png"},"header":{"file":"ZZ-RINCON18-247x230.png","width":247,"height":230,"mime-type":"image\/png","filesize":75858,"source_url":"https:\/\/iglesia-en-villar.es\/blog\/wp-content\/uploads\/2025\/05\/ZZ-RINCON18-247x230.png"}},"image_meta":{"aperture":"0","credit":"","camera":"","caption":"","created_timestamp":"0","copyright":"","focal_length":"0","iso":"0","shutter_speed":"0","title":"","orientation":"0","keywords":[]}},"post":null,"source_url":"https:\/\/iglesia-en-villar.es\/blog\/wp-content\/uploads\/2025\/05\/ZZ-RINCON18.png"},"read":true,"_links":{"self":[{"href":"https:\/\/iglesia-en-villar.es\/blog\/wp-json\/wp\/v2\/posts\/11178","targetHints":{"allow":["GET"]}}],"collection":[{"href":"https:\/\/iglesia-en-villar.es\/blog\/wp-json\/wp\/v2\/posts"}],"about":[{"href":"https:\/\/iglesia-en-villar.es\/blog\/wp-json\/wp\/v2\/types\/post"}],"author":[{"embeddable":true,"href":"https:\/\/iglesia-en-villar.es\/blog\/wp-json\/wp\/v2\/users\/53745"}],"replies":[{"embeddable":true,"href":"https:\/\/iglesia-en-villar.es\/blog\/wp-json\/wp\/v2\/comments?post=11178"}],"version-history":[{"count":1,"href":"https:\/\/iglesia-en-villar.es\/blog\/wp-json\/wp\/v2\/posts\/11178\/revisions"}],"predecessor-version":[{"id":11179,"href":"https:\/\/iglesia-en-villar.es\/blog\/wp-json\/wp\/v2\/posts\/11178\/revisions\/11179"}],"wp:featuredmedia":[{"embeddable":true,"href":"https:\/\/iglesia-en-villar.es\/blog\/wp-json\/wp\/v2\/media\/11171"}],"wp:attachment":[{"href":"https:\/\/iglesia-en-villar.es\/blog\/wp-json\/wp\/v2\/media?parent=11178"}],"wp:term":[{"taxonomy":"category","embeddable":true,"href":"https:\/\/iglesia-en-villar.es\/blog\/wp-json\/wp\/v2\/categories?post=11178"},{"taxonomy":"post_tag","embeddable":true,"href":"https:\/\/iglesia-en-villar.es\/blog\/wp-json\/wp\/v2\/tags?post=11178"}],"curies":[{"name":"wp","href":"https:\/\/api.w.org\/{rel}","templated":true}]}}