{"id":11180,"date":"2025-05-16T09:18:44","date_gmt":"2025-05-16T08:18:44","guid":{"rendered":"https:\/\/iglesia-en-villar.es\/blog\/?p=11180"},"modified":"2025-05-16T09:18:46","modified_gmt":"2025-05-16T08:18:46","slug":"editorial-271","status":"publish","type":"post","link":"https:\/\/iglesia-en-villar.es\/blog\/2025\/05\/16\/editorial-271\/","title":{"rendered":"Editorial"},"content":{"rendered":"\n<h2 class=\"wp-block-heading has-text-align-center\"><strong>Celebrar: una llamada universal para la humanidad<\/strong><\/h2>\n\n\n\n<p>En el coraz\u00f3n del ser humano reside una profunda necesidad de celebraci\u00f3n, un anhelo de compartir la alegr\u00eda que brota de la vida misma.<\/p>\n\n\n\n<p>Nos buscamos, nos reunimos, inventamos motivos para celebrar el amor que nos une, la amistad que nos sostiene. Estas pausas en el devenir cotidiano nos recuerdan nuestra vocaci\u00f3n a la comuni\u00f3n, a sentirnos parte de un tejido vital que nos trasciende individualmente.<\/p>\n\n\n\n<p>En la singularidad de Villar del Arzobispo, esta necesidad de celebraci\u00f3n se manifiesta de manera particular en la tradici\u00f3n del concurso de la olla churra. Este plato sencillo, pero rico en sabor e historia, convoca a los villarenses en torno a una mesa com\u00fan, donde se degusta no solo un alimento, sino tambi\u00e9n la memoria colectiva de un pueblo. La olla churra se convierte as\u00ed en un s\u00edmbolo de identidad, un lazo que une generaciones a trav\u00e9s de un legado culinario entra\u00f1able.<\/p>\n\n\n\n<p>Para la mirada creyente, esta mesa festiva terrena evoca otra Mesa fundamental, la Mesa de la Eucarist\u00eda. En ella, la comunidad cristiana de Villar se congrega en un \u00e1gape trascendente, participando del Cuerpo y la Sangre de Cristo resucitado. Esta Mesa nos une no solo como vecinos, sino como miembros de la gran familia de la fe cat\u00f3lica, extendida por todo el mundo. En la Eucarist\u00eda, experimentamos la comuni\u00f3n profunda con el Se\u00f1or y entre nosotros, fortaleciendo los lazos espirituales que nos configuran como Iglesia.<\/p>\n\n\n\n<p>En este tiempo pascual, donde celebramos la victoria de Cristo sobre la muerte, el Evangelio de este domingo V nos ilumina sobre el sentido profundo de nuestra vida comunitaria. Jes\u00fas, en la intimidad de la \u00daltima Cena, nos entrega un mandamiento nuevo: \u00abque os am\u00e9is unos a otros; como yo os he amado, amaos tambi\u00e9n unos a otros. En esto conocer\u00e1n todos que sois disc\u00edpulos m\u00edos: si os am\u00e1is unos a otros\u00bb (Juan 13, 34-35).<\/p>\n\n\n\n<p>Este mandato del amor fraterno resuena con especial fuerza en nuestras celebraciones. As\u00ed como la olla churra re\u00fane a los villarenses en torno a un patrimonio compartido, el amor que Jes\u00fas nos pide vivir debe ser el ingrediente esencial que anime todas nuestras relaciones. Es am\u00e1ndonos los unos a los otros, siguiendo el ejemplo del amor de Cristo, como nos reconocen como sus verdaderos seguidores.<\/p>\n\n\n\n<p>En la mesa de la Eucarist\u00eda, los habitantes de Villar del Arzobispo se reconocen tambi\u00e9n como hijos de la Virgen de la Paz, madre que acoge y protege. Ella nos ense\u00f1a con su vida el camino del amor y la entrega. Que la alegr\u00eda de compartir la olla churra este s\u00e1bado sea una oportunidad para recordar esta otra Mesa que nos une en la fe y en el amor de Cristo.<\/p>\n\n\n\n<p>Que cada cristiano de Villar del Arzobispo se sienta llamado a ser fermento de este amor en todos los \u00e1mbitos de su vida. Que la participaci\u00f3n en las tradiciones del pueblo, como el concurso de la olla churra, sea una ocasi\u00f3n para vivir y testimoniar la alegr\u00eda del Evangelio. Y que, fortalecidos por el encuentro con Jes\u00fas en la Eucarist\u00eda y bajo la mirada amorosa de la Virgen de la Paz, podamos dar raz\u00f3n de nuestra fe con sencillez y con un amor que se haga visible en nuestras acciones cotidianas. Que nuestro amor mutuo sea la se\u00f1al que nos identifique como disc\u00edpulos de Jes\u00fas en medio del mundo.<\/p><p><\/p>\n","protected":false},"excerpt":{"rendered":"<p>Celebrar: una llamada universal para la humanidad En el coraz\u00f3n del ser humano reside una profunda necesidad de celebraci\u00f3n, un anhelo de compartir la alegr\u00eda que brota de la vida misma. Nos buscamos, nos reunimos, inventamos motivos para celebrar el amor que nos une, la amistad que nos sostiene. Estas pausas en el devenir cotidiano nos recuerdan nuestra vocaci\u00f3n a&#8230;<\/p>\n<p> <a class=\"continue-reading-link\" href=\"https:\/\/iglesia-en-villar.es\/blog\/2025\/05\/16\/editorial-271\/\"><span>Leer m\u00e1s<\/span><i class=\"crycon-right-dir\"><\/i><\/a> <\/p>\n","protected":false},"author":53745,"featured_media":11172,"comment_status":"open","ping_status":"open","sticky":false,"template":"","format":"standard","meta":{"inline_featured_image":false,"footnotes":""},"categories":[13],"tags":[],"class_list":["post-11180","post","type-post","status-publish","format-standard","has-post-thumbnail","hentry","category-editorial"],"better_featured_image":{"id":11172,"alt_text":"","caption":"","description":"","media_type":"image","media_details":{"width":1599,"height":1062,"file":"2025\/05\/PHOTO-2025-05-15-09-59-30.jpg","filesize":238404,"sizes":{"medium":{"file":"PHOTO-2025-05-15-09-59-30-300x199.jpg","width":300,"height":199,"mime-type":"image\/jpeg","filesize":17182,"source_url":"https:\/\/iglesia-en-villar.es\/blog\/wp-content\/uploads\/2025\/05\/PHOTO-2025-05-15-09-59-30-300x199.jpg"},"large":{"file":"PHOTO-2025-05-15-09-59-30-1024x680.jpg","width":1024,"height":680,"mime-type":"image\/jpeg","filesize":132157,"source_url":"https:\/\/iglesia-en-villar.es\/blog\/wp-content\/uploads\/2025\/05\/PHOTO-2025-05-15-09-59-30-1024x680.jpg"},"thumbnail":{"file":"PHOTO-2025-05-15-09-59-30-150x150.jpg","width":150,"height":150,"mime-type":"image\/jpeg","filesize":7232,"source_url":"https:\/\/iglesia-en-villar.es\/blog\/wp-content\/uploads\/2025\/05\/PHOTO-2025-05-15-09-59-30-150x150.jpg"},"medium_large":{"file":"PHOTO-2025-05-15-09-59-30-768x510.jpg","width":768,"height":510,"mime-type":"image\/jpeg","filesize":82126,"source_url":"https:\/\/iglesia-en-villar.es\/blog\/wp-content\/uploads\/2025\/05\/PHOTO-2025-05-15-09-59-30-768x510.jpg"},"1536x1536":{"file":"PHOTO-2025-05-15-09-59-30-1536x1020.jpg","width":1536,"height":1020,"mime-type":"image\/jpeg","filesize":250687,"source_url":"https:\/\/iglesia-en-villar.es\/blog\/wp-content\/uploads\/2025\/05\/PHOTO-2025-05-15-09-59-30-1536x1020.jpg"},"post-thumbnail":{"file":"PHOTO-2025-05-15-09-59-30-150x100.jpg","width":150,"height":100,"mime-type":"image\/jpeg","filesize":5558,"source_url":"https:\/\/iglesia-en-villar.es\/blog\/wp-content\/uploads\/2025\/05\/PHOTO-2025-05-15-09-59-30-150x100.jpg"},"header":{"file":"PHOTO-2025-05-15-09-59-30-1320x230.jpg","width":1320,"height":230,"mime-type":"image\/jpeg","filesize":59886,"source_url":"https:\/\/iglesia-en-villar.es\/blog\/wp-content\/uploads\/2025\/05\/PHOTO-2025-05-15-09-59-30-1320x230.jpg"},"slider":{"file":"PHOTO-2025-05-15-09-59-30-1599x580.jpg","width":1599,"height":580,"mime-type":"image\/jpeg","filesize":173998,"source_url":"https:\/\/iglesia-en-villar.es\/blog\/wp-content\/uploads\/2025\/05\/PHOTO-2025-05-15-09-59-30-1599x580.jpg"},"columns":{"file":"PHOTO-2025-05-15-09-59-30-330x300.jpg","width":330,"height":300,"mime-type":"image\/jpeg","filesize":25117,"source_url":"https:\/\/iglesia-en-villar.es\/blog\/wp-content\/uploads\/2025\/05\/PHOTO-2025-05-15-09-59-30-330x300.jpg"},"custom":{"file":"PHOTO-2025-05-15-09-59-30-250x166.jpg","width":250,"height":166,"mime-type":"image\/jpeg","filesize":12738,"source_url":"https:\/\/iglesia-en-villar.es\/blog\/wp-content\/uploads\/2025\/05\/PHOTO-2025-05-15-09-59-30-250x166.jpg"}},"image_meta":{"aperture":"0","credit":"","camera":"","caption":"","created_timestamp":"0","copyright":"","focal_length":"0","iso":"0","shutter_speed":"0","title":"","orientation":"0","keywords":[]}},"post":null,"source_url":"https:\/\/iglesia-en-villar.es\/blog\/wp-content\/uploads\/2025\/05\/PHOTO-2025-05-15-09-59-30.jpg"},"read":true,"_links":{"self":[{"href":"https:\/\/iglesia-en-villar.es\/blog\/wp-json\/wp\/v2\/posts\/11180","targetHints":{"allow":["GET"]}}],"collection":[{"href":"https:\/\/iglesia-en-villar.es\/blog\/wp-json\/wp\/v2\/posts"}],"about":[{"href":"https:\/\/iglesia-en-villar.es\/blog\/wp-json\/wp\/v2\/types\/post"}],"author":[{"embeddable":true,"href":"https:\/\/iglesia-en-villar.es\/blog\/wp-json\/wp\/v2\/users\/53745"}],"replies":[{"embeddable":true,"href":"https:\/\/iglesia-en-villar.es\/blog\/wp-json\/wp\/v2\/comments?post=11180"}],"version-history":[{"count":1,"href":"https:\/\/iglesia-en-villar.es\/blog\/wp-json\/wp\/v2\/posts\/11180\/revisions"}],"predecessor-version":[{"id":11181,"href":"https:\/\/iglesia-en-villar.es\/blog\/wp-json\/wp\/v2\/posts\/11180\/revisions\/11181"}],"wp:featuredmedia":[{"embeddable":true,"href":"https:\/\/iglesia-en-villar.es\/blog\/wp-json\/wp\/v2\/media\/11172"}],"wp:attachment":[{"href":"https:\/\/iglesia-en-villar.es\/blog\/wp-json\/wp\/v2\/media?parent=11180"}],"wp:term":[{"taxonomy":"category","embeddable":true,"href":"https:\/\/iglesia-en-villar.es\/blog\/wp-json\/wp\/v2\/categories?post=11180"},{"taxonomy":"post_tag","embeddable":true,"href":"https:\/\/iglesia-en-villar.es\/blog\/wp-json\/wp\/v2\/tags?post=11180"}],"curies":[{"name":"wp","href":"https:\/\/api.w.org\/{rel}","templated":true}]}}