{"id":11186,"date":"2025-05-23T09:55:51","date_gmt":"2025-05-23T08:55:51","guid":{"rendered":"https:\/\/iglesia-en-villar.es\/blog\/?p=11186"},"modified":"2025-05-23T09:55:52","modified_gmt":"2025-05-23T08:55:52","slug":"avisos-251","status":"publish","type":"post","link":"https:\/\/iglesia-en-villar.es\/blog\/2025\/05\/23\/avisos-251\/","title":{"rendered":"Avisos"},"content":{"rendered":"\n<p><strong>PASCUA DEL ENFERMO<\/strong><\/p>\n\n\n\n<p>EL S\u00c1BADO 31 DE MAYO CELEBRAREMOS LA PASCUA DEL ENFERMO. INVITAMOS A TODAS LAS FAMILIAS A QUE PUEDAN ACERCAR A SUS FAMILIARES PARA QUE PUEDAN RECIBIR EL SACRAMENTO DE LA UNCI\u00d3N DE ENFERMOS<\/p>\n\n\n\n<p><strong>FIN CURSO EN LAS AREAS PASTORALES<\/strong><\/p>\n\n\n\n<p>SE ACERCA EL FIN DE CURSO PASTORAL Y DESDE LAS DIFERENTES \u00c1REAS SE EST\u00c1N PREPARANDO ACTIVIDADES PARA CERRAR EL CURSO. ANIMAROS A PARTICIPAR Y DAR GRACIAS A DIOS<\/p>\n\n\n\n<p><strong>LIBRO CALLE DE SAN ROQUE<\/strong><\/p>\n\n\n\n<p>EST\u00c1 A LA VENTA EN LIBRO DE NUESTRO QUERIDO MIGUEL CASTELLANO SOBRE LA CALLE DE SAN ROQUE.<\/p>\n\n\n\n<p>LO POD\u00c9IS ADQUIRIR EN LA SACRIST\u00cdA POR 10 EUROS. EL DINERO IR\u00c1 \u00cdNTEGRAMENTE A UNA OBRA SOCIAL DE MANOS UNIDAS<\/p>\n\n\n\n<p><strong>450 ANIVERSARIO<\/strong><\/p>\n\n\n\n<p><strong>FOTOS PARA MURAL DE LA HISTORIA DE NUESTRA FE<\/strong><\/p>\n\n\n\n<p>CON MOTIVO DEL 450 ANIVERSARIO, VAMOS A ELABORAR UN MURAL CON TODAS LAS FOTOS DE LAS PERSONAS QUE HAYAN PARTICIPADO EN ALGUN MOMENTO DE LA HISTORIA, DE LA VIDA DE LA PARROQUIA<\/p>\n\n\n\n<p>SI QUIERES QUE LA MEMORIA DE TUS FAMILIARES ESTE REPRESENTADA, SOLO TIENES QUE TRAERNOS TU FOTO A LA SACRIST\u00cdA. ALLI NOS ENCARGAREMOS DE DIGITALIZARLA.<\/p>\n\n\n\n<p>AQUELLOS QUE OS ENCONTREIS LEJOS, PODEIS HACERNOS LLEGAR VUESTRA FOTO VIA CORREO ELECTR\u00d3NICO MANDANDOLA AL CORREO <a href=\"mailto:iglesiavpaz@hotmail.es\"><u>iglesiavpaz@hotmail.es<\/u><\/a><\/p>\n\n\n\n<p>PASADO Y PRESENTE CONSTRUYENDO EL FUTURO.<\/p>\n\n\n\n<p><strong>VISITA A CHULILLA<\/strong><\/p>\n\n\n\n<p>EL S\u00c1BADO 5 DE JULIO DENTRO DE LOS ACTOS DEL 450 ANIVERSARIO, VAMOS A VISITAR LA PARROQUIA DE CHULILLA. CELEBRAREMOS LA EUCARIST\u00cdA Y COMEREMOS JUNTOS EN COMUNIDAD FRATERNA.<\/p>\n\n\n\n<p>APUNTAROS EN LA SACRIST\u00cdA PARA PODER PARTICIPAR. COMIDA M\u00c1S AUTOB\u00daS 35 EUROS<\/p>\n\n\n\n<p><strong>DECLARACI\u00d3N DE LA RENTA<\/strong><\/p>\n\n\n\n<p>AQUELLOS QUE HAC\u00c9IS LA DECLARACI\u00d3N DE LA RENTA, ANIMAROS A QUE MARQU\u00c9IS LA CASILLA DE LA X EN FAVOR DE LA IGLESIA<\/p>\n<p><span style=\"font-family: Times New Roman, serif;\"><span style=\"font-size: medium;\">LIMPIEZA MES DE JUNIO<\/span><\/span><\/p>\n<p><span style=\"font-family: Times New Roman, serif;\"><span style=\"font-size: medium;\">TEMPLO<\/span><\/span><\/p>\n<p><span style=\"font-family: Times New Roman, serif;\"><span style=\"font-size: medium;\">PAZ GARC\u00cdA GARC\u00cdA<\/span><\/span><\/p>\n<p><span style=\"font-family: Times New Roman, serif;\"><span style=\"font-size: medium;\">ADELA BORI FLOR<\/span><\/span><\/p>\n<p><span style=\"font-family: Times New Roman, serif;\"><span style=\"font-size: medium;\">PAZ GARC\u00cdA L\u00d3PEZ<\/span><\/span><\/p>\n<p><a name=\"_GoBack\"><\/a> <span style=\"font-family: Times New Roman, serif;\"><span style=\"font-size: medium;\">ASUNCI\u00d3N TORTAJADA MIRALLES<\/span><\/span><\/p>\n<p><span style=\"font-family: Times New Roman, serif;\"><span style=\"font-size: medium;\">FINA TORTAJADA MIRALLES<\/span><\/span><\/p>\n<p><span style=\"font-family: Times New Roman, serif;\"><span style=\"font-size: medium;\">FINA L\u00c1ZARO ESTEVAN<\/span><\/span><\/p>\n<p><span style=\"font-family: Times New Roman, serif;\"><span style=\"font-size: medium;\">CARMEN G\u00d3MEZ HERN\u00c1NDEZ<\/span><\/span><\/p>\n<p><span style=\"font-family: Times New Roman, serif;\"><span style=\"font-size: medium;\">PAZ TORTAJADA IB\u00c1\u00d1EZ<\/span><\/span><\/p>\n<p><span style=\"font-family: Times New Roman, serif;\"><span style=\"font-size: medium;\">ENCARNACI\u00d3N TORTAJADA IB\u00c1\u00d1EZ<\/span><\/span><\/p>\n<p><span style=\"font-family: Times New Roman, serif;\"><span style=\"font-size: medium;\">M. PAZ USACH LOPEZ<\/span><\/span><\/p>\n<p><span style=\"font-family: Times New Roman, serif;\"><span style=\"font-size: medium;\"><u>COLABORADORAS CON PRODUCTOS DE LIMPIEZA<\/u><\/span><\/span><\/p>\n<p><span style=\"font-family: Times New Roman, serif;\"><span style=\"font-size: medium;\">PAZ CERVERA TOMAS.<\/span><\/span><\/p>\n<p><span style=\"font-family: Times New Roman, serif;\"><span style=\"font-size: medium;\">MARUJA CERVERA MIRALLES<\/span><\/span><\/p>\n<p><span style=\"font-family: Times New Roman, serif;\"><span style=\"font-size: medium;\">MARIBEL GARC\u00cdA ROMERO<\/span><\/span><\/p>\n<p><span style=\"font-family: Times New Roman, serif;\"><span style=\"font-size: medium;\">CARMEN IB\u00c1\u00d1EZ IB\u00c1\u00d1EZ<\/span><\/span><\/p>\n<p><span style=\"font-family: Times New Roman, serif;\"><span style=\"font-size: medium;\">LOCALES<\/span><\/span><\/p>\n<p lang=\"es\"><span style=\"font-family: Times New Roman, serif;\"><span style=\"font-size: medium;\"><b>DEL 1 AL 15<\/b><\/span><\/span><\/p>\n<p lang=\"es\"><span style=\"font-family: Times New Roman, serif;\"><span style=\"font-size: medium;\">Paz Garcia Garcia y Paz Tortajada Iba\u00f1ez<\/span><\/span><\/p>\n<p lang=\"es\"><span style=\"font-family: Times New Roman, serif;\"><span style=\"font-size: medium;\"><b>DEL 16 AL 30<\/b><\/span><\/span><\/p>\n<p lang=\"es\"><span style=\"font-family: Times New Roman, serif;\"><span style=\"font-size: medium;\">Encarna Tortajada e Inmaculada Alcaide<\/span><\/span><\/p>\n<p lang=\"es\"><span style=\"font-family: Times New Roman, serif;\"><span style=\"font-size: medium;\">ENCARGADAS DEL ACEITE<\/span><\/span><\/p>\n<p><span style=\"color: #000000;\"><span style=\"font-family: Times New Roman, serif;\"><span style=\"font-size: medium;\">TERESA GABARDA ALBALAT<\/span><\/span><\/span><\/p>\n<p><span style=\"color: #000000;\"><span style=\"font-family: Times New Roman, serif;\"><span style=\"font-size: medium;\">MARIA PEREZ CARI\u00d1ENA<\/span><\/span><\/span><\/p>\n<p><span style=\"color: #000000;\"><span style=\"font-family: Times New Roman, serif;\"><span style=\"font-size: medium;\">M. ANGELES MINGUEZ ESTEVAN<\/span><\/span><\/span><\/p>\n\n\n","protected":false},"excerpt":{"rendered":"<p>PASCUA DEL ENFERMO EL S\u00c1BADO 31 DE MAYO CELEBRAREMOS LA PASCUA DEL ENFERMO. INVITAMOS A TODAS LAS FAMILIAS A QUE PUEDAN ACERCAR A SUS FAMILIARES PARA QUE PUEDAN RECIBIR EL SACRAMENTO DE LA UNCI\u00d3N DE ENFERMOS FIN CURSO EN LAS AREAS PASTORALES SE ACERCA EL FIN DE CURSO PASTORAL Y DESDE LAS DIFERENTES \u00c1REAS SE EST\u00c1N PREPARANDO ACTIVIDADES PARA CERRAR&#8230;<\/p>\n<p> <a class=\"continue-reading-link\" href=\"https:\/\/iglesia-en-villar.es\/blog\/2025\/05\/23\/avisos-251\/\"><span>Leer m\u00e1s<\/span><i class=\"crycon-right-dir\"><\/i><\/a> <\/p>\n","protected":false},"author":53745,"featured_media":10726,"comment_status":"open","ping_status":"open","sticky":false,"template":"","format":"standard","meta":{"inline_featured_image":false,"footnotes":""},"categories":[10],"tags":[],"class_list":["post-11186","post","type-post","status-publish","format-standard","has-post-thumbnail","hentry","category-avisos"],"better_featured_image":{"id":10726,"alt_text":"","caption":"","description":"","media_type":"image","media_details":{"width":259,"height":194,"file":"2024\/11\/LOS-AVISOS.png","filesize":7680,"sizes":{"thumbnail":{"file":"LOS-AVISOS-150x150.png","width":150,"height":150,"mime-type":"image\/png","filesize":13026,"source_url":"https:\/\/iglesia-en-villar.es\/blog\/wp-content\/uploads\/2024\/11\/LOS-AVISOS-150x150.png"},"post-thumbnail":{"file":"LOS-AVISOS-150x112.png","width":150,"height":112,"mime-type":"image\/png","filesize":11456,"source_url":"https:\/\/iglesia-en-villar.es\/blog\/wp-content\/uploads\/2024\/11\/LOS-AVISOS-150x112.png"},"custom":{"file":"LOS-AVISOS-250x187.png","width":250,"height":187,"mime-type":"image\/png","filesize":24557,"source_url":"https:\/\/iglesia-en-villar.es\/blog\/wp-content\/uploads\/2024\/11\/LOS-AVISOS-250x187.png"}},"image_meta":{"aperture":"0","credit":"","camera":"","caption":"","created_timestamp":"0","copyright":"","focal_length":"0","iso":"0","shutter_speed":"0","title":"","orientation":"0","keywords":[]}},"post":null,"source_url":"https:\/\/iglesia-en-villar.es\/blog\/wp-content\/uploads\/2024\/11\/LOS-AVISOS.png"},"read":true,"_links":{"self":[{"href":"https:\/\/iglesia-en-villar.es\/blog\/wp-json\/wp\/v2\/posts\/11186","targetHints":{"allow":["GET"]}}],"collection":[{"href":"https:\/\/iglesia-en-villar.es\/blog\/wp-json\/wp\/v2\/posts"}],"about":[{"href":"https:\/\/iglesia-en-villar.es\/blog\/wp-json\/wp\/v2\/types\/post"}],"author":[{"embeddable":true,"href":"https:\/\/iglesia-en-villar.es\/blog\/wp-json\/wp\/v2\/users\/53745"}],"replies":[{"embeddable":true,"href":"https:\/\/iglesia-en-villar.es\/blog\/wp-json\/wp\/v2\/comments?post=11186"}],"version-history":[{"count":1,"href":"https:\/\/iglesia-en-villar.es\/blog\/wp-json\/wp\/v2\/posts\/11186\/revisions"}],"predecessor-version":[{"id":11187,"href":"https:\/\/iglesia-en-villar.es\/blog\/wp-json\/wp\/v2\/posts\/11186\/revisions\/11187"}],"wp:featuredmedia":[{"embeddable":true,"href":"https:\/\/iglesia-en-villar.es\/blog\/wp-json\/wp\/v2\/media\/10726"}],"wp:attachment":[{"href":"https:\/\/iglesia-en-villar.es\/blog\/wp-json\/wp\/v2\/media?parent=11186"}],"wp:term":[{"taxonomy":"category","embeddable":true,"href":"https:\/\/iglesia-en-villar.es\/blog\/wp-json\/wp\/v2\/categories?post=11186"},{"taxonomy":"post_tag","embeddable":true,"href":"https:\/\/iglesia-en-villar.es\/blog\/wp-json\/wp\/v2\/tags?post=11186"}],"curies":[{"name":"wp","href":"https:\/\/api.w.org\/{rel}","templated":true}]}}