{"id":11193,"date":"2025-05-23T10:02:28","date_gmt":"2025-05-23T09:02:28","guid":{"rendered":"https:\/\/iglesia-en-villar.es\/blog\/?p=11193"},"modified":"2025-05-23T10:02:30","modified_gmt":"2025-05-23T09:02:30","slug":"rincon-carmelitano-280","status":"publish","type":"post","link":"https:\/\/iglesia-en-villar.es\/blog\/2025\/05\/23\/rincon-carmelitano-280\/","title":{"rendered":"Rinc\u00f3n Carmelitano"},"content":{"rendered":"\n<p class=\"has-text-align-center\"><strong>LOS DESEOS DEL ESP\u00cdRITU SANTO.<\/strong><\/p>\n\n\n\n<p>Hemos sido creados con un anhelo infinito que s\u00f3lo puede ser colmado por Dios. Pero nuestro coraz\u00f3n a\u00fan no ha alcanzado la medida del don. Debe ser ensanchado y capacitado por el Amor y para el amor. Y en la escuela de la esperanza, la oraci\u00f3n tiene un Maestro y un intercesor: el Esp\u00edritu Santo. En la oraci\u00f3n el hombre ha de aprender qu\u00e9 es lo verdaderamente puede pedirle a Dios, lo que es digno de Dios. Si&nbsp; el Esp\u00edritu es el maestro de oraci\u00f3n, y la esperanza, la escuela de la oraci\u00f3n, la oraci\u00f3n es el ejercicio del deseo, y el deseo&#8230;el Esp\u00edritu mismo que gime en nuestro coraz\u00f3n. Entremos por la fe en lo m\u00e1s \u00edntimo del Esp\u00edritu del Se\u00f1or, y que nuestro gemido interior sea uno con el suyo, dejando que obre en nosotros como quiera y cuando quiera transfigurando nuestra oraci\u00f3n y nuestra vida entera. Respiremos su mismo aliento de vida, vivamos s\u00f3lo con deseo de satisfacer su deseo ( Teresa de Jes\u00fas) oremos dej\u00e1ndonos llevar por su gemido entra\u00f1able hasta el coraz\u00f3n del Padre.<\/p>\n\n\n\n<p>&nbsp;\u00a1\u00bbOh dios m\u00edo y mi sabidur\u00eda infinita, sin medida y sin tasa y sobre todos los entendimientos ang\u00e9licos y humanos ! \u00a1 Oh amor, que me amas m\u00e1s de lo que yo me puedo amar, ni entiendo!&nbsp; \u00bfPara qu\u00e9 quiero, Se\u00f1or, desear m\u00e1s de lo que Vos quisierais darme? \u00bfPara qu\u00e9 me quiero cansar en pediros cosa ordenada por mi deseo, pues todo lo que mi entendimiento puede concertar, y mi deseo desear, ten\u00e9is Vos ya entendido sus fines y yo no entiendo c\u00f3mo me aprovechar?&#8230;Que no, mi Dios, no; no m\u00e1s confianza en cosa que yo quiera querer para m\u00ed. Quered Vos de m\u00ed lo que quisierais querer, que eso quiero, pues est\u00e1 todo mi bien en contentaros\u00bb (Exclamaci\u00f3n de Santa Teresa)<\/p>\n\n\n\n<p><em>La invocaci\u00f3n del Esp\u00edritu es centrar en la Eucarist\u00eda. Al invocarlo cada d\u00eda nos preparamos para que \u00c9l haga de nuestra vida una oblaci\u00f3n digna del Padre y una ofrenda de comuni\u00f3n para todo nuestros hermanos. Que el Esp\u00edritu del amor nos libre del pecado de la indiferencia y convierta el pan de nuestros deseos en el nuevo man\u00e1 de la nueva peregrinaci\u00f3n.<\/em><\/p>\n\n\n\n<p>\u00a0 \u00a0 \u00a0 \u00a0 \u00a0 \u00a0 \u00a0 \u00a0 \u00a0 \u00a0 \u00a0 \u00a0Hermanas Carmelitas<\/p>\n<p>\u00a0<\/p>\n","protected":false},"excerpt":{"rendered":"<p>LOS DESEOS DEL ESP\u00cdRITU SANTO. Hemos sido creados con un anhelo infinito que s\u00f3lo puede ser colmado por Dios. Pero nuestro coraz\u00f3n a\u00fan no ha alcanzado la medida del don. Debe ser ensanchado y capacitado por el Amor y para el amor. Y en la escuela de la esperanza, la oraci\u00f3n tiene un Maestro y un intercesor: el Esp\u00edritu Santo&#8230;.<\/p>\n<p> <a class=\"continue-reading-link\" href=\"https:\/\/iglesia-en-villar.es\/blog\/2025\/05\/23\/rincon-carmelitano-280\/\"><span>Leer m\u00e1s<\/span><i class=\"crycon-right-dir\"><\/i><\/a> <\/p>\n","protected":false},"author":53745,"featured_media":11190,"comment_status":"open","ping_status":"open","sticky":false,"template":"","format":"standard","meta":{"inline_featured_image":false,"footnotes":""},"categories":[5],"tags":[],"class_list":["post-11193","post","type-post","status-publish","format-standard","has-post-thumbnail","hentry","category-monasterio"],"better_featured_image":{"id":11190,"alt_text":"","caption":"","description":"","media_type":"image","media_details":{"width":198,"height":203,"file":"2025\/05\/zzrincon-2.png","filesize":65496,"sizes":{"thumbnail":{"file":"zzrincon-2-150x150.png","width":150,"height":150,"mime-type":"image\/png","filesize":15533,"source_url":"https:\/\/iglesia-en-villar.es\/blog\/wp-content\/uploads\/2025\/05\/zzrincon-2-150x150.png"},"post-thumbnail":{"file":"zzrincon-2-146x150.png","width":146,"height":150,"mime-type":"image\/png","filesize":15135,"source_url":"https:\/\/iglesia-en-villar.es\/blog\/wp-content\/uploads\/2025\/05\/zzrincon-2-146x150.png"}},"image_meta":{"aperture":"0","credit":"","camera":"","caption":"","created_timestamp":"0","copyright":"","focal_length":"0","iso":"0","shutter_speed":"0","title":"","orientation":"0","keywords":[]}},"post":null,"source_url":"https:\/\/iglesia-en-villar.es\/blog\/wp-content\/uploads\/2025\/05\/zzrincon-2.png"},"read":true,"_links":{"self":[{"href":"https:\/\/iglesia-en-villar.es\/blog\/wp-json\/wp\/v2\/posts\/11193","targetHints":{"allow":["GET"]}}],"collection":[{"href":"https:\/\/iglesia-en-villar.es\/blog\/wp-json\/wp\/v2\/posts"}],"about":[{"href":"https:\/\/iglesia-en-villar.es\/blog\/wp-json\/wp\/v2\/types\/post"}],"author":[{"embeddable":true,"href":"https:\/\/iglesia-en-villar.es\/blog\/wp-json\/wp\/v2\/users\/53745"}],"replies":[{"embeddable":true,"href":"https:\/\/iglesia-en-villar.es\/blog\/wp-json\/wp\/v2\/comments?post=11193"}],"version-history":[{"count":1,"href":"https:\/\/iglesia-en-villar.es\/blog\/wp-json\/wp\/v2\/posts\/11193\/revisions"}],"predecessor-version":[{"id":11194,"href":"https:\/\/iglesia-en-villar.es\/blog\/wp-json\/wp\/v2\/posts\/11193\/revisions\/11194"}],"wp:featuredmedia":[{"embeddable":true,"href":"https:\/\/iglesia-en-villar.es\/blog\/wp-json\/wp\/v2\/media\/11190"}],"wp:attachment":[{"href":"https:\/\/iglesia-en-villar.es\/blog\/wp-json\/wp\/v2\/media?parent=11193"}],"wp:term":[{"taxonomy":"category","embeddable":true,"href":"https:\/\/iglesia-en-villar.es\/blog\/wp-json\/wp\/v2\/categories?post=11193"},{"taxonomy":"post_tag","embeddable":true,"href":"https:\/\/iglesia-en-villar.es\/blog\/wp-json\/wp\/v2\/tags?post=11193"}],"curies":[{"name":"wp","href":"https:\/\/api.w.org\/{rel}","templated":true}]}}