{"id":11195,"date":"2025-05-23T10:05:44","date_gmt":"2025-05-23T09:05:44","guid":{"rendered":"https:\/\/iglesia-en-villar.es\/blog\/?p=11195"},"modified":"2025-05-23T10:05:45","modified_gmt":"2025-05-23T09:05:45","slug":"editorial-272","status":"publish","type":"post","link":"https:\/\/iglesia-en-villar.es\/blog\/2025\/05\/23\/editorial-272\/","title":{"rendered":"Editorial"},"content":{"rendered":"\n<h2 class=\"wp-block-heading has-text-align-center\"><strong>Llega el Domingo de las Primeras Comuniones <\/strong><\/h2>\n\n\n\n<h2 class=\"wp-block-heading has-text-align-center\"><strong>en<\/strong><\/h2>\n<h2 class=\"wp-block-heading has-text-align-center\"><strong> Villar del Arzobispo<\/strong><\/h2>\n\n\n\n<p>La ma\u00f1ana se viste de gala en Villar del Arzobispo. Las calles respiran una emoci\u00f3n distinta, un perfume a fiesta que solo el coraz\u00f3n de un ni\u00f1o puede entender en toda su profundidad. Chimo, lanza el bando, pone a sonar aquella canci\u00f3n que nunca pasa de moda: \u201cMi Primera Comuni\u00f3n\u201d de Juanito Valderrama. Y es que hoy no es un d\u00eda cualquiera. Despu\u00e9s de tres a\u00f1os de preparaci\u00f3n, doce ni\u00f1os se acercar\u00e1n al altar para recibir por primera vez a Jes\u00fas en la Eucarist\u00eda. Es una fiesta para toda la comunidad parroquial, pero sobre todo para las familias, que ven c\u00f3mo sus peque\u00f1os dan un paso decisivo en su vida de fe.<\/p>\n\n\n\n<p>Tomar la Primera Comuni\u00f3n no es un simple rito de paso, ni una tradici\u00f3n cultural. Es algo mucho m\u00e1s grande, m\u00e1s hondo. Es el momento en que Dios, en la persona de Jes\u00fas, hace morada en el coraz\u00f3n de cada uno de estos doce ni\u00f1os. El mismo Creador del universo, que se hizo hombre por amor, que muri\u00f3 y resucit\u00f3 por nosotros, se entrega en un pedazo de pan consagrado. \u00bfC\u00f3mo no emocionarse ante este misterio? La Eucarist\u00eda es el sacramento del amor, el banquete donde Cristo se ofrece como alimento para nuestra alma. \u00c9l mismo lo dijo: \u00abEl que come mi carne y bebe mi sangre tiene vida eterna, y yo lo resucitar\u00e9 en el \u00faltimo d\u00eda\u00bb.<\/p>\n\n\n\n<p>Hoy, estos ni\u00f1os no reciben un s\u00edmbolo, sino al mismo Dios que viene a transformar sus vidas. Es un encuentro personal, \u00edntimo, donde Jes\u00fas les dice: \u00abMira, estoy a la puerta y llamo; si alguno oye mi voz y me abre la puerta, entrar\u00e9 en su casa y cenar\u00e9 con \u00e9l, y \u00e9l conmigo\u00bb. Y ellos, con esa fe sencilla y pura que solo los peque\u00f1os poseen, le abren las puertas de su coraz\u00f3n.<\/p>\n\n\n\n<p>Pero este d\u00eda no puede quedarse solo en un recuerdo bonito. La Primera Comuni\u00f3n es el inicio de un camino, una invitaci\u00f3n a perseverar en la vida eucar\u00edstica. La misa no es una obligaci\u00f3n, sino el lugar privilegiado donde Dios nos espera cada domingo \u2014y cada d\u00eda\u2014 para alimentarnos, para darnos fuerzas, para hacerse uno con nosotros. No hay mayor alegr\u00eda que vivir cerca del Se\u00f1or, y la Eucarist\u00eda es el tesoro que nos mantiene unidos a \u00c9l.<\/p>\n\n\n\n<p>Por eso, hoy es un d\u00eda de acci\u00f3n de gracias. Gracias a los catequistas, que con paciencia y amor han preparado a estos ni\u00f1os. Gracias a las familias, que son los primeros testigos de la fe. Y sobre todo, gracias a Dios, que en su misericordia infinita, se hace peque\u00f1o para entrar en el coraz\u00f3n de los peque\u00f1os.<\/p>\n\n\n\n<p>Que la Sant\u00edsima Virgen Mar\u00eda, nuestra Madre, la Virgen de la Paz, cubra con su manto a cada uno de estos doce ni\u00f1os. Que Ella, que guardaba todas las cosas en su coraz\u00f3n, les ense\u00f1e a amar a Jes\u00fas en la Eucarist\u00eda y a seguirlo siempre con fidelidad y alegr\u00eda. Que este d\u00eda sea el comienzo de una vida caminando de la mano del Se\u00f1or, hasta el encuentro definitivo con \u00c9l en el cielo.<\/p>\n\n\n\n<p>\u00a1Feliz d\u00eda de Primera Comuni\u00f3n, Villar del Arzobispo! Que la alegr\u00eda de este domingo permanezca en vuestros corazones para siempre.<\/p><p><\/p>\n","protected":false},"excerpt":{"rendered":"<p>Llega el Domingo de las Primeras Comuniones en Villar del Arzobispo La ma\u00f1ana se viste de gala en Villar del Arzobispo. Las calles respiran una emoci\u00f3n distinta, un perfume a fiesta que solo el coraz\u00f3n de un ni\u00f1o puede entender en toda su profundidad. Chimo, lanza el bando, pone a sonar aquella canci\u00f3n que nunca pasa de moda: \u201cMi Primera&#8230;<\/p>\n<p> <a class=\"continue-reading-link\" href=\"https:\/\/iglesia-en-villar.es\/blog\/2025\/05\/23\/editorial-272\/\"><span>Leer m\u00e1s<\/span><i class=\"crycon-right-dir\"><\/i><\/a> <\/p>\n","protected":false},"author":53745,"featured_media":11188,"comment_status":"open","ping_status":"open","sticky":false,"template":"","format":"standard","meta":{"inline_featured_image":false,"footnotes":""},"categories":[13],"tags":[],"class_list":["post-11195","post","type-post","status-publish","format-standard","has-post-thumbnail","hentry","category-editorial"],"better_featured_image":{"id":11188,"alt_text":"","caption":"","description":"","media_type":"image","media_details":{"width":268,"height":188,"file":"2025\/05\/PHOTO-2025-05-21-21-32-38.jpg","filesize":20562,"sizes":{"thumbnail":{"file":"PHOTO-2025-05-21-21-32-38-150x150.jpg","width":150,"height":150,"mime-type":"image\/jpeg","filesize":12151,"source_url":"https:\/\/iglesia-en-villar.es\/blog\/wp-content\/uploads\/2025\/05\/PHOTO-2025-05-21-21-32-38-150x150.jpg"},"post-thumbnail":{"file":"PHOTO-2025-05-21-21-32-38-150x105.jpg","width":150,"height":105,"mime-type":"image\/jpeg","filesize":8670,"source_url":"https:\/\/iglesia-en-villar.es\/blog\/wp-content\/uploads\/2025\/05\/PHOTO-2025-05-21-21-32-38-150x105.jpg"},"custom":{"file":"PHOTO-2025-05-21-21-32-38-250x175.jpg","width":250,"height":175,"mime-type":"image\/jpeg","filesize":20621,"source_url":"https:\/\/iglesia-en-villar.es\/blog\/wp-content\/uploads\/2025\/05\/PHOTO-2025-05-21-21-32-38-250x175.jpg"}},"image_meta":{"aperture":"0","credit":"","camera":"","caption":"","created_timestamp":"0","copyright":"","focal_length":"0","iso":"0","shutter_speed":"0","title":"","orientation":"0","keywords":[]}},"post":null,"source_url":"https:\/\/iglesia-en-villar.es\/blog\/wp-content\/uploads\/2025\/05\/PHOTO-2025-05-21-21-32-38.jpg"},"read":true,"_links":{"self":[{"href":"https:\/\/iglesia-en-villar.es\/blog\/wp-json\/wp\/v2\/posts\/11195","targetHints":{"allow":["GET"]}}],"collection":[{"href":"https:\/\/iglesia-en-villar.es\/blog\/wp-json\/wp\/v2\/posts"}],"about":[{"href":"https:\/\/iglesia-en-villar.es\/blog\/wp-json\/wp\/v2\/types\/post"}],"author":[{"embeddable":true,"href":"https:\/\/iglesia-en-villar.es\/blog\/wp-json\/wp\/v2\/users\/53745"}],"replies":[{"embeddable":true,"href":"https:\/\/iglesia-en-villar.es\/blog\/wp-json\/wp\/v2\/comments?post=11195"}],"version-history":[{"count":1,"href":"https:\/\/iglesia-en-villar.es\/blog\/wp-json\/wp\/v2\/posts\/11195\/revisions"}],"predecessor-version":[{"id":11196,"href":"https:\/\/iglesia-en-villar.es\/blog\/wp-json\/wp\/v2\/posts\/11195\/revisions\/11196"}],"wp:featuredmedia":[{"embeddable":true,"href":"https:\/\/iglesia-en-villar.es\/blog\/wp-json\/wp\/v2\/media\/11188"}],"wp:attachment":[{"href":"https:\/\/iglesia-en-villar.es\/blog\/wp-json\/wp\/v2\/media?parent=11195"}],"wp:term":[{"taxonomy":"category","embeddable":true,"href":"https:\/\/iglesia-en-villar.es\/blog\/wp-json\/wp\/v2\/categories?post=11195"},{"taxonomy":"post_tag","embeddable":true,"href":"https:\/\/iglesia-en-villar.es\/blog\/wp-json\/wp\/v2\/tags?post=11195"}],"curies":[{"name":"wp","href":"https:\/\/api.w.org\/{rel}","templated":true}]}}