{"id":11203,"date":"2025-05-30T09:39:50","date_gmt":"2025-05-30T08:39:50","guid":{"rendered":"https:\/\/iglesia-en-villar.es\/blog\/?p=11203"},"modified":"2025-05-30T09:39:50","modified_gmt":"2025-05-30T08:39:50","slug":"avisos-252","status":"publish","type":"post","link":"https:\/\/iglesia-en-villar.es\/blog\/2025\/05\/30\/avisos-252\/","title":{"rendered":"Avisos"},"content":{"rendered":"\n<p><strong>VIGILIA PENTECOST\u00c9S<\/strong><\/p>\n\n\n\n<p>LA PR\u00d3XIMA SEMANA CELEBRAMOS PENTECOST\u00c9S, Y CON ELLO EL FINAL DE LA PASCUA. EL S\u00c1BADO 7 DE JUNIO CELEBRAREMOS DESPU\u00c9S DE LA EUCARIST\u00cdA, LA VIGILIA DE PENTECOST\u00c9S CON LA ADORACI\u00d3N NOCTURNA<\/p>\n\n\n\n<p><strong>24 HORAS CON EL SE\u00d1OR ARCIPRESTAL<\/strong><\/p>\n\n\n\n<p>EL VIERNES 13 DE JUNIO DESDE LAS 12 HORAS HASTA EL S\u00c1BADO 14 DE JUNIO A LAS 12H, CELEBRAREMOS EN EL CONVENTO DE LAS MONJAS CARMELITAS LAS 24 HORAS CON EL SE\u00d1OR. APUNTAROS EN LA SACRIST\u00cdA PARA PARTICIPAR EN ESTE TIEMPO DE ADORACI\u00d3N.<\/p>\n\n\n\n<p>A VILLAR NOS CORRESPONDE VIERNES 13 A LAS 14H Y S\u00c1BADO 14 A LAS 9H<\/p>\n\n\n\n<p><strong>FIN CURSO EN LAS AREAS PASTORALES<\/strong><\/p>\n\n\n\n<p>SE ACERCA EL FIN DE CURSO PASTORAL Y DESDE LAS DIFERENTES \u00c1REAS SE EST\u00c1N PREPARANDO ACTIVIDADES PARA CERRAR EL CURSO. ANIMAROS A PARTICIPAR Y DAR GRACIAS A DIOS<\/p>\n\n\n\n<p><strong>SAN ANTONIO DE PADUA<\/strong><\/p>\n\n\n\n<p>EL VIERNES 13 DE JUNIO CELEBRAMOS A SAN ANTONIO DE PADUA A LAS 19H EN LA PARROQUIA, CON LAS BENDICI\u00d3N DEL PAN DE SAN ANTONIO.<\/p>\n\n\n\n<p><strong>LIBRO CALLE DE SAN ROQUE<\/strong><\/p>\n\n\n\n<p>EST\u00c1 A LA VENTA EN LIBRO DE NUESTRO QUERIDO MIGUEL CASTELLANO SOBRE LA CALLE DE SAN ROQUE.<\/p>\n\n\n\n<p>LO POD\u00c9IS ADQUIRIR EN LA SACRIST\u00cdA POR 10 EUROS. EL DINERO IR\u00c1 \u00cdNTEGRAMENTE A UNA OBRA SOCIAL DE MANOS UNIDAS<\/p>\n\n\n\n<p><strong>450 ANIVERSARIO<\/strong><\/p>\n\n\n\n<p><strong>FOTOS PARA MURAL DE LA HISTORIA DE NUESTRA FE<\/strong><\/p>\n\n\n\n<p>CON MOTIVO DEL 450 ANIVERSARIO, VAMOS A ELABORAR UN MURAL CON TODAS LAS FOTOS DE LAS PERSONAS QUE HAYAN PARRICIPADO EN ALGUN MOMENTO DE LA HISTORIA, DE LA VIDA DE LA PARROQUIA<\/p>\n\n\n\n<p>SI QUIERES QUE LA MEMORIA DE TUS FAMILIARES ESTE REPRESENTADA, SOLO TIENES QUE TRAERNOS TU FOTO A LA SACRIST\u00cdA. ALLI NOS ENCARGAREMOS DE DIGITALIZARLA.<\/p>\n\n\n\n<p>AQUELLOS QUE OS ENCONTREIS LEJOS, PODEIS HACERNOS LLEGAR VUESTRA FOTO VIA CORREO ELECTR\u00d3NICO MANDANDOLA AL CORREO <a href=\"mailto:iglesiavpaz@hotmail.es\"><u>iglesiavpaz@hotmail.es<\/u><\/a><\/p>\n\n\n\n<p>PASADO Y PRESENTE CONSTRUYENDO EL FUTURO.<\/p>\n\n\n\n<p><strong>VISITA A CHULILLA<\/strong><\/p>\n\n\n\n<p>EL S\u00c1BADO 5 DE JULIO DENTRO DE LOS ACTOS DEL 450 ANIVERSARIO, VAMOS A VISITAR LA PARROQUIA DE CHULILLA. CELEBRAREMOS LA EUCARIST\u00cdA Y COMEREMOS JUNTOS EN COMUNIDAD FRATERNA.<\/p>\n\n\n\n<p>APUNTAROS EN LA SACRIST\u00cdA PARA PODER PARTICIPAR. COMIDA M\u00c1S AUTOB\u00daS 35 EUROS<\/p>\n\n\n\n<p><strong>DECLARACI\u00d3N DE LA RENTA<\/strong><\/p>\n\n\n\n<p>AQUELLOS QUE HAC\u00c9IS LA DECLARACI\u00d3N DE LA RENTA, ANIMAROS A QUE MARQU\u00c9IS LA CASILLA DE LA X EN FAVOR DE LA IGLESIA<\/p><p><\/p>\n","protected":false},"excerpt":{"rendered":"<p>VIGILIA PENTECOST\u00c9S LA PR\u00d3XIMA SEMANA CELEBRAMOS PENTECOST\u00c9S, Y CON ELLO EL FINAL DE LA PASCUA. EL S\u00c1BADO 7 DE JUNIO CELEBRAREMOS DESPU\u00c9S DE LA EUCARIST\u00cdA, LA VIGILIA DE PENTECOST\u00c9S CON LA ADORACI\u00d3N NOCTURNA 24 HORAS CON EL SE\u00d1OR ARCIPRESTAL EL VIERNES 13 DE JUNIO DESDE LAS 12 HORAS HASTA EL S\u00c1BADO 14 DE JUNIO A LAS 12H, CELEBRAREMOS EN EL&#8230;<\/p>\n<p> <a class=\"continue-reading-link\" href=\"https:\/\/iglesia-en-villar.es\/blog\/2025\/05\/30\/avisos-252\/\"><span>Leer m\u00e1s<\/span><i class=\"crycon-right-dir\"><\/i><\/a> <\/p>\n","protected":false},"author":53745,"featured_media":11200,"comment_status":"open","ping_status":"open","sticky":false,"template":"","format":"standard","meta":{"inline_featured_image":false,"footnotes":""},"categories":[10],"tags":[],"class_list":["post-11203","post","type-post","status-publish","format-standard","has-post-thumbnail","hentry","category-avisos"],"better_featured_image":{"id":11200,"alt_text":"","caption":"","description":"","media_type":"image","media_details":{"width":896,"height":1600,"file":"2025\/05\/zzImagen-pegada.png","filesize":1519093,"sizes":{"medium":{"file":"zzImagen-pegada-168x300.png","width":168,"height":300,"mime-type":"image\/png","filesize":27867,"source_url":"https:\/\/iglesia-en-villar.es\/blog\/wp-content\/uploads\/2025\/05\/zzImagen-pegada-168x300.png"},"large":{"file":"zzImagen-pegada-573x1024.png","width":573,"height":1024,"mime-type":"image\/png","filesize":236112,"source_url":"https:\/\/iglesia-en-villar.es\/blog\/wp-content\/uploads\/2025\/05\/zzImagen-pegada-573x1024.png"},"thumbnail":{"file":"zzImagen-pegada-150x150.png","width":150,"height":150,"mime-type":"image\/png","filesize":13618,"source_url":"https:\/\/iglesia-en-villar.es\/blog\/wp-content\/uploads\/2025\/05\/zzImagen-pegada-150x150.png"},"medium_large":{"file":"zzImagen-pegada-768x1371.png","width":768,"height":1371,"mime-type":"image\/png","filesize":401628,"source_url":"https:\/\/iglesia-en-villar.es\/blog\/wp-content\/uploads\/2025\/05\/zzImagen-pegada-768x1371.png"},"1536x1536":{"file":"zzImagen-pegada-860x1536.png","width":860,"height":1536,"mime-type":"image\/png","filesize":490596,"source_url":"https:\/\/iglesia-en-villar.es\/blog\/wp-content\/uploads\/2025\/05\/zzImagen-pegada-860x1536.png"},"post-thumbnail":{"file":"zzImagen-pegada-84x150.png","width":84,"height":150,"mime-type":"image\/png","filesize":8438,"source_url":"https:\/\/iglesia-en-villar.es\/blog\/wp-content\/uploads\/2025\/05\/zzImagen-pegada-84x150.png"},"header":{"file":"zzImagen-pegada-896x230.png","width":896,"height":230,"mime-type":"image\/png","filesize":99459,"source_url":"https:\/\/iglesia-en-villar.es\/blog\/wp-content\/uploads\/2025\/05\/zzImagen-pegada-896x230.png"},"slider":{"file":"zzImagen-pegada-896x580.png","width":896,"height":580,"mime-type":"image\/png","filesize":205152,"source_url":"https:\/\/iglesia-en-villar.es\/blog\/wp-content\/uploads\/2025\/05\/zzImagen-pegada-896x580.png"},"columns":{"file":"zzImagen-pegada-330x300.png","width":330,"height":300,"mime-type":"image\/png","filesize":48305,"source_url":"https:\/\/iglesia-en-villar.es\/blog\/wp-content\/uploads\/2025\/05\/zzImagen-pegada-330x300.png"},"custom":{"file":"zzImagen-pegada-250x446.png","width":250,"height":446,"mime-type":"image\/png","filesize":53880,"source_url":"https:\/\/iglesia-en-villar.es\/blog\/wp-content\/uploads\/2025\/05\/zzImagen-pegada-250x446.png"}},"image_meta":{"aperture":"0","credit":"","camera":"","caption":"","created_timestamp":"0","copyright":"","focal_length":"0","iso":"0","shutter_speed":"0","title":"","orientation":"0","keywords":[]}},"post":null,"source_url":"https:\/\/iglesia-en-villar.es\/blog\/wp-content\/uploads\/2025\/05\/zzImagen-pegada.png"},"read":true,"_links":{"self":[{"href":"https:\/\/iglesia-en-villar.es\/blog\/wp-json\/wp\/v2\/posts\/11203","targetHints":{"allow":["GET"]}}],"collection":[{"href":"https:\/\/iglesia-en-villar.es\/blog\/wp-json\/wp\/v2\/posts"}],"about":[{"href":"https:\/\/iglesia-en-villar.es\/blog\/wp-json\/wp\/v2\/types\/post"}],"author":[{"embeddable":true,"href":"https:\/\/iglesia-en-villar.es\/blog\/wp-json\/wp\/v2\/users\/53745"}],"replies":[{"embeddable":true,"href":"https:\/\/iglesia-en-villar.es\/blog\/wp-json\/wp\/v2\/comments?post=11203"}],"version-history":[{"count":1,"href":"https:\/\/iglesia-en-villar.es\/blog\/wp-json\/wp\/v2\/posts\/11203\/revisions"}],"predecessor-version":[{"id":11204,"href":"https:\/\/iglesia-en-villar.es\/blog\/wp-json\/wp\/v2\/posts\/11203\/revisions\/11204"}],"wp:featuredmedia":[{"embeddable":true,"href":"https:\/\/iglesia-en-villar.es\/blog\/wp-json\/wp\/v2\/media\/11200"}],"wp:attachment":[{"href":"https:\/\/iglesia-en-villar.es\/blog\/wp-json\/wp\/v2\/media?parent=11203"}],"wp:term":[{"taxonomy":"category","embeddable":true,"href":"https:\/\/iglesia-en-villar.es\/blog\/wp-json\/wp\/v2\/categories?post=11203"},{"taxonomy":"post_tag","embeddable":true,"href":"https:\/\/iglesia-en-villar.es\/blog\/wp-json\/wp\/v2\/tags?post=11203"}],"curies":[{"name":"wp","href":"https:\/\/api.w.org\/{rel}","templated":true}]}}