{"id":11207,"date":"2025-05-30T09:43:28","date_gmt":"2025-05-30T08:43:28","guid":{"rendered":"https:\/\/iglesia-en-villar.es\/blog\/?p=11207"},"modified":"2025-05-30T09:43:29","modified_gmt":"2025-05-30T08:43:29","slug":"rincon-carmelitano-281","status":"publish","type":"post","link":"https:\/\/iglesia-en-villar.es\/blog\/2025\/05\/30\/rincon-carmelitano-281\/","title":{"rendered":"Rinc\u00f3n Carmelitano"},"content":{"rendered":"\n<h2 class=\"wp-block-heading has-text-align-center\"><strong>RAZONES PARA SER CARMELITA<\/strong><\/h2>\n\n\n\n<p>(Carta de Santa Teresa de los Andes a una amiga)<\/p>\n\n\n\n<p>\u00bb Dime, \u00bfhay algo m\u00e1s grande sobre la tierra que el Dios eterno. inmutable, el todopoderoso, busque en la tierra un alma para hacerla su esposa, busque un coraz\u00f3n humano para unirlo a su Coraz\u00f3n Divino y hacer en el amor a fusi\u00f3n m\u00e1s completa? M\u00e1s a\u00fan \u00bf que Dios baje a la tierra y viva all\u00ed en la Eucarist\u00eda muriendo de amor por un alma? Imag\u00ednate el amor m\u00e1s grande de la tierra \u00bf qu\u00e9 es en comparaci\u00f3n del de un Dios infinito?<\/p>\n\n\n\n<p>Cr\u00e9eme sinceramente te lo digo; yo antes cre\u00eda imposible poder enamorarme de un Dios a quien no ve\u00eda; a quien no pod\u00eda acariciar. Mas hoy d\u00eda afirmo con el coraz\u00f3n en la mano que Dios resarce enteramente ese sacrificio. De tal manera siente uno ese amor, esas caricias de nuestro Se\u00f1or, que parece tenerlo a tu lado. Tan \u00edntimamente lo siento unido a m\u00ed, que no puedo desear m\u00e1s, salvo la beat\u00edfica en el cielo. Me siento llena de \u00c9l y en ese instante lo estrecho contra mi coraz\u00f3n pidi\u00e9ndole que me d\u00e9 a conocer las finezas de su amor. No hay separaci\u00f3n entre nosotros. Done yo vaya, El est\u00e1 conmigo dentro de mi pobre coraz\u00f3n. Es su casita donde yo habito; es mi cielo aqu\u00ed en la tierra. Vivo con El y, a pesar de estar en los paseos, ambos conversamos sin que nadie nos sorprenda ni pueda interrumpirnos. Si t\u00fa lo conocieras lo bastante, lo amar\u00edas Si estuvieras una hora de oraci\u00f3n, podr\u00edas saber lo que es el cielo en la tierra.\u00bb<\/p>\n\n\n\n<p>Hermanas Carmelitas<\/p><p><\/p>\n","protected":false},"excerpt":{"rendered":"<p>RAZONES PARA SER CARMELITA (Carta de Santa Teresa de los Andes a una amiga) \u00bb Dime, \u00bfhay algo m\u00e1s grande sobre la tierra que el Dios eterno. inmutable, el todopoderoso, busque en la tierra un alma para hacerla su esposa, busque un coraz\u00f3n humano para unirlo a su Coraz\u00f3n Divino y hacer en el amor a fusi\u00f3n m\u00e1s completa? M\u00e1s&#8230;<\/p>\n<p> <a class=\"continue-reading-link\" href=\"https:\/\/iglesia-en-villar.es\/blog\/2025\/05\/30\/rincon-carmelitano-281\/\"><span>Leer m\u00e1s<\/span><i class=\"crycon-right-dir\"><\/i><\/a> <\/p>\n","protected":false},"author":53745,"featured_media":11199,"comment_status":"open","ping_status":"open","sticky":false,"template":"","format":"standard","meta":{"inline_featured_image":false,"footnotes":""},"categories":[5],"tags":[],"class_list":["post-11207","post","type-post","status-publish","format-standard","has-post-thumbnail","hentry","category-monasterio"],"better_featured_image":{"id":11199,"alt_text":"","caption":"","description":"","media_type":"image","media_details":{"width":148,"height":148,"file":"2025\/05\/zzrincon-3.png","filesize":35851,"sizes":{},"image_meta":{"aperture":"0","credit":"","camera":"","caption":"","created_timestamp":"0","copyright":"","focal_length":"0","iso":"0","shutter_speed":"0","title":"","orientation":"0","keywords":[]}},"post":null,"source_url":"https:\/\/iglesia-en-villar.es\/blog\/wp-content\/uploads\/2025\/05\/zzrincon-3.png"},"read":true,"_links":{"self":[{"href":"https:\/\/iglesia-en-villar.es\/blog\/wp-json\/wp\/v2\/posts\/11207","targetHints":{"allow":["GET"]}}],"collection":[{"href":"https:\/\/iglesia-en-villar.es\/blog\/wp-json\/wp\/v2\/posts"}],"about":[{"href":"https:\/\/iglesia-en-villar.es\/blog\/wp-json\/wp\/v2\/types\/post"}],"author":[{"embeddable":true,"href":"https:\/\/iglesia-en-villar.es\/blog\/wp-json\/wp\/v2\/users\/53745"}],"replies":[{"embeddable":true,"href":"https:\/\/iglesia-en-villar.es\/blog\/wp-json\/wp\/v2\/comments?post=11207"}],"version-history":[{"count":1,"href":"https:\/\/iglesia-en-villar.es\/blog\/wp-json\/wp\/v2\/posts\/11207\/revisions"}],"predecessor-version":[{"id":11208,"href":"https:\/\/iglesia-en-villar.es\/blog\/wp-json\/wp\/v2\/posts\/11207\/revisions\/11208"}],"wp:featuredmedia":[{"embeddable":true,"href":"https:\/\/iglesia-en-villar.es\/blog\/wp-json\/wp\/v2\/media\/11199"}],"wp:attachment":[{"href":"https:\/\/iglesia-en-villar.es\/blog\/wp-json\/wp\/v2\/media?parent=11207"}],"wp:term":[{"taxonomy":"category","embeddable":true,"href":"https:\/\/iglesia-en-villar.es\/blog\/wp-json\/wp\/v2\/categories?post=11207"},{"taxonomy":"post_tag","embeddable":true,"href":"https:\/\/iglesia-en-villar.es\/blog\/wp-json\/wp\/v2\/tags?post=11207"}],"curies":[{"name":"wp","href":"https:\/\/api.w.org\/{rel}","templated":true}]}}