{"id":11329,"date":"2025-08-01T09:38:01","date_gmt":"2025-08-01T08:38:01","guid":{"rendered":"https:\/\/iglesia-en-villar.es\/blog\/?p=11329"},"modified":"2025-08-01T09:38:03","modified_gmt":"2025-08-01T08:38:03","slug":"avisos-261","status":"publish","type":"post","link":"https:\/\/iglesia-en-villar.es\/blog\/2025\/08\/01\/avisos-261\/","title":{"rendered":"Avisos"},"content":{"rendered":"\n<p><strong>MI\u00c9RCOLES 6 DE AGOSTO<\/strong><\/p>\n\n\n\n<p>EL MI\u00c9RCOLES 6 DE AGOSTO, LA MISA SER\u00c1 POR LA MA\u00d1ANA A LAS 10H<\/p>\n\n\n\n<p><strong>450 ANIVERSARIO<\/strong><\/p>\n\n\n\n<p><strong>DONATIVOS PARA EL 450 ANIVERSARIO<\/strong><\/p>\n\n\n\n<p>RECUERDO QUE HEMOS COLOCADO UNA URNA EN LA PARROQUIA, PARA QUE, CON DONATIVOS, PODAMOS HACER FRENTE A LOS GASTOS DERIVADOS DE LA CELEBRACI\u00d3N DE LOS 450 A\u00d1OS DE LA CREACI\u00d3N DE LA PARROQUIA<\/p>\n\n\n\n<p>AGRADECEMOS TODO DONATIVO.<\/p>\n\n\n\n<p><strong>ACTOS 450 ANIVERSARIO DE LA PARROQUIA<\/strong><\/p>\n\n\n\n<p>ANUNCIAMOS YA, LOS PR\u00d3XIMOS ACTOS CELEBRATIVOS DEL 450 ANIVERSARIO DE NUESTRA PARROQUIA:<\/p>\n\n\n\n<p><strong>TRIDUO 450 ANIVERSARIO<\/strong><\/p>\n\n\n\n<p><strong>MI\u00c9RCOLES 27 DE AGOSTO<\/strong><\/p>\n\n\n\n<p><strong>PRIMER D\u00cdA TRIDUO. SAN VICENTE FERRER<\/strong><\/p>\n\n\n\n<p>20h misa presidida por D. Vicente Botella, padre dominico.<\/p>\n\n\n\n<p><strong>JUEVES 28 DE AGOSTO<\/strong><\/p>\n\n\n\n<p><strong>SEGUNDO D\u00cdA TRIDUO. SAN ROQUE<\/strong><\/p>\n\n\n\n<p>20h misa presidida por D. <strong>Manuel<\/strong><\/p>\n\n\n\n<p><strong>VIERNES 29 DE AGOSTO<\/strong><\/p>\n\n\n\n<p><strong>TERCER DIA TRIDUO. VIRGEN DE LA PAZ<\/strong><\/p>\n\n\n\n<p>10H LAUDES SOLEMNES<\/p>\n\n\n\n<p>AL FINALIZAR LAUDES SOLEMNES, INICIO DEL BESAMANOS DE LA VIRGEN DE LA PAZ<\/p>\n\n\n\n<p>19H ROSARIO SOLEMNE<\/p>\n\n\n\n<p>20H V\u00cdSPERAS SOLEMNES DE LA VIRGEN DE LA PAZ PRESIDIDAS POR EL OBISPO AUXILIAR DON ARTURO GARC\u00cdA<\/p>\n\n\n\n<p><strong>S\u00c1BADO 30 DE AGOSTO<\/strong><\/p>\n\n\n\n<p><strong>MISA SOLEMNE EN ACCI\u00d3N DE GRACIAS POR EL 450 ANIVERSARIO<\/strong><\/p>\n\n\n\n<p>9H VOLTEO SOLEMNE<\/p>\n\n\n\n<p>12H MISA SOLEMNE EN ACCI\u00d3N DE GRACIAS POR EL 450 ANIVERSARIO DE LA FUNDACI\u00d3N DE NUESTRA PARROQUIA NUESTRA SE\u00d1ORA DE LA PAZ PRESIDIDA POR EL ILMO. Y EXCMO. DON ENRIQUE BENAVENT VIDAL<\/p>\n\n\n\n<p>14H VINO DE HONOR EN LOS LOCALES PARROQUIALES<\/p>\n\n\n\n<p><strong>CENA SOLIDARIA DE C\u00c1RITAS<\/strong><\/p>\n\n\n\n<p>YA EST\u00c1N A LA VENTA LOS TICKETS DE LA CENA SOLIDARIA DE C\u00c1RITAS QUE TENDR\u00c1 LUGAR EL <strong>S\u00c1BADO 5 DE SEPTIEMBRE<\/strong><\/p><p><\/p>\n","protected":false},"excerpt":{"rendered":"<p>MI\u00c9RCOLES 6 DE AGOSTO EL MI\u00c9RCOLES 6 DE AGOSTO, LA MISA SER\u00c1 POR LA MA\u00d1ANA A LAS 10H 450 ANIVERSARIO DONATIVOS PARA EL 450 ANIVERSARIO RECUERDO QUE HEMOS COLOCADO UNA URNA EN LA PARROQUIA, PARA QUE, CON DONATIVOS, PODAMOS HACER FRENTE A LOS GASTOS DERIVADOS DE LA CELEBRACI\u00d3N DE LOS 450 A\u00d1OS DE LA CREACI\u00d3N DE LA PARROQUIA AGRADECEMOS TODO&#8230;<\/p>\n<p> <a class=\"continue-reading-link\" href=\"https:\/\/iglesia-en-villar.es\/blog\/2025\/08\/01\/avisos-261\/\"><span>Leer m\u00e1s<\/span><i class=\"crycon-right-dir\"><\/i><\/a> <\/p>\n","protected":false},"author":53745,"featured_media":11325,"comment_status":"open","ping_status":"open","sticky":false,"template":"","format":"standard","meta":{"inline_featured_image":false,"footnotes":""},"categories":[10],"tags":[],"class_list":["post-11329","post","type-post","status-publish","format-standard","has-post-thumbnail","hentry","category-avisos"],"better_featured_image":{"id":11325,"alt_text":"","caption":"","description":"","media_type":"image","media_details":{"width":1080,"height":1854,"file":"2025\/08\/IMAGEN-CENA-CARITAS.jpg","filesize":138544,"sizes":{"medium":{"file":"IMAGEN-CENA-CARITAS-175x300.jpg","width":175,"height":300,"mime-type":"image\/jpeg","filesize":12642,"source_url":"https:\/\/iglesia-en-villar.es\/blog\/wp-content\/uploads\/2025\/08\/IMAGEN-CENA-CARITAS-175x300.jpg"},"large":{"file":"IMAGEN-CENA-CARITAS-597x1024.jpg","width":597,"height":1024,"mime-type":"image\/jpeg","filesize":72838,"source_url":"https:\/\/iglesia-en-villar.es\/blog\/wp-content\/uploads\/2025\/08\/IMAGEN-CENA-CARITAS-597x1024.jpg"},"thumbnail":{"file":"IMAGEN-CENA-CARITAS-150x150.jpg","width":150,"height":150,"mime-type":"image\/jpeg","filesize":5677,"source_url":"https:\/\/iglesia-en-villar.es\/blog\/wp-content\/uploads\/2025\/08\/IMAGEN-CENA-CARITAS-150x150.jpg"},"medium_large":{"file":"IMAGEN-CENA-CARITAS-768x1318.jpg","width":768,"height":1318,"mime-type":"image\/jpeg","filesize":101877,"source_url":"https:\/\/iglesia-en-villar.es\/blog\/wp-content\/uploads\/2025\/08\/IMAGEN-CENA-CARITAS-768x1318.jpg"},"1536x1536":{"file":"IMAGEN-CENA-CARITAS-895x1536.jpg","width":895,"height":1536,"mime-type":"image\/jpeg","filesize":125400,"source_url":"https:\/\/iglesia-en-villar.es\/blog\/wp-content\/uploads\/2025\/08\/IMAGEN-CENA-CARITAS-895x1536.jpg"},"post-thumbnail":{"file":"IMAGEN-CENA-CARITAS-87x150.jpg","width":87,"height":150,"mime-type":"image\/jpeg","filesize":4245,"source_url":"https:\/\/iglesia-en-villar.es\/blog\/wp-content\/uploads\/2025\/08\/IMAGEN-CENA-CARITAS-87x150.jpg"},"header":{"file":"IMAGEN-CENA-CARITAS-1080x230.jpg","width":1080,"height":230,"mime-type":"image\/jpeg","filesize":34770,"source_url":"https:\/\/iglesia-en-villar.es\/blog\/wp-content\/uploads\/2025\/08\/IMAGEN-CENA-CARITAS-1080x230.jpg"},"slider":{"file":"IMAGEN-CENA-CARITAS-1080x580.jpg","width":1080,"height":580,"mime-type":"image\/jpeg","filesize":68606,"source_url":"https:\/\/iglesia-en-villar.es\/blog\/wp-content\/uploads\/2025\/08\/IMAGEN-CENA-CARITAS-1080x580.jpg"},"columns":{"file":"IMAGEN-CENA-CARITAS-330x300.jpg","width":330,"height":300,"mime-type":"image\/jpeg","filesize":17249,"source_url":"https:\/\/iglesia-en-villar.es\/blog\/wp-content\/uploads\/2025\/08\/IMAGEN-CENA-CARITAS-330x300.jpg"},"custom":{"file":"IMAGEN-CENA-CARITAS-250x429.jpg","width":250,"height":429,"mime-type":"image\/jpeg","filesize":21538,"source_url":"https:\/\/iglesia-en-villar.es\/blog\/wp-content\/uploads\/2025\/08\/IMAGEN-CENA-CARITAS-250x429.jpg"}},"image_meta":{"aperture":"0","credit":"","camera":"","caption":"","created_timestamp":"0","copyright":"","focal_length":"0","iso":"0","shutter_speed":"0","title":"","orientation":"0","keywords":[]}},"post":null,"source_url":"https:\/\/iglesia-en-villar.es\/blog\/wp-content\/uploads\/2025\/08\/IMAGEN-CENA-CARITAS.jpg"},"read":true,"_links":{"self":[{"href":"https:\/\/iglesia-en-villar.es\/blog\/wp-json\/wp\/v2\/posts\/11329","targetHints":{"allow":["GET"]}}],"collection":[{"href":"https:\/\/iglesia-en-villar.es\/blog\/wp-json\/wp\/v2\/posts"}],"about":[{"href":"https:\/\/iglesia-en-villar.es\/blog\/wp-json\/wp\/v2\/types\/post"}],"author":[{"embeddable":true,"href":"https:\/\/iglesia-en-villar.es\/blog\/wp-json\/wp\/v2\/users\/53745"}],"replies":[{"embeddable":true,"href":"https:\/\/iglesia-en-villar.es\/blog\/wp-json\/wp\/v2\/comments?post=11329"}],"version-history":[{"count":1,"href":"https:\/\/iglesia-en-villar.es\/blog\/wp-json\/wp\/v2\/posts\/11329\/revisions"}],"predecessor-version":[{"id":11330,"href":"https:\/\/iglesia-en-villar.es\/blog\/wp-json\/wp\/v2\/posts\/11329\/revisions\/11330"}],"wp:featuredmedia":[{"embeddable":true,"href":"https:\/\/iglesia-en-villar.es\/blog\/wp-json\/wp\/v2\/media\/11325"}],"wp:attachment":[{"href":"https:\/\/iglesia-en-villar.es\/blog\/wp-json\/wp\/v2\/media?parent=11329"}],"wp:term":[{"taxonomy":"category","embeddable":true,"href":"https:\/\/iglesia-en-villar.es\/blog\/wp-json\/wp\/v2\/categories?post=11329"},{"taxonomy":"post_tag","embeddable":true,"href":"https:\/\/iglesia-en-villar.es\/blog\/wp-json\/wp\/v2\/tags?post=11329"}],"curies":[{"name":"wp","href":"https:\/\/api.w.org\/{rel}","templated":true}]}}