{"id":11521,"date":"2025-10-31T12:09:33","date_gmt":"2025-10-31T11:09:33","guid":{"rendered":"https:\/\/iglesia-en-villar.es\/blog\/?p=11521"},"modified":"2025-10-31T12:09:36","modified_gmt":"2025-10-31T11:09:36","slug":"rincon-carmelitano-303","status":"publish","type":"post","link":"https:\/\/iglesia-en-villar.es\/blog\/2025\/10\/31\/rincon-carmelitano-303\/","title":{"rendered":"Rinc\u00f3n Carmelitano"},"content":{"rendered":"\n<p class=\"has-text-align-center\"><strong>SANTA TERESA DE JES\u00daS \u00bfEXTRAORDINARIA?<\/strong><\/p>\n\n\n\n<p>Cuando se lee a Teresa de Jes\u00fas o se piensa en la profunda experiencia de Dios que tuvo; al disfrutar de la sabidur\u00eda de sus palabras o al mirar la libertad que logr\u00f3, siendo una monja que vivi\u00f3 en un siglo regido por varones y atado por unas leyes sociales asfixiantes; cuando se ve lo que logr\u00f3 hacer por s\u00ed misma, se puede pensar que Teresa es inalcanzable y que era una gran mujer, casi desde siempre.<\/p>\n\n\n\n<p>La extraordinaria Teresa se presenta como una mujer que ha vivido en proceso, aprendiendo, madurando, desarrollando lo mejor de s\u00ed misma. Una mujer que conoci\u00f3 el fracaso, la falta de dominio y la mediocridad. Era una luchadora nata, pero por s\u00ed misma no lograba realizar los deseos m\u00e1s profundos de su coraz\u00f3n ni la felicidad que buscaba.<\/p>\n\n\n\n<p>Tuvo conciencia de las gracias de naturaleza que Dios le hab\u00eda dado, pero tambi\u00e9n de que pod\u00eda malograr tanto bien. El gran paso que inclin\u00f3 su vida hacia lo extraordinario, lo relata en en el libro de la Vida, cuando dice: Estaba ya muy desconfiada de m\u00ed y pon\u00eda toda mi confianza en Dios. El largo camino por el Teresa de Jes\u00fas se fue haciendo una mujer nueva y extraordinaria supuso, tambi\u00e9n, la revelaci\u00f3n de un Dios sorprendente e inesperado. El Dios que hab\u00eda transformado su vida y que har\u00e1 de ella una gran mujer de Dios. Descubrir a ese Dios siempre presente pero no siempre percibido forma parte de la ventura personal de Teresa y de su proceso para convertirse en la madre de espirituales que llega ser capaz de acompa\u00f1ar a los creyentes, de siglos y siglos.<\/p>\n\n\n\n<p>\u00bb Oh, qu\u00e9 tarde se han encendido mis deseos y qu\u00e9 temprano andabais Vos, Se\u00f1or, granjeando y llamando para que toda me emplease en Vos\u00bb.<\/p>\n\n\n\n<p>Hermanas Carmelitas<\/p><p><\/p>\n","protected":false},"excerpt":{"rendered":"<p>SANTA TERESA DE JES\u00daS \u00bfEXTRAORDINARIA? Cuando se lee a Teresa de Jes\u00fas o se piensa en la profunda experiencia de Dios que tuvo; al disfrutar de la sabidur\u00eda de sus palabras o al mirar la libertad que logr\u00f3, siendo una monja que vivi\u00f3 en un siglo regido por varones y atado por unas leyes sociales asfixiantes; cuando se ve lo&#8230;<\/p>\n<p> <a class=\"continue-reading-link\" href=\"https:\/\/iglesia-en-villar.es\/blog\/2025\/10\/31\/rincon-carmelitano-303\/\"><span>Leer m\u00e1s<\/span><i class=\"crycon-right-dir\"><\/i><\/a> <\/p>\n","protected":false},"author":53745,"featured_media":11316,"comment_status":"open","ping_status":"open","sticky":false,"template":"","format":"standard","meta":{"inline_featured_image":false,"footnotes":""},"categories":[5],"tags":[],"class_list":["post-11521","post","type-post","status-publish","format-standard","has-post-thumbnail","hentry","category-monasterio"],"better_featured_image":{"id":11316,"alt_text":"","caption":"","description":"","media_type":"image","media_details":{"width":248,"height":254,"file":"2025\/07\/zzrincon-2.png","filesize":77354,"sizes":{"thumbnail":{"file":"zzrincon-2-150x150.png","width":150,"height":150,"mime-type":"image\/png","filesize":30986,"source_url":"https:\/\/iglesia-en-villar.es\/blog\/wp-content\/uploads\/2025\/07\/zzrincon-2-150x150.png"},"post-thumbnail":{"file":"zzrincon-2-146x150.png","width":146,"height":150,"mime-type":"image\/png","filesize":30581,"source_url":"https:\/\/iglesia-en-villar.es\/blog\/wp-content\/uploads\/2025\/07\/zzrincon-2-146x150.png"},"header":{"file":"zzrincon-2-248x230.png","width":248,"height":230,"mime-type":"image\/png","filesize":61686,"source_url":"https:\/\/iglesia-en-villar.es\/blog\/wp-content\/uploads\/2025\/07\/zzrincon-2-248x230.png"}},"image_meta":{"aperture":"0","credit":"","camera":"","caption":"","created_timestamp":"0","copyright":"","focal_length":"0","iso":"0","shutter_speed":"0","title":"","orientation":"0","keywords":[]}},"post":null,"source_url":"https:\/\/iglesia-en-villar.es\/blog\/wp-content\/uploads\/2025\/07\/zzrincon-2.png"},"read":true,"_links":{"self":[{"href":"https:\/\/iglesia-en-villar.es\/blog\/wp-json\/wp\/v2\/posts\/11521","targetHints":{"allow":["GET"]}}],"collection":[{"href":"https:\/\/iglesia-en-villar.es\/blog\/wp-json\/wp\/v2\/posts"}],"about":[{"href":"https:\/\/iglesia-en-villar.es\/blog\/wp-json\/wp\/v2\/types\/post"}],"author":[{"embeddable":true,"href":"https:\/\/iglesia-en-villar.es\/blog\/wp-json\/wp\/v2\/users\/53745"}],"replies":[{"embeddable":true,"href":"https:\/\/iglesia-en-villar.es\/blog\/wp-json\/wp\/v2\/comments?post=11521"}],"version-history":[{"count":1,"href":"https:\/\/iglesia-en-villar.es\/blog\/wp-json\/wp\/v2\/posts\/11521\/revisions"}],"predecessor-version":[{"id":11522,"href":"https:\/\/iglesia-en-villar.es\/blog\/wp-json\/wp\/v2\/posts\/11521\/revisions\/11522"}],"wp:featuredmedia":[{"embeddable":true,"href":"https:\/\/iglesia-en-villar.es\/blog\/wp-json\/wp\/v2\/media\/11316"}],"wp:attachment":[{"href":"https:\/\/iglesia-en-villar.es\/blog\/wp-json\/wp\/v2\/media?parent=11521"}],"wp:term":[{"taxonomy":"category","embeddable":true,"href":"https:\/\/iglesia-en-villar.es\/blog\/wp-json\/wp\/v2\/categories?post=11521"},{"taxonomy":"post_tag","embeddable":true,"href":"https:\/\/iglesia-en-villar.es\/blog\/wp-json\/wp\/v2\/tags?post=11521"}],"curies":[{"name":"wp","href":"https:\/\/api.w.org\/{rel}","templated":true}]}}