{"id":11523,"date":"2025-10-31T12:11:59","date_gmt":"2025-10-31T11:11:59","guid":{"rendered":"https:\/\/iglesia-en-villar.es\/blog\/?p=11523"},"modified":"2025-10-31T12:12:00","modified_gmt":"2025-10-31T11:12:00","slug":"editorial-295","status":"publish","type":"post","link":"https:\/\/iglesia-en-villar.es\/blog\/2025\/10\/31\/editorial-295\/","title":{"rendered":"Editorial"},"content":{"rendered":"\n<h2 class=\"wp-block-heading has-text-align-center\"><strong>\u00bfQu\u00e9 tengo que hacer para ganar la vida eterna? Coge una escoba&#8230;<\/strong><\/h2>\n\n\n\n<p>Quiz\u00e1s el t\u00edtulo de la hoja parroquial de esta semana resulte curioso e incluso gracioso. Pero es aqu\u00ed, en las cosas peque\u00f1as&#8230; mejor dicho, en c\u00f3mo hacemos las peque\u00f1as cosas donde nos jugamos todo. Dicho en boca de san Jos\u00e9 Mar\u00eda Escriv\u00e1: \u201cHaz de manera extraordinaria las cosas ordinarias.\u201d<\/p>\n\n\n\n<p>Esta frase podr\u00eda ser perfectamente el lema de la onom\u00e1stica que celebramos el d\u00eda 3 de noviembre, San Mart\u00edn de Porres.<\/p>\n\n\n\n<p>Mart\u00edn de Porres naci\u00f3 en Lima el 9 de diciembre de 1579. Fue hijo de Juan de Porres, caballero espa\u00f1ol de la Orden de Calatrava, y Ana Vel\u00e1zquez, paname\u00f1a. A los doce a\u00f1os empez\u00f3 a aprender los oficios de peluquero, asistente de dentista y medicina natural.<\/p>\n\n\n\n<p>M\u00e1s tarde, lleg\u00f3 a ser cirujano. La casa de Mart\u00edn se llen\u00f3 de mendigos y personas que no ten\u00edan la capacidad econ\u00f3mica, pues eran atendidos gratuitamente y con mucho esmero por el famoso barbero y cirujano de Lima. El 2 de junio de 1603, hizo su profesi\u00f3n religiosa y fue hermano cooperador. Mart\u00edn se destacaba por el cuidado que brindaba a los enfermos.<\/p>\n\n\n\n<p>Mart\u00edn decide entrar al convento de Nuestra Se\u00f1ora del Rosario en Lima. Sin embargo, debido a su condici\u00f3n de mulato, ingresa a la comunidad como \u201cdonado\u201d. En el convento se le confi\u00f3 el oficio de la limpieza; su escoba fue, con la cruz, la gran compa\u00f1era de su vida. De ah\u00ed que fuera popularmente conocido como Fray Escoba.<\/p>\n\n\n\n<p>Estas son unas breves l\u00edneas de su vida, la cual recomiendo leer. Pero, sobretodo, lo que m\u00e1s me llama la atenci\u00f3n es que no destac\u00f3 por ser un gran te\u00f3logo, predicador, estudioso, artista&#8230; destac\u00f3 por su caridad, servicio y humildad.<\/p>\n\n\n\n<p>Es curioso que hoy en d\u00eda, incluso a veces dentro de la misma Iglesia, estas virtudes sean poco deseadas y pedidas. Sin embargo, he podido comprobar que lo que, en ocasiones, marca la diferencia no son las cosas que hacemos, sino c\u00f3mo las hacemos. La fiesta de San Mart\u00edn de Porres es una llamada a todos: \u00bfCu\u00e1l es el motor del servicio que desempe\u00f1amos? \u00bfEl amor, el servicio o que vean que hacemos cosas? \u00bfBusco agradar y servir a Dios o busco agradar a la gente?<\/p>\n\n\n\n<p>Ya hemos visto que la forma de limpiar un patio puede ser el mejor camino al cielo. No despreciemos las cosas peque\u00f1as, los peque\u00f1os servicios, los peque\u00f1os comienzos. Al final, la Iglesia comenz\u00f3 as\u00ed: la ni\u00f1a de los ojos del Padre, el grano de mostaza, la dracma y la oveja perdida&#8230; t\u00fa y yo.<\/p><p><\/p>\n","protected":false},"excerpt":{"rendered":"<p>\u00bfQu\u00e9 tengo que hacer para ganar la vida eterna? Coge una escoba&#8230; Quiz\u00e1s el t\u00edtulo de la hoja parroquial de esta semana resulte curioso e incluso gracioso. Pero es aqu\u00ed, en las cosas peque\u00f1as&#8230; mejor dicho, en c\u00f3mo hacemos las peque\u00f1as cosas donde nos jugamos todo. Dicho en boca de san Jos\u00e9 Mar\u00eda Escriv\u00e1: \u201cHaz de manera extraordinaria las cosas&#8230;<\/p>\n<p> <a class=\"continue-reading-link\" href=\"https:\/\/iglesia-en-villar.es\/blog\/2025\/10\/31\/editorial-295\/\"><span>Leer m\u00e1s<\/span><i class=\"crycon-right-dir\"><\/i><\/a> <\/p>\n","protected":false},"author":53745,"featured_media":11516,"comment_status":"open","ping_status":"open","sticky":false,"template":"","format":"standard","meta":{"inline_featured_image":false,"footnotes":""},"categories":[13],"tags":[],"class_list":["post-11523","post","type-post","status-publish","format-standard","has-post-thumbnail","hentry","category-editorial"],"better_featured_image":{"id":11516,"alt_text":"","caption":"","description":"","media_type":"image","media_details":{"width":390,"height":450,"file":"2025\/10\/2025-11-02-IMAGEN-EDITORIAL.jpg","filesize":27334,"sizes":{"medium":{"file":"2025-11-02-IMAGEN-EDITORIAL-260x300.jpg","width":260,"height":300,"mime-type":"image\/jpeg","filesize":14036,"source_url":"https:\/\/iglesia-en-villar.es\/blog\/wp-content\/uploads\/2025\/10\/2025-11-02-IMAGEN-EDITORIAL-260x300.jpg"},"thumbnail":{"file":"2025-11-02-IMAGEN-EDITORIAL-150x150.jpg","width":150,"height":150,"mime-type":"image\/jpeg","filesize":5442,"source_url":"https:\/\/iglesia-en-villar.es\/blog\/wp-content\/uploads\/2025\/10\/2025-11-02-IMAGEN-EDITORIAL-150x150.jpg"},"post-thumbnail":{"file":"2025-11-02-IMAGEN-EDITORIAL-130x150.jpg","width":130,"height":150,"mime-type":"image\/jpeg","filesize":5084,"source_url":"https:\/\/iglesia-en-villar.es\/blog\/wp-content\/uploads\/2025\/10\/2025-11-02-IMAGEN-EDITORIAL-130x150.jpg"},"header":{"file":"2025-11-02-IMAGEN-EDITORIAL-390x230.jpg","width":390,"height":230,"mime-type":"image\/jpeg","filesize":14668,"source_url":"https:\/\/iglesia-en-villar.es\/blog\/wp-content\/uploads\/2025\/10\/2025-11-02-IMAGEN-EDITORIAL-390x230.jpg"},"columns":{"file":"2025-11-02-IMAGEN-EDITORIAL-330x300.jpg","width":330,"height":300,"mime-type":"image\/jpeg","filesize":16827,"source_url":"https:\/\/iglesia-en-villar.es\/blog\/wp-content\/uploads\/2025\/10\/2025-11-02-IMAGEN-EDITORIAL-330x300.jpg"},"custom":{"file":"2025-11-02-IMAGEN-EDITORIAL-250x288.jpg","width":250,"height":288,"mime-type":"image\/jpeg","filesize":13188,"source_url":"https:\/\/iglesia-en-villar.es\/blog\/wp-content\/uploads\/2025\/10\/2025-11-02-IMAGEN-EDITORIAL-250x288.jpg"}},"image_meta":{"aperture":"0","credit":"","camera":"","caption":"","created_timestamp":"0","copyright":"","focal_length":"0","iso":"0","shutter_speed":"0","title":"","orientation":"0","keywords":[]}},"post":null,"source_url":"https:\/\/iglesia-en-villar.es\/blog\/wp-content\/uploads\/2025\/10\/2025-11-02-IMAGEN-EDITORIAL.jpg"},"read":true,"_links":{"self":[{"href":"https:\/\/iglesia-en-villar.es\/blog\/wp-json\/wp\/v2\/posts\/11523","targetHints":{"allow":["GET"]}}],"collection":[{"href":"https:\/\/iglesia-en-villar.es\/blog\/wp-json\/wp\/v2\/posts"}],"about":[{"href":"https:\/\/iglesia-en-villar.es\/blog\/wp-json\/wp\/v2\/types\/post"}],"author":[{"embeddable":true,"href":"https:\/\/iglesia-en-villar.es\/blog\/wp-json\/wp\/v2\/users\/53745"}],"replies":[{"embeddable":true,"href":"https:\/\/iglesia-en-villar.es\/blog\/wp-json\/wp\/v2\/comments?post=11523"}],"version-history":[{"count":1,"href":"https:\/\/iglesia-en-villar.es\/blog\/wp-json\/wp\/v2\/posts\/11523\/revisions"}],"predecessor-version":[{"id":11524,"href":"https:\/\/iglesia-en-villar.es\/blog\/wp-json\/wp\/v2\/posts\/11523\/revisions\/11524"}],"wp:featuredmedia":[{"embeddable":true,"href":"https:\/\/iglesia-en-villar.es\/blog\/wp-json\/wp\/v2\/media\/11516"}],"wp:attachment":[{"href":"https:\/\/iglesia-en-villar.es\/blog\/wp-json\/wp\/v2\/media?parent=11523"}],"wp:term":[{"taxonomy":"category","embeddable":true,"href":"https:\/\/iglesia-en-villar.es\/blog\/wp-json\/wp\/v2\/categories?post=11523"},{"taxonomy":"post_tag","embeddable":true,"href":"https:\/\/iglesia-en-villar.es\/blog\/wp-json\/wp\/v2\/tags?post=11523"}],"curies":[{"name":"wp","href":"https:\/\/api.w.org\/{rel}","templated":true}]}}