{"id":11546,"date":"2025-11-14T11:00:41","date_gmt":"2025-11-14T10:00:41","guid":{"rendered":"https:\/\/iglesia-en-villar.es\/blog\/?p=11546"},"modified":"2025-11-14T11:00:43","modified_gmt":"2025-11-14T10:00:43","slug":"avisos-275","status":"publish","type":"post","link":"https:\/\/iglesia-en-villar.es\/blog\/2025\/11\/14\/avisos-275\/","title":{"rendered":"Avisos"},"content":{"rendered":"\n<p><strong>CARITAS<\/strong><\/p>\n\n\n\n<p>Se necesita una nevera para un familia necesitada, si alguien dispone de alguna retirada o piensa renovar la que tiene puede hacer entrega de la misma en Caritas. Avisando a alg\u00fan miembro de Caritas para recogerla. GRACIAS.<\/p>\n\n\n\n<p><strong>VENTA BU\u00d1UELOS<\/strong><\/p>\n\n\n\n<p>Domingo d\u00eda 16 de Noviembre se vender\u00e1n bu\u00f1uelos y chocolate, en los locales Parroquiales desde las cuatro y media (16,30 Horas) hasta las siete (19 Horas) de la tarde.<\/p>\n\n\n\n<p><strong>RESIDENCIA DE LAS SUERTES<\/strong><\/p>\n\n\n\n<p>D\u00eda 18 comienzan las eucarist\u00edas la residencia de las suertes. Todos los martes a las 17:30.<\/p>\n\n\n\n<p><strong>SAGRADO CORAZ\u00d3N DE JES\u00daS<\/strong><\/p>\n\n\n\n<p>Mi\u00e9rcoles 19 a las 17:00 Reuni\u00f3n con Salud (Coordinadora de la devoci\u00f3n al Sagrado Coraz\u00f3n de Valencia) con el grupo del sagrado coraz\u00f3n.<\/p>\n\n\n\n<p><strong>SANTA CECILIA<\/strong><\/p>\n\n\n\n<p>La fiesta de Santa Cecilia se celebrara el dia 22<\/p><p><\/p>\n","protected":false},"excerpt":{"rendered":"<p>CARITAS Se necesita una nevera para un familia necesitada, si alguien dispone de alguna retirada o piensa renovar la que tiene puede hacer entrega de la misma en Caritas. Avisando a alg\u00fan miembro de Caritas para recogerla. GRACIAS. VENTA BU\u00d1UELOS Domingo d\u00eda 16 de Noviembre se vender\u00e1n bu\u00f1uelos y chocolate, en los locales Parroquiales desde las cuatro y media (16,30&#8230;<\/p>\n<p> <a class=\"continue-reading-link\" href=\"https:\/\/iglesia-en-villar.es\/blog\/2025\/11\/14\/avisos-275\/\"><span>Leer m\u00e1s<\/span><i class=\"crycon-right-dir\"><\/i><\/a> <\/p>\n","protected":false},"author":53745,"featured_media":10726,"comment_status":"open","ping_status":"open","sticky":false,"template":"","format":"standard","meta":{"inline_featured_image":false,"footnotes":""},"categories":[10],"tags":[],"class_list":["post-11546","post","type-post","status-publish","format-standard","has-post-thumbnail","hentry","category-avisos"],"better_featured_image":{"id":10726,"alt_text":"","caption":"","description":"","media_type":"image","media_details":{"width":259,"height":194,"file":"2024\/11\/LOS-AVISOS.png","filesize":7680,"sizes":{"thumbnail":{"file":"LOS-AVISOS-150x150.png","width":150,"height":150,"mime-type":"image\/png","filesize":13026,"source_url":"https:\/\/iglesia-en-villar.es\/blog\/wp-content\/uploads\/2024\/11\/LOS-AVISOS-150x150.png"},"post-thumbnail":{"file":"LOS-AVISOS-150x112.png","width":150,"height":112,"mime-type":"image\/png","filesize":11456,"source_url":"https:\/\/iglesia-en-villar.es\/blog\/wp-content\/uploads\/2024\/11\/LOS-AVISOS-150x112.png"},"custom":{"file":"LOS-AVISOS-250x187.png","width":250,"height":187,"mime-type":"image\/png","filesize":24557,"source_url":"https:\/\/iglesia-en-villar.es\/blog\/wp-content\/uploads\/2024\/11\/LOS-AVISOS-250x187.png"}},"image_meta":{"aperture":"0","credit":"","camera":"","caption":"","created_timestamp":"0","copyright":"","focal_length":"0","iso":"0","shutter_speed":"0","title":"","orientation":"0","keywords":[]}},"post":null,"source_url":"https:\/\/iglesia-en-villar.es\/blog\/wp-content\/uploads\/2024\/11\/LOS-AVISOS.png"},"read":true,"_links":{"self":[{"href":"https:\/\/iglesia-en-villar.es\/blog\/wp-json\/wp\/v2\/posts\/11546","targetHints":{"allow":["GET"]}}],"collection":[{"href":"https:\/\/iglesia-en-villar.es\/blog\/wp-json\/wp\/v2\/posts"}],"about":[{"href":"https:\/\/iglesia-en-villar.es\/blog\/wp-json\/wp\/v2\/types\/post"}],"author":[{"embeddable":true,"href":"https:\/\/iglesia-en-villar.es\/blog\/wp-json\/wp\/v2\/users\/53745"}],"replies":[{"embeddable":true,"href":"https:\/\/iglesia-en-villar.es\/blog\/wp-json\/wp\/v2\/comments?post=11546"}],"version-history":[{"count":1,"href":"https:\/\/iglesia-en-villar.es\/blog\/wp-json\/wp\/v2\/posts\/11546\/revisions"}],"predecessor-version":[{"id":11547,"href":"https:\/\/iglesia-en-villar.es\/blog\/wp-json\/wp\/v2\/posts\/11546\/revisions\/11547"}],"wp:featuredmedia":[{"embeddable":true,"href":"https:\/\/iglesia-en-villar.es\/blog\/wp-json\/wp\/v2\/media\/10726"}],"wp:attachment":[{"href":"https:\/\/iglesia-en-villar.es\/blog\/wp-json\/wp\/v2\/media?parent=11546"}],"wp:term":[{"taxonomy":"category","embeddable":true,"href":"https:\/\/iglesia-en-villar.es\/blog\/wp-json\/wp\/v2\/categories?post=11546"},{"taxonomy":"post_tag","embeddable":true,"href":"https:\/\/iglesia-en-villar.es\/blog\/wp-json\/wp\/v2\/tags?post=11546"}],"curies":[{"name":"wp","href":"https:\/\/api.w.org\/{rel}","templated":true}]}}