{"id":11655,"date":"2026-01-01T10:53:51","date_gmt":"2026-01-01T09:53:51","guid":{"rendered":"https:\/\/iglesia-en-villar.es\/blog\/?p=11655"},"modified":"2026-01-01T10:53:52","modified_gmt":"2026-01-01T09:53:52","slug":"rincon-carmelitano-312","status":"publish","type":"post","link":"https:\/\/iglesia-en-villar.es\/blog\/2026\/01\/01\/rincon-carmelitano-312\/","title":{"rendered":"Rinc\u00f3n Carmelitano"},"content":{"rendered":"\n<h2 class=\"wp-block-heading has-text-align-center\"><strong>UNO DE ENERO. MATERNIDAD DE LA VIRGEN MAR\u00cdA.<\/strong><\/h2>\n\n\n\n<p>LA VIRGEN, MAR\u00cdA<\/p>\n\n\n\n<p>Lejos de entender o adue\u00f1arse la situaci\u00f3n, Mar\u00eda es la mujer que sabe conservar, es decir proteger, custodiar en su coraz\u00f3n el paso de Dios en la vida de su pueblo. Desde sus entra\u00f1as aprendi\u00f3 a escuchar el latir del coraz\u00f3n de su Hijo y eso le ense\u00f1\u00f3, a lo largo de toda su vida, a descubrir el palpitar de Dios en la historia&#8230;<\/p>\n\n\n\n<p>Cada vez que miramos a Mar\u00eda volvemos a creer en lo revolucionario de la ternura y del cari\u00f1o. En Ella vemos que la humildad y la ternura no son virtudes de los d\u00e9biles sino de los fuertes, que no necesitan maltratar a otro para sentirse importantes.<\/p>\n\n\n\n<p>Mar\u00eda es la del coraz\u00f3n abierto por la espada, que comprende todas la penas. Como Madre de todos, es signo de esperanza para los pueblos que sufren dolores de parto hasta que brote la justicia. Ella es la misionera que se acerca a nosotros para acompa\u00f1arnos por la vida, abriendo corazones a la fe con su cari\u00f1o materno. Como una verdadera madre, Ella camina con nosotros, lucha con nosotros, y derrama incesantemente la cercan\u00eda del amor de Dios. Contemplamos su vida, y nos sentimos comprendidos, entendidos. Podemos sentarnos a rezar y usar un lenguaje com\u00fan frente a un sinf\u00edn de situaciones que vivimos a diario. Nos podemos identificar en muchas situaciones de su vida. Contarle todas nuestras realidades porque Ella las comprende. Ella se acerca en las situaciones m\u00e1s diversas para sembrar esperanza. Acompa\u00f1\u00f3 las cruces cargadas en el silencio del coraz\u00f3n de sus hijos. Mar\u00eda nos dio el calor materno, ese que nos cobija en medio de las dificultad; el calor materno que permite que nada ni nadie apague en el seno de la Iglesia la revoluci\u00f3n de la ternura inaugurada por su Hijo. Donde hay madre, hay ternura.<\/p>\n\n\n\n<p><strong>FELIZ A\u00d1O NUEVO 2026, CAMINEMOS ESTE A\u00d1O, COGIDOS DE LAS MANOS MATERNALES DE MAR\u00cdA.<\/strong><\/p>\n\n\n\n<p>Hermanas Carmelitas<\/p><p><\/p>\n","protected":false},"excerpt":{"rendered":"<p>UNO DE ENERO. MATERNIDAD DE LA VIRGEN MAR\u00cdA. LA VIRGEN, MAR\u00cdA Lejos de entender o adue\u00f1arse la situaci\u00f3n, Mar\u00eda es la mujer que sabe conservar, es decir proteger, custodiar en su coraz\u00f3n el paso de Dios en la vida de su pueblo. Desde sus entra\u00f1as aprendi\u00f3 a escuchar el latir del coraz\u00f3n de su Hijo y eso le ense\u00f1\u00f3, a&#8230;<\/p>\n<p> <a class=\"continue-reading-link\" href=\"https:\/\/iglesia-en-villar.es\/blog\/2026\/01\/01\/rincon-carmelitano-312\/\"><span>Leer m\u00e1s<\/span><i class=\"crycon-right-dir\"><\/i><\/a> <\/p>\n","protected":false},"author":53745,"featured_media":11650,"comment_status":"open","ping_status":"open","sticky":false,"template":"","format":"standard","meta":{"inline_featured_image":false,"footnotes":""},"categories":[5],"tags":[],"class_list":["post-11655","post","type-post","status-publish","format-standard","has-post-thumbnail","hentry","category-monasterio"],"better_featured_image":{"id":11650,"alt_text":"","caption":"","description":"","media_type":"image","media_details":{"width":198,"height":148,"file":"2026\/01\/zzrincon.png","filesize":65035,"sizes":{"thumbnail":{"file":"zzrincon-150x148.png","width":150,"height":148,"mime-type":"image\/png","filesize":49988,"source_url":"https:\/\/iglesia-en-villar.es\/blog\/wp-content\/uploads\/2026\/01\/zzrincon-150x148.png"},"post-thumbnail":{"file":"zzrincon-150x112.png","width":150,"height":112,"mime-type":"image\/png","filesize":37128,"source_url":"https:\/\/iglesia-en-villar.es\/blog\/wp-content\/uploads\/2026\/01\/zzrincon-150x112.png"}},"image_meta":{"aperture":"0","credit":"","camera":"","caption":"","created_timestamp":"0","copyright":"","focal_length":"0","iso":"0","shutter_speed":"0","title":"","orientation":"0","keywords":[]}},"post":null,"source_url":"https:\/\/iglesia-en-villar.es\/blog\/wp-content\/uploads\/2026\/01\/zzrincon.png"},"read":true,"_links":{"self":[{"href":"https:\/\/iglesia-en-villar.es\/blog\/wp-json\/wp\/v2\/posts\/11655","targetHints":{"allow":["GET"]}}],"collection":[{"href":"https:\/\/iglesia-en-villar.es\/blog\/wp-json\/wp\/v2\/posts"}],"about":[{"href":"https:\/\/iglesia-en-villar.es\/blog\/wp-json\/wp\/v2\/types\/post"}],"author":[{"embeddable":true,"href":"https:\/\/iglesia-en-villar.es\/blog\/wp-json\/wp\/v2\/users\/53745"}],"replies":[{"embeddable":true,"href":"https:\/\/iglesia-en-villar.es\/blog\/wp-json\/wp\/v2\/comments?post=11655"}],"version-history":[{"count":1,"href":"https:\/\/iglesia-en-villar.es\/blog\/wp-json\/wp\/v2\/posts\/11655\/revisions"}],"predecessor-version":[{"id":11656,"href":"https:\/\/iglesia-en-villar.es\/blog\/wp-json\/wp\/v2\/posts\/11655\/revisions\/11656"}],"wp:featuredmedia":[{"embeddable":true,"href":"https:\/\/iglesia-en-villar.es\/blog\/wp-json\/wp\/v2\/media\/11650"}],"wp:attachment":[{"href":"https:\/\/iglesia-en-villar.es\/blog\/wp-json\/wp\/v2\/media?parent=11655"}],"wp:term":[{"taxonomy":"category","embeddable":true,"href":"https:\/\/iglesia-en-villar.es\/blog\/wp-json\/wp\/v2\/categories?post=11655"},{"taxonomy":"post_tag","embeddable":true,"href":"https:\/\/iglesia-en-villar.es\/blog\/wp-json\/wp\/v2\/tags?post=11655"}],"curies":[{"name":"wp","href":"https:\/\/api.w.org\/{rel}","templated":true}]}}