{"id":11701,"date":"2026-01-23T10:28:07","date_gmt":"2026-01-23T09:28:07","guid":{"rendered":"https:\/\/iglesia-en-villar.es\/blog\/?p=11701"},"modified":"2026-01-23T10:28:08","modified_gmt":"2026-01-23T09:28:08","slug":"avisos-285","status":"publish","type":"post","link":"https:\/\/iglesia-en-villar.es\/blog\/2026\/01\/23\/avisos-285\/","title":{"rendered":"Avisos"},"content":{"rendered":"\n<p><strong>Lunes 26 de enero:<\/strong><\/p>\n\n\n\n<p>Eucarist\u00eda en memoria de todos los fieles difuntos a las 19:00 de la tarde.<\/p>\n\n\n\n<p><strong>S\u00e1bado 31 de enero:<\/strong><\/p>\n\n\n\n<p>Vigilia de oraci\u00f3n de la adoraci\u00f3n nocturna a las 19:45.<\/p>\n\n\n\n<p><strong>Domingo, 1 de febrero:<\/strong><\/p>\n\n\n\n<p>Desde las 16:30 hasta las 19:30 de la tarde se vender\u00e1n bu\u00f1uelos en los locales parroquiales.<\/p>\n\n\n\n<p>Retomamos esta semana la exposici\u00f3n eucar\u00edstica de los jueves.<\/p>\n<p align=\"center\"><b>LIMPIEZA FEBRERO<\/b><\/p>\n<p align=\"left\"><span style=\"font-family: Liberation Serif, serif;\"><span style=\"font-size: medium;\"><b>TEMPLO<\/b><\/span><\/span><\/p>\n<p><span style=\"font-family: Liberation Serif, serif;\"><span style=\"font-size: medium;\">PAZ GARC\u00cdA GARC\u00cdA<\/span><\/span><\/p>\n<p><span style=\"font-family: Liberation Serif, serif;\"><span style=\"font-size: medium;\">ASUNCI\u00d3N TORTAJADA MIRALLES<\/span><\/span><\/p>\n<p><span style=\"font-family: Liberation Serif, serif;\"><span style=\"font-size: medium;\">FINA TORTAJADA MIRALLES<\/span><\/span><\/p>\n<p><span style=\"font-family: Liberation Serif, serif;\"><span style=\"font-size: medium;\">FINA L\u00c1ZARO ESTEVAN<\/span><\/span><\/p>\n<p><span style=\"font-family: Liberation Serif, serif;\"><span style=\"font-size: medium;\">CARMEN G\u00d3MEZ HERN\u00c1NDEZ<\/span><\/span><\/p>\n<p><span style=\"font-family: Liberation Serif, serif;\"><span style=\"font-size: medium;\">PAZ TORTAJADA IB\u00c1\u00d1EZ<\/span><\/span><\/p>\n<p><span style=\"font-family: Liberation Serif, serif;\"><span style=\"font-size: medium;\">ENCARNACI\u00d3N TORTAJADA IB\u00c1\u00d1EZ<\/span><\/span><\/p>\n<p><span style=\"font-family: Liberation Serif, serif;\"><span style=\"font-size: medium;\">M. PAZ USACH LOPEZ<\/span><\/span><\/p>\n<p><span style=\"font-family: Liberation Serif, serif;\"><span style=\"font-size: medium;\"><u>COLABORADORAS CON PRODUCTOS DE LIMPIEZA<\/u><\/span><\/span><\/p>\n<p><span style=\"font-family: Liberation Serif, serif;\"><span style=\"font-size: medium;\">PAZ CERVERA TOMAS.<\/span><\/span><\/p>\n<p><span style=\"font-family: Liberation Serif, serif;\"><span style=\"font-size: medium;\">MARUJA CERVERA MIRALLES<\/span><\/span><\/p>\n<p><span style=\"font-family: Liberation Serif, serif;\"><span style=\"font-size: medium;\">MARIBEL GARC\u00cdA ROMERO<\/span><\/span><\/p>\n<p><span style=\"font-family: Liberation Serif, serif;\"><span style=\"font-size: medium;\">CARMEN IB\u00c1\u00d1EZ IB\u00c1\u00d1EZ<\/span><\/span><\/p>\n<p><span style=\"font-family: Liberation Serif, serif;\"><span style=\"font-size: medium;\"><b>LOCALES<\/b><\/span><\/span><\/p>\n<p lang=\"es\"><span style=\"font-family: Liberation Serif, serif;\"><span style=\"font-size: medium;\"><b>DEL 1 AL 15<\/b><\/span><\/span><\/p>\n<p lang=\"es\"><span style=\"font-family: Liberation Serif, serif;\"><span style=\"font-size: medium;\">M. Paz Castellano y Asuncion Belenguer<\/span><\/span><\/p>\n<p lang=\"es\"><span style=\"font-family: Liberation Serif, serif;\"><span style=\"font-size: medium;\"><b>DEL 16 AL 30<\/b><\/span><\/span><\/p>\n<p lang=\"es\"><span style=\"font-family: Liberation Serif, serif;\"><span style=\"font-size: medium;\">M. Asuncion Lamoncha y Lourdes Lopez<\/span><\/span><\/p>\n<p lang=\"es\"><span style=\"font-family: Liberation Serif, serif;\"><span style=\"font-size: medium;\"><b>ENCARGADAS DEL ACEITE<\/b><\/span><\/span><\/p>\n<p><span style=\"color: #000000;\"><span style=\"font-family: Liberation Serif, serif;\"><span style=\"font-size: medium;\">SUFRAGIO ROSA MINGUEZ IBA\u00d1EZ<\/span><\/span><\/span><\/p>\n<p><span style=\"color: #000000;\"><span style=\"font-family: Liberation Serif, serif;\"><span style=\"font-size: medium;\">SUFRAGIO FILOMENA CINTEROS LOPEZ<\/span><\/span><\/span><\/p>\n<p lang=\"es\"><span style=\"color: #000000;\"><span style=\"font-family: Liberation Serif, serif;\"><span style=\"font-size: medium;\">SUFRAGIO PILAR LOPEZ GARCIA<\/span><\/span><\/span><\/p>\n<p>\u00a0<\/p>\n","protected":false},"excerpt":{"rendered":"<p>Lunes 26 de enero: Eucarist\u00eda en memoria de todos los fieles difuntos a las 19:00 de la tarde. S\u00e1bado 31 de enero: Vigilia de oraci\u00f3n de la adoraci\u00f3n nocturna a las 19:45. Domingo, 1 de febrero: Desde las 16:30 hasta las 19:30 de la tarde se vender\u00e1n bu\u00f1uelos en los locales parroquiales. Retomamos esta semana la exposici\u00f3n eucar\u00edstica de los&#8230;<\/p>\n<p> <a class=\"continue-reading-link\" href=\"https:\/\/iglesia-en-villar.es\/blog\/2026\/01\/23\/avisos-285\/\"><span>Leer m\u00e1s<\/span><i class=\"crycon-right-dir\"><\/i><\/a> <\/p>\n","protected":false},"author":53745,"featured_media":11558,"comment_status":"open","ping_status":"open","sticky":false,"template":"","format":"standard","meta":{"inline_featured_image":false,"footnotes":""},"categories":[10],"tags":[],"class_list":["post-11701","post","type-post","status-publish","format-standard","has-post-thumbnail","hentry","category-avisos"],"better_featured_image":{"id":11558,"alt_text":"","caption":"","description":"","media_type":"image","media_details":{"width":274,"height":184,"file":"2025\/11\/aviso-altavoz.jpeg","filesize":7510,"sizes":{"thumbnail":{"file":"aviso-altavoz-150x150.jpeg","width":150,"height":150,"mime-type":"image\/jpeg","filesize":5947,"source_url":"https:\/\/iglesia-en-villar.es\/blog\/wp-content\/uploads\/2025\/11\/aviso-altavoz-150x150.jpeg"},"post-thumbnail":{"file":"aviso-altavoz-150x101.jpeg","width":150,"height":101,"mime-type":"image\/jpeg","filesize":3740,"source_url":"https:\/\/iglesia-en-villar.es\/blog\/wp-content\/uploads\/2025\/11\/aviso-altavoz-150x101.jpeg"},"custom":{"file":"aviso-altavoz-250x168.jpeg","width":250,"height":168,"mime-type":"image\/jpeg","filesize":7649,"source_url":"https:\/\/iglesia-en-villar.es\/blog\/wp-content\/uploads\/2025\/11\/aviso-altavoz-250x168.jpeg"}},"image_meta":{"aperture":"0","credit":"","camera":"","caption":"","created_timestamp":"0","copyright":"","focal_length":"0","iso":"0","shutter_speed":"0","title":"","orientation":"0","keywords":[]}},"post":null,"source_url":"https:\/\/iglesia-en-villar.es\/blog\/wp-content\/uploads\/2025\/11\/aviso-altavoz.jpeg"},"read":true,"_links":{"self":[{"href":"https:\/\/iglesia-en-villar.es\/blog\/wp-json\/wp\/v2\/posts\/11701","targetHints":{"allow":["GET"]}}],"collection":[{"href":"https:\/\/iglesia-en-villar.es\/blog\/wp-json\/wp\/v2\/posts"}],"about":[{"href":"https:\/\/iglesia-en-villar.es\/blog\/wp-json\/wp\/v2\/types\/post"}],"author":[{"embeddable":true,"href":"https:\/\/iglesia-en-villar.es\/blog\/wp-json\/wp\/v2\/users\/53745"}],"replies":[{"embeddable":true,"href":"https:\/\/iglesia-en-villar.es\/blog\/wp-json\/wp\/v2\/comments?post=11701"}],"version-history":[{"count":1,"href":"https:\/\/iglesia-en-villar.es\/blog\/wp-json\/wp\/v2\/posts\/11701\/revisions"}],"predecessor-version":[{"id":11702,"href":"https:\/\/iglesia-en-villar.es\/blog\/wp-json\/wp\/v2\/posts\/11701\/revisions\/11702"}],"wp:featuredmedia":[{"embeddable":true,"href":"https:\/\/iglesia-en-villar.es\/blog\/wp-json\/wp\/v2\/media\/11558"}],"wp:attachment":[{"href":"https:\/\/iglesia-en-villar.es\/blog\/wp-json\/wp\/v2\/media?parent=11701"}],"wp:term":[{"taxonomy":"category","embeddable":true,"href":"https:\/\/iglesia-en-villar.es\/blog\/wp-json\/wp\/v2\/categories?post=11701"},{"taxonomy":"post_tag","embeddable":true,"href":"https:\/\/iglesia-en-villar.es\/blog\/wp-json\/wp\/v2\/tags?post=11701"}],"curies":[{"name":"wp","href":"https:\/\/api.w.org\/{rel}","templated":true}]}}