{"id":11711,"date":"2026-01-23T10:35:16","date_gmt":"2026-01-23T09:35:16","guid":{"rendered":"https:\/\/iglesia-en-villar.es\/blog\/?p=11711"},"modified":"2026-01-23T10:35:17","modified_gmt":"2026-01-23T09:35:17","slug":"editorial-306","status":"publish","type":"post","link":"https:\/\/iglesia-en-villar.es\/blog\/2026\/01\/23\/editorial-306\/","title":{"rendered":"Editorial"},"content":{"rendered":"\n<h2 class=\"wp-block-heading has-text-align-center\"><strong>Tiempo ordinario, tiempo de lo cotidiano<\/strong><\/h2>\n\n\n\n<p>Parece que llega a nuestro pueblo un tiempo de calma a nivel de fiestas religiosas y patronales. Es curioso comprobar la fuerza y el aguante para mantenerse en la cresta de la ola durante toda la navidad y durante las intensas fiestas de la Virgen de la Paz.<\/p>\n\n\n\n<p>Ahora viene un tiempo muy interesante, el tiempo de la rutina, de lo cotidiano: el tiempo ordinario. Esta palabra es preciosa precisamente por el significado profundo que contiene y que nos puede ayudar a encarar este mes que tenemos por delante antes del mi\u00e9rcoles de ceniza, que caer\u00e1 el 18 de febrero.<\/p>\n\n\n\n<p>La palabra ordinario no significa \u201crutinario\u201d o \u201cmon\u00f3tono\u201d. Viene de la palabra \u201corden\u201d. Por eso, durante este tiempo vamos a ir viendo de forma ordenada y escalonada la vida, las palabras y signos que Jes\u00fas realiz\u00f3. Es decir, la Iglesia nos ofrece el regalo de encontrarnos con \u00c9l poco a poco, de ir conoci\u00e9ndolo poco a poco. Impresionante. Por eso (dejadme una cu\u00f1a publicitaria) es importante leer el evangelio de cada d\u00eda.<\/p>\n\n\n\n<p>Bueno, bien. Pero \u00bfy a m\u00ed qu\u00e9? Has hecho una buena pregunta. Quiz\u00e1s, en este tiempo se nos plantea una pregunta muy interesante: \u00bfTienes una vida ordenada? Algunos santos dicen que una de las mejores estratagemas del demonio es hacernos perder el tiempo, es decir, desviarnos del bien que podemos hacer, haciendo otras cosas sin ninguna o poca importancia. De tal modo, que podemos estar toda una ma\u00f1ana haciendo cosas sin parar, y no haber hecho lo que ten\u00eda que hacer.<\/p>\n\n\n\n<p>Cuando hablo de orden no solo hablo de unos horarios estables (es bueno tenerlos, como, por ejemplo, tener una hora fija para comer o para descansar, en la medida de lo posible). El caos en nuestra vida provoca que tengamos los o\u00eddos llenos de ruido, que tengamos la cabeza embotada, que estemos apagando fuegos o atendiendo muchas peque\u00f1as tareas constantemente. \u00bfQu\u00e9 provoca eso? F\u00e1cil. Si existe ese caos, \u00bfcu\u00e1ndo encontrar\u00e1s un hueco para Dios?<\/p>\n\n\n\n<p>Cu\u00eddate. Por orden. Y todo orden tiene un inicio. Muchas veces nos hacemos el horario en funci\u00f3n de toda la cantidad de cosas que tenemos o queremos hacer. Te propongo algo: hazte el horario marcando primero cu\u00e1ndo y cu\u00e1nto tiempo vas a orar. Y a partir de ah\u00ed, ordena todo lo dem\u00e1s. \u00c1nimo.<\/p>\n\n\n\n<p>Vuestro p\u00e1rroco, Julio.<\/p><p><\/p>\n","protected":false},"excerpt":{"rendered":"<p>Tiempo ordinario, tiempo de lo cotidiano Parece que llega a nuestro pueblo un tiempo de calma a nivel de fiestas religiosas y patronales. Es curioso comprobar la fuerza y el aguante para mantenerse en la cresta de la ola durante toda la navidad y durante las intensas fiestas de la Virgen de la Paz. Ahora viene un tiempo muy interesante,&#8230;<\/p>\n<p> <a class=\"continue-reading-link\" href=\"https:\/\/iglesia-en-villar.es\/blog\/2026\/01\/23\/editorial-306\/\"><span>Leer m\u00e1s<\/span><i class=\"crycon-right-dir\"><\/i><\/a> <\/p>\n","protected":false},"author":53745,"featured_media":11709,"comment_status":"open","ping_status":"open","sticky":false,"template":"","format":"standard","meta":{"inline_featured_image":false,"footnotes":""},"categories":[13],"tags":[],"class_list":["post-11711","post","type-post","status-publish","format-standard","has-post-thumbnail","hentry","category-editorial"],"better_featured_image":{"id":11709,"alt_text":"","caption":"","description":"","media_type":"image","media_details":{"width":328,"height":265,"file":"2026\/01\/ZZIMAGEN-EDITORIAL.jpg","filesize":22923,"sizes":{"medium":{"file":"ZZIMAGEN-EDITORIAL-300x242.jpg","width":300,"height":242,"mime-type":"image\/jpeg","filesize":16877,"source_url":"https:\/\/iglesia-en-villar.es\/blog\/wp-content\/uploads\/2026\/01\/ZZIMAGEN-EDITORIAL-300x242.jpg"},"thumbnail":{"file":"ZZIMAGEN-EDITORIAL-150x150.jpg","width":150,"height":150,"mime-type":"image\/jpeg","filesize":6642,"source_url":"https:\/\/iglesia-en-villar.es\/blog\/wp-content\/uploads\/2026\/01\/ZZIMAGEN-EDITORIAL-150x150.jpg"},"post-thumbnail":{"file":"ZZIMAGEN-EDITORIAL-150x121.jpg","width":150,"height":121,"mime-type":"image\/jpeg","filesize":5973,"source_url":"https:\/\/iglesia-en-villar.es\/blog\/wp-content\/uploads\/2026\/01\/ZZIMAGEN-EDITORIAL-150x121.jpg"},"header":{"file":"ZZIMAGEN-EDITORIAL-328x230.jpg","width":328,"height":230,"mime-type":"image\/jpeg","filesize":19062,"source_url":"https:\/\/iglesia-en-villar.es\/blog\/wp-content\/uploads\/2026\/01\/ZZIMAGEN-EDITORIAL-328x230.jpg"},"custom":{"file":"ZZIMAGEN-EDITORIAL-250x202.jpg","width":250,"height":202,"mime-type":"image\/jpeg","filesize":12969,"source_url":"https:\/\/iglesia-en-villar.es\/blog\/wp-content\/uploads\/2026\/01\/ZZIMAGEN-EDITORIAL-250x202.jpg"}},"image_meta":{"aperture":"0","credit":"","camera":"","caption":"","created_timestamp":"0","copyright":"","focal_length":"0","iso":"0","shutter_speed":"0","title":"","orientation":"0","keywords":[]}},"post":null,"source_url":"https:\/\/iglesia-en-villar.es\/blog\/wp-content\/uploads\/2026\/01\/ZZIMAGEN-EDITORIAL.jpg"},"read":true,"_links":{"self":[{"href":"https:\/\/iglesia-en-villar.es\/blog\/wp-json\/wp\/v2\/posts\/11711","targetHints":{"allow":["GET"]}}],"collection":[{"href":"https:\/\/iglesia-en-villar.es\/blog\/wp-json\/wp\/v2\/posts"}],"about":[{"href":"https:\/\/iglesia-en-villar.es\/blog\/wp-json\/wp\/v2\/types\/post"}],"author":[{"embeddable":true,"href":"https:\/\/iglesia-en-villar.es\/blog\/wp-json\/wp\/v2\/users\/53745"}],"replies":[{"embeddable":true,"href":"https:\/\/iglesia-en-villar.es\/blog\/wp-json\/wp\/v2\/comments?post=11711"}],"version-history":[{"count":1,"href":"https:\/\/iglesia-en-villar.es\/blog\/wp-json\/wp\/v2\/posts\/11711\/revisions"}],"predecessor-version":[{"id":11712,"href":"https:\/\/iglesia-en-villar.es\/blog\/wp-json\/wp\/v2\/posts\/11711\/revisions\/11712"}],"wp:featuredmedia":[{"embeddable":true,"href":"https:\/\/iglesia-en-villar.es\/blog\/wp-json\/wp\/v2\/media\/11709"}],"wp:attachment":[{"href":"https:\/\/iglesia-en-villar.es\/blog\/wp-json\/wp\/v2\/media?parent=11711"}],"wp:term":[{"taxonomy":"category","embeddable":true,"href":"https:\/\/iglesia-en-villar.es\/blog\/wp-json\/wp\/v2\/categories?post=11711"},{"taxonomy":"post_tag","embeddable":true,"href":"https:\/\/iglesia-en-villar.es\/blog\/wp-json\/wp\/v2\/tags?post=11711"}],"curies":[{"name":"wp","href":"https:\/\/api.w.org\/{rel}","templated":true}]}}