{"id":11803,"date":"2026-03-13T11:56:36","date_gmt":"2026-03-13T10:56:36","guid":{"rendered":"https:\/\/iglesia-en-villar.es\/blog\/?p=11803"},"modified":"2026-03-13T11:56:37","modified_gmt":"2026-03-13T10:56:37","slug":"avisos-292","status":"publish","type":"post","link":"https:\/\/iglesia-en-villar.es\/blog\/2026\/03\/13\/avisos-292\/","title":{"rendered":"Avisos"},"content":{"rendered":"\n<p>SEMANA DEL 16 AL 22 DE MARZO:<\/p>\n\n\n\n<p><strong>DESPACHO PARROQUIAL.<\/strong><\/p>\n\n\n\n<p>Por motivo de la festividad de San Jose el despacho se realizar el miercoles dia 18.<\/p>\n\n\n\n<p><strong>D\u00eda 19 de marzo, jueves: Solemnidad de San Jos\u00e9.<\/strong><\/p>\n\n\n\n<p>Carmelitas: misa a las 9:00.<\/p>\n\n\n\n<p>Templo: misa a las 12:00.<\/p>\n\n\n\n<p><strong>D\u00eda 20 de marzo, viernes:<\/strong><\/p>\n\n\n\n<p>A las 18:30, rezo del V\u00eda Crucis<\/p>\n\n\n\n<p>A las 19:45, rezo de los dolores de las Virgen Mar\u00eda.<\/p>\n\n\n\n<p><strong>D\u00eda 21 de marzo, s\u00e1bado:<\/strong><\/p>\n\n\n\n<p>A las 19:45, rezo de los dolores de la Virgen Mar\u00eda.<\/p>\n\n\n\n<p><strong>D\u00eda 22 de marzo, domingo:<\/strong><\/p>\n\n\n\n<p>A las 12:15 Rezo de los dolores de la Virgen Mar\u00eda.<\/p><p><\/p>\n\n\n","protected":false},"excerpt":{"rendered":"<p>SEMANA DEL 16 AL 22 DE MARZO: DESPACHO PARROQUIAL. Por motivo de la festividad de San Jose el despacho se realizar el miercoles dia 18. D\u00eda 19 de marzo, jueves: Solemnidad de San Jos\u00e9. Carmelitas: misa a las 9:00. Templo: misa a las 12:00. D\u00eda 20 de marzo, viernes: A las 18:30, rezo del V\u00eda Crucis A las 19:45, rezo&#8230;<\/p>\n<p> <a class=\"continue-reading-link\" href=\"https:\/\/iglesia-en-villar.es\/blog\/2026\/03\/13\/avisos-292\/\"><span>Leer m\u00e1s<\/span><i class=\"crycon-right-dir\"><\/i><\/a> <\/p>\n","protected":false},"author":53745,"featured_media":11068,"comment_status":"open","ping_status":"open","sticky":false,"template":"","format":"standard","meta":{"inline_featured_image":false,"footnotes":""},"categories":[10],"tags":[],"class_list":["post-11803","post","type-post","status-publish","format-standard","has-post-thumbnail","hentry","category-avisos"],"better_featured_image":{"id":11068,"alt_text":"","caption":"","description":"","media_type":"image","media_details":{"width":231,"height":219,"file":"2025\/03\/ZZ-AVISOS.jpeg","filesize":6757,"sizes":{"thumbnail":{"file":"ZZ-AVISOS-150x150.jpeg","width":150,"height":150,"mime-type":"image\/jpeg","filesize":5017,"source_url":"https:\/\/iglesia-en-villar.es\/blog\/wp-content\/uploads\/2025\/03\/ZZ-AVISOS-150x150.jpeg"},"post-thumbnail":{"file":"ZZ-AVISOS-150x142.jpeg","width":150,"height":142,"mime-type":"image\/jpeg","filesize":4771,"source_url":"https:\/\/iglesia-en-villar.es\/blog\/wp-content\/uploads\/2025\/03\/ZZ-AVISOS-150x142.jpeg"}},"image_meta":{"aperture":"0","credit":"","camera":"","caption":"","created_timestamp":"0","copyright":"","focal_length":"0","iso":"0","shutter_speed":"0","title":"","orientation":"0","keywords":[]}},"post":null,"source_url":"https:\/\/iglesia-en-villar.es\/blog\/wp-content\/uploads\/2025\/03\/ZZ-AVISOS.jpeg"},"read":true,"_links":{"self":[{"href":"https:\/\/iglesia-en-villar.es\/blog\/wp-json\/wp\/v2\/posts\/11803","targetHints":{"allow":["GET"]}}],"collection":[{"href":"https:\/\/iglesia-en-villar.es\/blog\/wp-json\/wp\/v2\/posts"}],"about":[{"href":"https:\/\/iglesia-en-villar.es\/blog\/wp-json\/wp\/v2\/types\/post"}],"author":[{"embeddable":true,"href":"https:\/\/iglesia-en-villar.es\/blog\/wp-json\/wp\/v2\/users\/53745"}],"replies":[{"embeddable":true,"href":"https:\/\/iglesia-en-villar.es\/blog\/wp-json\/wp\/v2\/comments?post=11803"}],"version-history":[{"count":1,"href":"https:\/\/iglesia-en-villar.es\/blog\/wp-json\/wp\/v2\/posts\/11803\/revisions"}],"predecessor-version":[{"id":11804,"href":"https:\/\/iglesia-en-villar.es\/blog\/wp-json\/wp\/v2\/posts\/11803\/revisions\/11804"}],"wp:featuredmedia":[{"embeddable":true,"href":"https:\/\/iglesia-en-villar.es\/blog\/wp-json\/wp\/v2\/media\/11068"}],"wp:attachment":[{"href":"https:\/\/iglesia-en-villar.es\/blog\/wp-json\/wp\/v2\/media?parent=11803"}],"wp:term":[{"taxonomy":"category","embeddable":true,"href":"https:\/\/iglesia-en-villar.es\/blog\/wp-json\/wp\/v2\/categories?post=11803"},{"taxonomy":"post_tag","embeddable":true,"href":"https:\/\/iglesia-en-villar.es\/blog\/wp-json\/wp\/v2\/tags?post=11803"}],"curies":[{"name":"wp","href":"https:\/\/api.w.org\/{rel}","templated":true}]}}