{"id":11807,"date":"2026-03-13T12:03:38","date_gmt":"2026-03-13T11:03:38","guid":{"rendered":"https:\/\/iglesia-en-villar.es\/blog\/?p=11807"},"modified":"2026-03-13T12:03:40","modified_gmt":"2026-03-13T11:03:40","slug":"rincon-carmelitano-320","status":"publish","type":"post","link":"https:\/\/iglesia-en-villar.es\/blog\/2026\/03\/13\/rincon-carmelitano-320\/","title":{"rendered":"Rinc\u00f3n Carmelitano"},"content":{"rendered":"\n<p class=\"has-text-align-center\"><strong>A TI, BIENAVENTURADO SAN JOS\u00c9<\/strong><\/p>\n\n\n\n<p>A ti, bienaventurado San Jos\u00e9, acudimos en nuestra tribulaci\u00f3n; y, despu\u00e9s de invocar el auxilio de tu Sant\u00edsima Esposa, solicitamos tambi\u00e9n confiados en tu patrocinio. Por aquella caridad que con la Inmaculada Virgen Mar\u00eda, Madre de Dios te tuvo unido, y por el paterno amor con que abrazaste al Ni\u00f1o Jes\u00fas, humildemente te suplicamos vuelva benigno los ojos a la herencia que con su Sangre adquiri\u00f3 Jesucristo, y con tu poder y auxilio socorras nuestras necesidades.<\/p>\n\n\n\n<p>Protege, Provident\u00edsimo Custodio de la Sagrada Familia, la escogida descendencia de Jesucristo; aparta de nosotros toda mancha de error y corrupci\u00f3n;<\/p>\n\n\n\n<p>as\u00edstenos propicio, desde el cielo, fort\u00edsimos liberador nuestro, en esta lucha con el poder de la tinieblas; y, como en otro tiempo libraste al Ni\u00f1o Jes\u00fas del inminente peligro para su vida, as\u00ed ahora, defiende a la Iglesia Santa de Dios de las asechanzas de sus enemigos y de toda adversidad, y a cada uno de nosotros prot\u00e9genos con el perpetuo patrocino, para que, a tu ejemplo y sostenidos por tu auxilio, podemos santamente vivir y piadosamente morir y alcanzar en el cielo la eterna felicidad. Am\u00e9n<\/p>\n\n\n\n<p>(Le\u00f3n XIII)<\/p>\n\n\n\n<p>Ruega por nosotros Santo Padre Jos\u00e9, para que podamos alcanzar las promesas de Jesucristo.<\/p>\n\n\n\n<p style=\"text-align: right;\"><strong>Hermanas Carmelitas<\/strong><\/p>\n<p>\u00a0<\/p>\n","protected":false},"excerpt":{"rendered":"<p>A TI, BIENAVENTURADO SAN JOS\u00c9 A ti, bienaventurado San Jos\u00e9, acudimos en nuestra tribulaci\u00f3n; y, despu\u00e9s de invocar el auxilio de tu Sant\u00edsima Esposa, solicitamos tambi\u00e9n confiados en tu patrocinio. Por aquella caridad que con la Inmaculada Virgen Mar\u00eda, Madre de Dios te tuvo unido, y por el paterno amor con que abrazaste al Ni\u00f1o Jes\u00fas, humildemente te suplicamos vuelva&#8230;<\/p>\n<p> <a class=\"continue-reading-link\" href=\"https:\/\/iglesia-en-villar.es\/blog\/2026\/03\/13\/rincon-carmelitano-320\/\"><span>Leer m\u00e1s<\/span><i class=\"crycon-right-dir\"><\/i><\/a> <\/p>\n","protected":false},"author":53745,"featured_media":11801,"comment_status":"open","ping_status":"open","sticky":false,"template":"","format":"standard","meta":{"inline_featured_image":false,"footnotes":""},"categories":[5],"tags":[],"class_list":["post-11807","post","type-post","status-publish","format-standard","has-post-thumbnail","hentry","category-monasterio"],"better_featured_image":{"id":11801,"alt_text":"","caption":"","description":"","media_type":"image","media_details":{"width":148,"height":148,"file":"2026\/03\/2026-06-15-Imagn-rincon.jpg","filesize":4607,"sizes":{},"image_meta":{"aperture":"0","credit":"","camera":"","caption":"","created_timestamp":"0","copyright":"","focal_length":"0","iso":"0","shutter_speed":"0","title":"","orientation":"0","keywords":[]}},"post":null,"source_url":"https:\/\/iglesia-en-villar.es\/blog\/wp-content\/uploads\/2026\/03\/2026-06-15-Imagn-rincon.jpg"},"read":true,"_links":{"self":[{"href":"https:\/\/iglesia-en-villar.es\/blog\/wp-json\/wp\/v2\/posts\/11807","targetHints":{"allow":["GET"]}}],"collection":[{"href":"https:\/\/iglesia-en-villar.es\/blog\/wp-json\/wp\/v2\/posts"}],"about":[{"href":"https:\/\/iglesia-en-villar.es\/blog\/wp-json\/wp\/v2\/types\/post"}],"author":[{"embeddable":true,"href":"https:\/\/iglesia-en-villar.es\/blog\/wp-json\/wp\/v2\/users\/53745"}],"replies":[{"embeddable":true,"href":"https:\/\/iglesia-en-villar.es\/blog\/wp-json\/wp\/v2\/comments?post=11807"}],"version-history":[{"count":1,"href":"https:\/\/iglesia-en-villar.es\/blog\/wp-json\/wp\/v2\/posts\/11807\/revisions"}],"predecessor-version":[{"id":11808,"href":"https:\/\/iglesia-en-villar.es\/blog\/wp-json\/wp\/v2\/posts\/11807\/revisions\/11808"}],"wp:featuredmedia":[{"embeddable":true,"href":"https:\/\/iglesia-en-villar.es\/blog\/wp-json\/wp\/v2\/media\/11801"}],"wp:attachment":[{"href":"https:\/\/iglesia-en-villar.es\/blog\/wp-json\/wp\/v2\/media?parent=11807"}],"wp:term":[{"taxonomy":"category","embeddable":true,"href":"https:\/\/iglesia-en-villar.es\/blog\/wp-json\/wp\/v2\/categories?post=11807"},{"taxonomy":"post_tag","embeddable":true,"href":"https:\/\/iglesia-en-villar.es\/blog\/wp-json\/wp\/v2\/tags?post=11807"}],"curies":[{"name":"wp","href":"https:\/\/api.w.org\/{rel}","templated":true}]}}