{"id":11809,"date":"2026-03-13T12:06:13","date_gmt":"2026-03-13T11:06:13","guid":{"rendered":"https:\/\/iglesia-en-villar.es\/blog\/?p=11809"},"modified":"2026-03-13T12:06:15","modified_gmt":"2026-03-13T11:06:15","slug":"editorial-313","status":"publish","type":"post","link":"https:\/\/iglesia-en-villar.es\/blog\/2026\/03\/13\/editorial-313\/","title":{"rendered":"Editorial"},"content":{"rendered":"\n<h2 class=\"wp-block-heading has-text-align-center\"><strong>\u00a1QU\u00c9 BUEN PADRE!<\/strong><\/h2>\n\n\n\n<p>La figura de San Jos\u00e9 ocupa un lugar muy particular en el Evangelio. De \u00e9l no se conserva ninguna palabra, pero su vida habla con una gran fuerza. Jos\u00e9 no es el padre biol\u00f3gico de Jes\u00fas y, sin embargo, ejerce una verdadera paternidad. Su misi\u00f3n no nace de la sangre, sino de la confianza que Dios deposita en \u00e9l. Por eso su vida ilumina de manera especial lo que significa la <strong>paternidad espiritual<\/strong>.<\/p>\n\n\n\n<p>La paternidad espiritual consiste en ayudar a que la vida que Dios ha sembrado en otra persona pueda crecer. No se trata de poseer, controlar o dirigir la vida de alguien, sino de ponerse al servicio de su crecimiento. En San Jos\u00e9 vemos este estilo de paternidad reflejado en tres actitudes fundamentales que el biblista Fabio Rosini resume en tres verbos: <strong>acoger, custodiar y alimentar<\/strong>.<\/p>\n\n\n\n<p>Jos\u00e9 comienza acogiendo. Cuando descubre que Mar\u00eda est\u00e1 embarazada, su mundo se llena de preguntas. Sus planes cambian de manera inesperada. Sin embargo, cuando comprende que Dios est\u00e1 actuando en esa situaci\u00f3n, decide recibir a Mar\u00eda y al ni\u00f1o en su casa. Acoger significa abrir espacio en la propia vida para aquello que Dios conf\u00eda, incluso cuando no se entiende del todo. Jos\u00e9 acepta una misi\u00f3n que no hab\u00eda elegido y recibe a Jes\u00fas como un don. En la paternidad espiritual esto es esencial: reconocer que la vida del otro no nos pertenece, sino que es algo que Dios nos conf\u00eda para cuidar.<\/p>\n\n\n\n<p>La segunda actitud es custodiar. El Evangelio muestra varias veces a Jos\u00e9 protegiendo al ni\u00f1o y a su madre. Cuando aparece el peligro, se levanta de noche y huye a Egipto; cuando llega el momento oportuno, regresa y establece su hogar en Nazaret. Custodiar significa velar por la vida que Dios ha puesto en nuestras manos. No se trata de controlar ni de imponer el propio proyecto, sino de proteger lo que Dios est\u00e1 realizando. La paternidad espiritual implica precisamente esta vigilancia amorosa: cuidar la fe de los dem\u00e1s, sostenerlos en los momentos dif\u00edciles y ayudar a que lo bueno que hay en ellos no se pierda.<\/p>\n\n\n\n<p>La tercera actitud es alimentar. Jos\u00e9 no solo sostiene materialmente a su familia con su trabajo, sino que tambi\u00e9n participa en el crecimiento humano y espiritual de Jes\u00fas. El Evangelio dice que Jes\u00fas crec\u00eda en sabidur\u00eda, en estatura y en gracia. Ese crecimiento ocurre en la vida sencilla de Nazaret, donde Jos\u00e9 ense\u00f1a a Jes\u00fas un oficio y le transmite una manera de vivir delante de Dios. Alimentar significa ayudar a que la vida del otro se desarrolle plenamente. El verdadero padre espiritual no busca crear dependencia, sino favorecer la madurez y la libertad.<\/p>\n\n\n\n<p>San Jos\u00e9 muestra as\u00ed que la verdadera paternidad consiste en <strong>acoger sin poseer, custodiar sin controlar y alimentar sin sustituir<\/strong>. Su presencia silenciosa hace posible que otros crezcan y descubran el camino que Dios tiene para ellos.<\/p>\n\n\n\n<p>Para vivir hoy esta paternidad espiritual pueden hacerse tres gestos muy sencillos: dedicar tiempo a escuchar de verdad a una persona concreta, rezar cada d\u00eda por alguien que Dios ha puesto en nuestra vida y ofrecer un gesto concreto que ayude a otro a crecer, como una palabra de \u00e1nimo, un consejo o una ayuda oportuna. As\u00ed, el estilo sencillo y fiel de San Jos\u00e9 puede hacerse presente tambi\u00e9n en nuestra vida cotidiana.<\/p><p><\/p>\n","protected":false},"excerpt":{"rendered":"<p>\u00a1QU\u00c9 BUEN PADRE! La figura de San Jos\u00e9 ocupa un lugar muy particular en el Evangelio. De \u00e9l no se conserva ninguna palabra, pero su vida habla con una gran fuerza. Jos\u00e9 no es el padre biol\u00f3gico de Jes\u00fas y, sin embargo, ejerce una verdadera paternidad. Su misi\u00f3n no nace de la sangre, sino de la confianza que Dios deposita&#8230;<\/p>\n<p> <a class=\"continue-reading-link\" href=\"https:\/\/iglesia-en-villar.es\/blog\/2026\/03\/13\/editorial-313\/\"><span>Leer m\u00e1s<\/span><i class=\"crycon-right-dir\"><\/i><\/a> <\/p>\n","protected":false},"author":53745,"featured_media":11800,"comment_status":"open","ping_status":"open","sticky":false,"template":"","format":"standard","meta":{"inline_featured_image":false,"footnotes":""},"categories":[13],"tags":[],"class_list":["post-11809","post","type-post","status-publish","format-standard","has-post-thumbnail","hentry","category-editorial"],"better_featured_image":{"id":11800,"alt_text":"","caption":"","description":"","media_type":"image","media_details":{"width":627,"height":1000,"file":"2026\/03\/2026-03-16-Imagen-editorial.jpg","filesize":134616,"sizes":{"medium":{"file":"2026-03-16-Imagen-editorial-188x300.jpg","width":188,"height":300,"mime-type":"image\/jpeg","filesize":9596,"source_url":"https:\/\/iglesia-en-villar.es\/blog\/wp-content\/uploads\/2026\/03\/2026-03-16-Imagen-editorial-188x300.jpg"},"thumbnail":{"file":"2026-03-16-Imagen-editorial-150x150.jpg","width":150,"height":150,"mime-type":"image\/jpeg","filesize":5337,"source_url":"https:\/\/iglesia-en-villar.es\/blog\/wp-content\/uploads\/2026\/03\/2026-03-16-Imagen-editorial-150x150.jpg"},"post-thumbnail":{"file":"2026-03-16-Imagen-editorial-94x150.jpg","width":94,"height":150,"mime-type":"image\/jpeg","filesize":3596,"source_url":"https:\/\/iglesia-en-villar.es\/blog\/wp-content\/uploads\/2026\/03\/2026-03-16-Imagen-editorial-94x150.jpg"},"header":{"file":"2026-03-16-Imagen-editorial-627x230.jpg","width":627,"height":230,"mime-type":"image\/jpeg","filesize":27561,"source_url":"https:\/\/iglesia-en-villar.es\/blog\/wp-content\/uploads\/2026\/03\/2026-03-16-Imagen-editorial-627x230.jpg"},"slider":{"file":"2026-03-16-Imagen-editorial-627x580.jpg","width":627,"height":580,"mime-type":"image\/jpeg","filesize":55251,"source_url":"https:\/\/iglesia-en-villar.es\/blog\/wp-content\/uploads\/2026\/03\/2026-03-16-Imagen-editorial-627x580.jpg"},"columns":{"file":"2026-03-16-Imagen-editorial-330x300.jpg","width":330,"height":300,"mime-type":"image\/jpeg","filesize":16583,"source_url":"https:\/\/iglesia-en-villar.es\/blog\/wp-content\/uploads\/2026\/03\/2026-03-16-Imagen-editorial-330x300.jpg"},"custom":{"file":"2026-03-16-Imagen-editorial-250x399.jpg","width":250,"height":399,"mime-type":"image\/jpeg","filesize":14870,"source_url":"https:\/\/iglesia-en-villar.es\/blog\/wp-content\/uploads\/2026\/03\/2026-03-16-Imagen-editorial-250x399.jpg"}},"image_meta":{"aperture":"0","credit":"","camera":"","caption":"","created_timestamp":"0","copyright":"","focal_length":"0","iso":"0","shutter_speed":"0","title":"","orientation":"0","keywords":[]}},"post":null,"source_url":"https:\/\/iglesia-en-villar.es\/blog\/wp-content\/uploads\/2026\/03\/2026-03-16-Imagen-editorial.jpg"},"read":true,"_links":{"self":[{"href":"https:\/\/iglesia-en-villar.es\/blog\/wp-json\/wp\/v2\/posts\/11809","targetHints":{"allow":["GET"]}}],"collection":[{"href":"https:\/\/iglesia-en-villar.es\/blog\/wp-json\/wp\/v2\/posts"}],"about":[{"href":"https:\/\/iglesia-en-villar.es\/blog\/wp-json\/wp\/v2\/types\/post"}],"author":[{"embeddable":true,"href":"https:\/\/iglesia-en-villar.es\/blog\/wp-json\/wp\/v2\/users\/53745"}],"replies":[{"embeddable":true,"href":"https:\/\/iglesia-en-villar.es\/blog\/wp-json\/wp\/v2\/comments?post=11809"}],"version-history":[{"count":1,"href":"https:\/\/iglesia-en-villar.es\/blog\/wp-json\/wp\/v2\/posts\/11809\/revisions"}],"predecessor-version":[{"id":11810,"href":"https:\/\/iglesia-en-villar.es\/blog\/wp-json\/wp\/v2\/posts\/11809\/revisions\/11810"}],"wp:featuredmedia":[{"embeddable":true,"href":"https:\/\/iglesia-en-villar.es\/blog\/wp-json\/wp\/v2\/media\/11800"}],"wp:attachment":[{"href":"https:\/\/iglesia-en-villar.es\/blog\/wp-json\/wp\/v2\/media?parent=11809"}],"wp:term":[{"taxonomy":"category","embeddable":true,"href":"https:\/\/iglesia-en-villar.es\/blog\/wp-json\/wp\/v2\/categories?post=11809"},{"taxonomy":"post_tag","embeddable":true,"href":"https:\/\/iglesia-en-villar.es\/blog\/wp-json\/wp\/v2\/tags?post=11809"}],"curies":[{"name":"wp","href":"https:\/\/api.w.org\/{rel}","templated":true}]}}