{"id":11903,"date":"2026-04-30T11:00:52","date_gmt":"2026-04-30T10:00:52","guid":{"rendered":"https:\/\/iglesia-en-villar.es\/blog\/?p=11903"},"modified":"2026-04-30T11:00:53","modified_gmt":"2026-04-30T10:00:53","slug":"avisos-299","status":"publish","type":"post","link":"https:\/\/iglesia-en-villar.es\/blog\/2026\/04\/30\/avisos-299\/","title":{"rendered":"Avisos"},"content":{"rendered":"\n<p>Martes, 5 de mayo a las 19:30 en los locales parroquiales tendr\u00e1 lugar la reuni\u00f3n informativa sobre el viaje a Medjugorge. Vendr\u00e1n dos representantes de la compa\u00f1\u00eda de viajes \u201cEngrupo.\u201d<\/p>\n\n\n\n<p>Mi\u00e9rcoles, 6 de mayo, Misa funeral por el santo Padre el Papa Francisco.<\/p>\n\n\n\n<p>Domingo 10 de Mayo, ultimo d\u00eda de Bu\u00f1uelos de la temporada.<\/p>\n\n\n\n<p>Domingo, 17 de mayo a las 17:30: Asamblea general de la cofrad\u00eda de la Virgen de la Paz, para todos los cofrades. En los locales parroquiales.<\/p>\n\n\n\n<p><strong>CAPILLA ITINERANTE.<\/strong><\/p>\n\n\n\n<p>Buscamos la capilla de la Milagrosa numero 3, que ha desaparecido del recorrido que tiene asignado, si alguien sabe donde puede estar que hable con el Sacerdote o M. Asunci\u00f3n Miralles.<\/p><p><\/p>\n","protected":false},"excerpt":{"rendered":"<p>Martes, 5 de mayo a las 19:30 en los locales parroquiales tendr\u00e1 lugar la reuni\u00f3n informativa sobre el viaje a Medjugorge. Vendr\u00e1n dos representantes de la compa\u00f1\u00eda de viajes \u201cEngrupo.\u201d Mi\u00e9rcoles, 6 de mayo, Misa funeral por el santo Padre el Papa Francisco. Domingo 10 de Mayo, ultimo d\u00eda de Bu\u00f1uelos de la temporada. Domingo, 17 de mayo a las&#8230;<\/p>\n<p> <a class=\"continue-reading-link\" href=\"https:\/\/iglesia-en-villar.es\/blog\/2026\/04\/30\/avisos-299\/\"><span>Leer m\u00e1s<\/span><i class=\"crycon-right-dir\"><\/i><\/a> <\/p>\n","protected":false},"author":53745,"featured_media":11068,"comment_status":"open","ping_status":"open","sticky":false,"template":"","format":"standard","meta":{"inline_featured_image":false,"footnotes":""},"categories":[10],"tags":[],"class_list":["post-11903","post","type-post","status-publish","format-standard","has-post-thumbnail","hentry","category-avisos"],"better_featured_image":{"id":11068,"alt_text":"","caption":"","description":"","media_type":"image","media_details":{"width":231,"height":219,"file":"2025\/03\/ZZ-AVISOS.jpeg","filesize":6757,"sizes":{"thumbnail":{"file":"ZZ-AVISOS-150x150.jpeg","width":150,"height":150,"mime-type":"image\/jpeg","filesize":5017,"source_url":"https:\/\/iglesia-en-villar.es\/blog\/wp-content\/uploads\/2025\/03\/ZZ-AVISOS-150x150.jpeg"},"post-thumbnail":{"file":"ZZ-AVISOS-150x142.jpeg","width":150,"height":142,"mime-type":"image\/jpeg","filesize":4771,"source_url":"https:\/\/iglesia-en-villar.es\/blog\/wp-content\/uploads\/2025\/03\/ZZ-AVISOS-150x142.jpeg"}},"image_meta":{"aperture":"0","credit":"","camera":"","caption":"","created_timestamp":"0","copyright":"","focal_length":"0","iso":"0","shutter_speed":"0","title":"","orientation":"0","keywords":[]}},"post":null,"source_url":"https:\/\/iglesia-en-villar.es\/blog\/wp-content\/uploads\/2025\/03\/ZZ-AVISOS.jpeg"},"read":true,"_links":{"self":[{"href":"https:\/\/iglesia-en-villar.es\/blog\/wp-json\/wp\/v2\/posts\/11903","targetHints":{"allow":["GET"]}}],"collection":[{"href":"https:\/\/iglesia-en-villar.es\/blog\/wp-json\/wp\/v2\/posts"}],"about":[{"href":"https:\/\/iglesia-en-villar.es\/blog\/wp-json\/wp\/v2\/types\/post"}],"author":[{"embeddable":true,"href":"https:\/\/iglesia-en-villar.es\/blog\/wp-json\/wp\/v2\/users\/53745"}],"replies":[{"embeddable":true,"href":"https:\/\/iglesia-en-villar.es\/blog\/wp-json\/wp\/v2\/comments?post=11903"}],"version-history":[{"count":1,"href":"https:\/\/iglesia-en-villar.es\/blog\/wp-json\/wp\/v2\/posts\/11903\/revisions"}],"predecessor-version":[{"id":11904,"href":"https:\/\/iglesia-en-villar.es\/blog\/wp-json\/wp\/v2\/posts\/11903\/revisions\/11904"}],"wp:featuredmedia":[{"embeddable":true,"href":"https:\/\/iglesia-en-villar.es\/blog\/wp-json\/wp\/v2\/media\/11068"}],"wp:attachment":[{"href":"https:\/\/iglesia-en-villar.es\/blog\/wp-json\/wp\/v2\/media?parent=11903"}],"wp:term":[{"taxonomy":"category","embeddable":true,"href":"https:\/\/iglesia-en-villar.es\/blog\/wp-json\/wp\/v2\/categories?post=11903"},{"taxonomy":"post_tag","embeddable":true,"href":"https:\/\/iglesia-en-villar.es\/blog\/wp-json\/wp\/v2\/tags?post=11903"}],"curies":[{"name":"wp","href":"https:\/\/api.w.org\/{rel}","templated":true}]}}