{"id":11910,"date":"2026-04-30T11:07:58","date_gmt":"2026-04-30T10:07:58","guid":{"rendered":"https:\/\/iglesia-en-villar.es\/blog\/?p=11910"},"modified":"2026-04-30T11:07:59","modified_gmt":"2026-04-30T10:07:59","slug":"rincon-carmelitano-327","status":"publish","type":"post","link":"https:\/\/iglesia-en-villar.es\/blog\/2026\/04\/30\/rincon-carmelitano-327\/","title":{"rendered":"Rinc\u00f3n Carmelitano"},"content":{"rendered":"\n<p style=\"text-align: center;\"><span style=\"font-size: medium;\"><b>LA VIRGEN MAR\u00cdA EN LA VIDA DE SANTA TERSITA DEL NI\u00d1O JES\u00daS<\/b><\/span><\/p>\n<p align=\"left\"><span style=\"font-size: medium;\">Despu\u00e9s de Dios, la Virgen Mar\u00eda es quien ocupa el primer lugar en la vida espiritual en Teresita. Ciertamente, de Mar\u00eda es tan importante en su vida de oraci\u00f3n, que la marca por entero desde la infancia hasta el momento supremo de la preparaci\u00f3n para la muerte. Arrodill\u00e1ndose ante una imagen de la Virgen dirigir\u00e1 una larga mirada poco antes de morir. El nombre de Mar\u00eda salpica sin cesar todos sus escritos.<\/span><\/p>\n<p align=\"left\"><span style=\"font-size: medium;\">Algo que llama a primera vista la atenci\u00f3n es el tono de confianza con que Teresa se dirige a Mar\u00eda. Un tono que a veces puede parecernos que raya en la ingenuidad. Bien vale la pena transcribir algunos de sus pensamientos: \u00abHe sufrido mucho (dec\u00eda tras una noche dif\u00edcil) Pero s\u00f3lo me he quejado a la Sant\u00edsima Virgen\u00bb. \u00abLa Sant\u00edsima Virgen nunca estar\u00e1 escondida para m\u00ed porque la amo demasiado\u00bb \u00abcuando se ha pedido algo a la Sant\u00edsima Virgen y Ella no escucha, hay que dejarla actuar a su manera, y no preocuparse\u00bb Despu\u00e9s de mirar largamente una estatua de Mar\u00eda: \u00ab\u00bfQui\u00e9n hubiera sido capaz de inventar a la Sant\u00edsima Virgen?: \u00bb La Sant\u00edsima Virgen no tiene otra Sant\u00edsima Virgen a quien amar. Es menos dichosa que nosotros\u00bb \u00a1Oh, Mar\u00eda, si yo fuera la Reina del cielo y vos fueseis Teresa, quisiera ser Teresa para que vos fueseis la Reina del Cielo.<\/span><\/p>\n<p align=\"left\"><span style=\"font-size: medium;\">S\u00ed, Teresa vivi\u00f3 con una intensidad conmovedora su condici\u00f3n de hija, por la gracia, de la Madre de Dios. Desde la ni\u00f1ez hasta su muerte se sinti\u00f3 muy de veras hija de la Sant\u00edsima Virgen. No s\u00f3lo por haberse visto privada, a los cuatro a\u00f1os y medio, de una madre en la tierra, sino porque ella fue madurando al calor de la oraci\u00f3n su relaci\u00f3n con su Madre del cielo y porque \u00e9sta se le hizo muy cercana en diversos momentos de su vida.<\/span><\/p>\n<p align=\"left\"><span style=\"font-size: medium;\">Esta es la Virgen que Teresa fue descubriendo, hora a hora, en su oraci\u00f3n. Esta es la Madre a quien, glorificada en el cielo, dirig\u00eda sus s\u00faplicas en la tierra para que Ella, si lo cre\u00eda conveniente, las presentase a Dios. Ella sabe bien lo que ha de hacer con mis deseos, si los ha de manifestar o no.<\/span><\/p>\n<p align=\"left\"><span style=\"font-size: medium;\">Se puede decir que Teresa no encontr\u00f3 lugar m\u00e1s seguro que Mar\u00eda para vivir como hija de Dios, para elevar su oraci\u00f3n de hija de Dios, guiada por el Esp\u00edritu Santo.<\/span><\/p>\n<p align=\"left\"><span style=\"font-size: medium;\">Empezamos el mes de mayo mes de las flores, mes muy especial dedicado a la Virgen Mar\u00eda, vivamos muy unidos a Ella, para que nos lleve a Jes\u00fas, donde est\u00e1 la verdadera felicidad. <\/span><\/p>\n<p align=\"left\"><span style=\"font-size: medium;\">Hermanas Carmelitas<\/span><\/p>\n<p align=\"left\">\u00a0<\/p>\n\n\n","protected":false},"excerpt":{"rendered":"<p>LA VIRGEN MAR\u00cdA EN LA VIDA DE SANTA TERSITA DEL NI\u00d1O JES\u00daS Despu\u00e9s de Dios, la Virgen Mar\u00eda es quien ocupa el primer lugar en la vida espiritual en Teresita. Ciertamente, de Mar\u00eda es tan importante en su vida de oraci\u00f3n, que la marca por entero desde la infancia hasta el momento supremo de la preparaci\u00f3n para la muerte. Arrodill\u00e1ndose&#8230;<\/p>\n<p> <a class=\"continue-reading-link\" href=\"https:\/\/iglesia-en-villar.es\/blog\/2026\/04\/30\/rincon-carmelitano-327\/\"><span>Leer m\u00e1s<\/span><i class=\"crycon-right-dir\"><\/i><\/a> <\/p>\n","protected":false},"author":53745,"featured_media":11908,"comment_status":"open","ping_status":"open","sticky":false,"template":"","format":"standard","meta":{"inline_featured_image":false,"footnotes":""},"categories":[5],"tags":[],"class_list":["post-11910","post","type-post","status-publish","format-standard","has-post-thumbnail","hentry","category-monasterio"],"better_featured_image":{"id":11908,"alt_text":"","caption":"","description":"","media_type":"image","media_details":{"width":148,"height":148,"file":"2026\/04\/2026-05-03-zrincon.png","filesize":47307,"sizes":{},"image_meta":{"aperture":"0","credit":"","camera":"","caption":"","created_timestamp":"0","copyright":"","focal_length":"0","iso":"0","shutter_speed":"0","title":"","orientation":"0","keywords":[]}},"post":null,"source_url":"https:\/\/iglesia-en-villar.es\/blog\/wp-content\/uploads\/2026\/04\/2026-05-03-zrincon.png"},"read":true,"_links":{"self":[{"href":"https:\/\/iglesia-en-villar.es\/blog\/wp-json\/wp\/v2\/posts\/11910","targetHints":{"allow":["GET"]}}],"collection":[{"href":"https:\/\/iglesia-en-villar.es\/blog\/wp-json\/wp\/v2\/posts"}],"about":[{"href":"https:\/\/iglesia-en-villar.es\/blog\/wp-json\/wp\/v2\/types\/post"}],"author":[{"embeddable":true,"href":"https:\/\/iglesia-en-villar.es\/blog\/wp-json\/wp\/v2\/users\/53745"}],"replies":[{"embeddable":true,"href":"https:\/\/iglesia-en-villar.es\/blog\/wp-json\/wp\/v2\/comments?post=11910"}],"version-history":[{"count":1,"href":"https:\/\/iglesia-en-villar.es\/blog\/wp-json\/wp\/v2\/posts\/11910\/revisions"}],"predecessor-version":[{"id":11911,"href":"https:\/\/iglesia-en-villar.es\/blog\/wp-json\/wp\/v2\/posts\/11910\/revisions\/11911"}],"wp:featuredmedia":[{"embeddable":true,"href":"https:\/\/iglesia-en-villar.es\/blog\/wp-json\/wp\/v2\/media\/11908"}],"wp:attachment":[{"href":"https:\/\/iglesia-en-villar.es\/blog\/wp-json\/wp\/v2\/media?parent=11910"}],"wp:term":[{"taxonomy":"category","embeddable":true,"href":"https:\/\/iglesia-en-villar.es\/blog\/wp-json\/wp\/v2\/categories?post=11910"},{"taxonomy":"post_tag","embeddable":true,"href":"https:\/\/iglesia-en-villar.es\/blog\/wp-json\/wp\/v2\/tags?post=11910"}],"curies":[{"name":"wp","href":"https:\/\/api.w.org\/{rel}","templated":true}]}}