{"id":11912,"date":"2026-04-30T11:10:27","date_gmt":"2026-04-30T10:10:27","guid":{"rendered":"https:\/\/iglesia-en-villar.es\/blog\/?p=11912"},"modified":"2026-04-30T11:10:28","modified_gmt":"2026-04-30T10:10:28","slug":"editorial-320","status":"publish","type":"post","link":"https:\/\/iglesia-en-villar.es\/blog\/2026\/04\/30\/editorial-320\/","title":{"rendered":"Editorial"},"content":{"rendered":"\n<h2 class=\"wp-block-heading has-text-align-center\"><strong>Sabemos lo que hay que hacer&#8230; pero \u00bflo hacemos?<\/strong><\/h2>\n\n\n\n<p>El reciente viaje del Papa Le\u00f3n XIV a \u00c1frica no es solo una visita lejana, sino una llamada muy concreta que llega tambi\u00e9n a nuestra parroquia. Lo que el Santo Padre ha visto all\u00ed, pobreza, dificultades, pero tambi\u00e9n una alegr\u00eda sorprendente y una gran capacidad de encuentro, nos invita a revisar c\u00f3mo vivimos nosotros aqu\u00ed, en nuestro d\u00eda a d\u00eda.<\/p>\n\n\n\n<p>En aquellas tierras, muchas personas esperan durante horas simplemente para saludar, para compartir un momento, para sentirse parte de algo. Y eso nos hace pensar: en nuestro pueblo, donde tenemos m\u00e1s comodidades, \u00bfsabemos detenernos para saludar, para escuchar, para interesarnos de verdad por los dem\u00e1s? A veces vivimos con prisa, encerrados en lo nuestro, y dejamos pasar oportunidades sencillas de encuentro.<\/p>\n\n\n\n<p>Quiz\u00e1 esta semana podemos empezar por algo muy concreto: saludar con calma, preguntar de verdad \u201c\u00bfc\u00f3mo est\u00e1s?\u201d, dedicar unos minutos a alguien que sabemos que est\u00e1 solo, o simplemente escuchar sin mirar el reloj. Son gestos peque\u00f1os, pero cambian el ambiente de una comunidad.<\/p>\n\n\n\n<p>El Papa nos invita tambi\u00e9n a tender puentes. En \u00c1frica lo ha hecho en medio de conflictos y divisiones, promoviendo el encuentro y la reconciliaci\u00f3n. Aqu\u00ed, en nuestra parroquia, esto puede traducirse en dar el primer paso para arreglar una relaci\u00f3n rota, en no alimentar cr\u00edticas o comentarios que separan, en elegir no hablar mal de otros cuando estamos en grupo o en familia.<\/p>\n\n\n\n<p>Construir la paz empieza en lo cotidiano: en casa, teniendo paciencia; en el trabajo, actuando con justicia; en la parroquia, participando m\u00e1s activamente y no qued\u00e1ndonos como simples espectadores. Tal vez podemos proponernos venir a la Eucarist\u00eda con m\u00e1s conciencia, colaborar en alguna actividad, o estar disponibles cuando se necesite ayuda.<\/p>\n\n\n\n<p>El viaje del Papa nos recuerda tambi\u00e9n que todos formamos una sola familia. Esto puede concretarse en estar m\u00e1s atentos a quienes pasan necesidad en nuestro entorno. No hace falta ir lejos: en nuestro propio pueblo hay personas mayores que viven solas, familias que atraviesan dificultades o vecinos que necesitan compa\u00f1\u00eda m\u00e1s que cosas materiales. Una visita, una llamada o un peque\u00f1o gesto pueden marcar la diferencia.<\/p>\n\n\n\n<p>Frente a un mundo que muchas veces se cierra, el Santo Padre nos invita a abrirnos, a salir al encuentro, a implicarnos. No con grandes palabras, sino con decisiones sencillas y constantes. Porque la transformaci\u00f3n empieza ah\u00ed, en lo peque\u00f1o, en lo que est\u00e1 en nuestras manos cada d\u00eda.<\/p>\n\n\n\n<p>Por eso, hoy podemos preguntarnos con sinceridad: <strong>\u00bfqu\u00e9 gesto concreto voy a cambiar esta semana para construir m\u00e1s paz a mi alrededor? <\/strong>Pidamos al Se\u00f1or, por intercesi\u00f3n de Nuestra Se\u00f1ora de la Paz, que nos ayude a pasar de las ideas a los hechos, y a ser una parroquia donde se note la cercan\u00eda, la alegr\u00eda y el compromiso cristiano. La paz comienza en lo peque\u00f1o, cuando cada uno da el paso.<\/p>\n\n\n\n<p>Vuestro p\u00e1rroco, Julio<\/p><p><\/p>\n","protected":false},"excerpt":{"rendered":"<p>Sabemos lo que hay que hacer&#8230; pero \u00bflo hacemos? El reciente viaje del Papa Le\u00f3n XIV a \u00c1frica no es solo una visita lejana, sino una llamada muy concreta que llega tambi\u00e9n a nuestra parroquia. Lo que el Santo Padre ha visto all\u00ed, pobreza, dificultades, pero tambi\u00e9n una alegr\u00eda sorprendente y una gran capacidad de encuentro, nos invita a revisar&#8230;<\/p>\n<p> <a class=\"continue-reading-link\" href=\"https:\/\/iglesia-en-villar.es\/blog\/2026\/04\/30\/editorial-320\/\"><span>Leer m\u00e1s<\/span><i class=\"crycon-right-dir\"><\/i><\/a> <\/p>\n","protected":false},"author":53745,"featured_media":11907,"comment_status":"open","ping_status":"open","sticky":false,"template":"","format":"standard","meta":{"inline_featured_image":false,"footnotes":""},"categories":[13],"tags":[],"class_list":["post-11912","post","type-post","status-publish","format-standard","has-post-thumbnail","hentry","category-editorial"],"better_featured_image":{"id":11907,"alt_text":"","caption":"","description":"","media_type":"image","media_details":{"width":750,"height":421,"file":"2026\/04\/2026-05-03-ZIMAGEN-EDITORIAL.jpg","filesize":125728,"sizes":{"medium":{"file":"2026-05-03-ZIMAGEN-EDITORIAL-300x168.jpg","width":300,"height":168,"mime-type":"image\/jpeg","filesize":18926,"source_url":"https:\/\/iglesia-en-villar.es\/blog\/wp-content\/uploads\/2026\/04\/2026-05-03-ZIMAGEN-EDITORIAL-300x168.jpg"},"thumbnail":{"file":"2026-05-03-ZIMAGEN-EDITORIAL-150x150.jpg","width":150,"height":150,"mime-type":"image\/jpeg","filesize":9242,"source_url":"https:\/\/iglesia-en-villar.es\/blog\/wp-content\/uploads\/2026\/04\/2026-05-03-ZIMAGEN-EDITORIAL-150x150.jpg"},"post-thumbnail":{"file":"2026-05-03-ZIMAGEN-EDITORIAL-150x84.jpg","width":150,"height":84,"mime-type":"image\/jpeg","filesize":5739,"source_url":"https:\/\/iglesia-en-villar.es\/blog\/wp-content\/uploads\/2026\/04\/2026-05-03-ZIMAGEN-EDITORIAL-150x84.jpg"},"header":{"file":"2026-05-03-ZIMAGEN-EDITORIAL-750x230.jpg","width":750,"height":230,"mime-type":"image\/jpeg","filesize":75377,"source_url":"https:\/\/iglesia-en-villar.es\/blog\/wp-content\/uploads\/2026\/04\/2026-05-03-ZIMAGEN-EDITORIAL-750x230.jpg"},"columns":{"file":"2026-05-03-ZIMAGEN-EDITORIAL-330x300.jpg","width":330,"height":300,"mime-type":"image\/jpeg","filesize":34843,"source_url":"https:\/\/iglesia-en-villar.es\/blog\/wp-content\/uploads\/2026\/04\/2026-05-03-ZIMAGEN-EDITORIAL-330x300.jpg"},"custom":{"file":"2026-05-03-ZIMAGEN-EDITORIAL-250x140.jpg","width":250,"height":140,"mime-type":"image\/jpeg","filesize":13696,"source_url":"https:\/\/iglesia-en-villar.es\/blog\/wp-content\/uploads\/2026\/04\/2026-05-03-ZIMAGEN-EDITORIAL-250x140.jpg"}},"image_meta":{"aperture":"0","credit":"","camera":"","caption":"","created_timestamp":"0","copyright":"","focal_length":"0","iso":"0","shutter_speed":"0","title":"","orientation":"0","keywords":[]}},"post":null,"source_url":"https:\/\/iglesia-en-villar.es\/blog\/wp-content\/uploads\/2026\/04\/2026-05-03-ZIMAGEN-EDITORIAL.jpg"},"read":true,"_links":{"self":[{"href":"https:\/\/iglesia-en-villar.es\/blog\/wp-json\/wp\/v2\/posts\/11912","targetHints":{"allow":["GET"]}}],"collection":[{"href":"https:\/\/iglesia-en-villar.es\/blog\/wp-json\/wp\/v2\/posts"}],"about":[{"href":"https:\/\/iglesia-en-villar.es\/blog\/wp-json\/wp\/v2\/types\/post"}],"author":[{"embeddable":true,"href":"https:\/\/iglesia-en-villar.es\/blog\/wp-json\/wp\/v2\/users\/53745"}],"replies":[{"embeddable":true,"href":"https:\/\/iglesia-en-villar.es\/blog\/wp-json\/wp\/v2\/comments?post=11912"}],"version-history":[{"count":1,"href":"https:\/\/iglesia-en-villar.es\/blog\/wp-json\/wp\/v2\/posts\/11912\/revisions"}],"predecessor-version":[{"id":11913,"href":"https:\/\/iglesia-en-villar.es\/blog\/wp-json\/wp\/v2\/posts\/11912\/revisions\/11913"}],"wp:featuredmedia":[{"embeddable":true,"href":"https:\/\/iglesia-en-villar.es\/blog\/wp-json\/wp\/v2\/media\/11907"}],"wp:attachment":[{"href":"https:\/\/iglesia-en-villar.es\/blog\/wp-json\/wp\/v2\/media?parent=11912"}],"wp:term":[{"taxonomy":"category","embeddable":true,"href":"https:\/\/iglesia-en-villar.es\/blog\/wp-json\/wp\/v2\/categories?post=11912"},{"taxonomy":"post_tag","embeddable":true,"href":"https:\/\/iglesia-en-villar.es\/blog\/wp-json\/wp\/v2\/tags?post=11912"}],"curies":[{"name":"wp","href":"https:\/\/api.w.org\/{rel}","templated":true}]}}