{"id":7205,"date":"2020-01-16T23:48:08","date_gmt":"2020-01-16T22:48:08","guid":{"rendered":"https:\/\/iglesia-en-villar.es\/blog\/?p=7205"},"modified":"2020-01-16T23:49:16","modified_gmt":"2020-01-16T22:49:16","slug":"rincon-carmelitano-4","status":"publish","type":"post","link":"https:\/\/iglesia-en-villar.es\/blog\/2020\/01\/16\/rincon-carmelitano-4\/","title":{"rendered":"RINCON CARMELITANO"},"content":{"rendered":"\n<p>Y ahora nos llega una fiesta muy\nentra\u00f1able para todos los villarenses, la Virgen de la Paz. Viene\nbien contar una an\u00e9cdota de un vecino del Villar. Se dec\u00eda ateo y\nhablaba como tal. Ya anciano, enfermo y ciego, iba a pasar la\nprocesi\u00f3n de la Virgen por delante de su casa. Pidi\u00f3 a su mujer que\nlo bajaran a la entrada, cosa que era bastante complicada debido a su\nestado. La mujer le dijo: pero \u00bfpara qu\u00e9 quieres que te bajemos si\nno puedes ver a la Virgen?, y \u00e9l contest\u00f3: aunque yo no pueda\nverla, ella si me puede ver a m\u00ed&#8230;Cuando me lo contaron me d\u00ed\ncuenta hasta que punto los villarenses quieren a su Virgen de la Paz,\ny esperan en ella \u00a1aunque sean ateos!. Este hombre, ya muri\u00f3, y\nseguramente sali\u00f3 la Virgen a abrirle la puerta del cielo, y se\nconvenciera de que realmente Dios existe.<\/p>\n\n\n\n<p>                     Muy sugerente es\nesta advocaci\u00f3n. Dos deseos vienen a la mente; el primero, que Ella\nnos alcance el don de la paz a todos los niveles: personal, familiar,\nsocial, pol\u00edtico. Y tambi\u00e9n que nos ayude a ser, como nos dec\u00eda el\npadre Jes\u00fas Castellano: artesanos de la paz, como Ella. Podemos ser\nen nuestro \u00e1mbito elementos de confrontaci\u00f3n y malestar, o ser\nart\u00edfices de paz y armon\u00eda, de serenidad y encuentro.<\/p>\n\n\n\n<p>                   La celebraci\u00f3n de\nla novena es una buena ocasi\u00f3n para que todos nos propongamos\nfomentar, con la ayuda inestimable de Mar\u00eda, la paz en nuestro\nentorno; que no es f\u00e1cil porque cada uno somos diferentes y esto hay\nque asumirlo.<\/p>\n\n\n\n<p>                   Os deseamos una muy\nmuy feliz celebraci\u00f3n de nuestra Patrona: \u00a1\u00a1\u00a1VIVA LA VIRGEN DE LA\nPAZ!!!<\/p>\n\n\n\n<p>                                       \n                                                                     \n                                                                     \n Hermanas Carmelitas<\/p>\n","protected":false},"excerpt":{"rendered":"<p>Y ahora nos llega una fiesta muy entra\u00f1able para todos los villarenses, la Virgen de la Paz. Viene bien contar una an\u00e9cdota de un vecino del Villar. Se dec\u00eda ateo y hablaba como tal. Ya anciano, enfermo y ciego, iba a pasar la procesi\u00f3n de la Virgen por delante de su casa. Pidi\u00f3 a su mujer que lo bajaran a&#8230;<\/p>\n<p> <a class=\"continue-reading-link\" href=\"https:\/\/iglesia-en-villar.es\/blog\/2020\/01\/16\/rincon-carmelitano-4\/\"><span>Leer m\u00e1s<\/span><i class=\"crycon-right-dir\"><\/i><\/a> <\/p>\n","protected":false},"author":53745,"featured_media":0,"comment_status":"open","ping_status":"open","sticky":false,"template":"","format":"standard","meta":{"inline_featured_image":false,"footnotes":""},"categories":[5],"tags":[],"class_list":["post-7205","post","type-post","status-publish","format-standard","hentry","category-monasterio"],"better_featured_image":null,"read":true,"_links":{"self":[{"href":"https:\/\/iglesia-en-villar.es\/blog\/wp-json\/wp\/v2\/posts\/7205","targetHints":{"allow":["GET"]}}],"collection":[{"href":"https:\/\/iglesia-en-villar.es\/blog\/wp-json\/wp\/v2\/posts"}],"about":[{"href":"https:\/\/iglesia-en-villar.es\/blog\/wp-json\/wp\/v2\/types\/post"}],"author":[{"embeddable":true,"href":"https:\/\/iglesia-en-villar.es\/blog\/wp-json\/wp\/v2\/users\/53745"}],"replies":[{"embeddable":true,"href":"https:\/\/iglesia-en-villar.es\/blog\/wp-json\/wp\/v2\/comments?post=7205"}],"version-history":[{"count":1,"href":"https:\/\/iglesia-en-villar.es\/blog\/wp-json\/wp\/v2\/posts\/7205\/revisions"}],"predecessor-version":[{"id":7206,"href":"https:\/\/iglesia-en-villar.es\/blog\/wp-json\/wp\/v2\/posts\/7205\/revisions\/7206"}],"wp:attachment":[{"href":"https:\/\/iglesia-en-villar.es\/blog\/wp-json\/wp\/v2\/media?parent=7205"}],"wp:term":[{"taxonomy":"category","embeddable":true,"href":"https:\/\/iglesia-en-villar.es\/blog\/wp-json\/wp\/v2\/categories?post=7205"},{"taxonomy":"post_tag","embeddable":true,"href":"https:\/\/iglesia-en-villar.es\/blog\/wp-json\/wp\/v2\/tags?post=7205"}],"curies":[{"name":"wp","href":"https:\/\/api.w.org\/{rel}","templated":true}]}}