{"id":7207,"date":"2020-01-16T23:53:12","date_gmt":"2020-01-16T22:53:12","guid":{"rendered":"https:\/\/iglesia-en-villar.es\/blog\/?p=7207"},"modified":"2020-01-16T23:56:57","modified_gmt":"2020-01-16T22:56:57","slug":"intenciones-de-misa-4","status":"publish","type":"post","link":"https:\/\/iglesia-en-villar.es\/blog\/2020\/01\/16\/intenciones-de-misa-4\/","title":{"rendered":"INTENCIONES DE MISA"},"content":{"rendered":"\n<h5 class=\"wp-block-heading\"><strong>LUNES D\u00cdA\n20 S\u00c9PTIMO D\u00cdA DE NOVENA<\/strong><\/h5>\n\n\n\n<p>\n8,30 H. CONVENTO<\/p>\n\n\n\n<p>\n19 H. TEMPLO<\/p>\n\n\n\n<p>\nAcci\u00f3n de Gracias al Angel de la\nGuarda y San Crist\u00f3bal \u2013 Al Coraz\u00f3n de Jes\u00fas de la Junta \u2013\nAcci\u00f3n de Gracias a la Virgen de la Paz y Virgen de los\nDesamparados.<\/p>\n\n\n\n<p><strong>MARTES D\u00cdA21 OCTAVO D\u00cdA DE NOVENA<\/strong><\/p>\n\n\n\n<p>\n8,30 H. CONVENTO<\/p>\n\n\n\n<p>19\nH. TEMPLO<\/p>\n\n\n\n<p>\nPor los Enfermos \u2013 Sufragio de:\nSerafina Diago Miralles \u2013 Gloria Paz Hernaiz \u2013 Acci\u00f3n de Gracias\na Santa Rita y San Ram\u00f3n Nonato de Carmen.<\/p>\n\n\n\n<h5 class=\"wp-block-heading\"><strong>MI\u00c9RCOLES D\u00cdA 22 NOVENO D\u00cdA DE NOVE<\/strong>NA<\/h5>\n\n\n\n<h5 class=\"wp-block-heading\">8,30\nH. CONVENTO.<\/h5>\n\n\n\n<p>19\nH. TEMPLO<\/p>\n\n\n\n<p>\nSufragio de: Antonio Fabuel G\u00f3mez\ny Padres \u2013 Pascual Molina Ram\u00edrez \u2013 Jes\u00fas Molina y Padres.<\/p>\n\n\n\n<h5 class=\"wp-block-heading\"><strong>JUEVES D\u00cdA 23 VISPERAS SOLEMNES DE LA VIRGEN DE LA PAZ<\/strong><\/h5>\n\n\n\n<h5 class=\"wp-block-heading\">8,30\nH. CONVENTO.<\/h5>\n\n\n\n<p>\n18 H. TEMPLO<\/p>\n\n\n\n<h5 class=\"wp-block-heading\"><strong>VISPERAS\nSOLEMNES DE LA VIRGEN DE LA PAZ<\/strong><\/h5>\n\n\n\n<p><strong>A\nCONTINUACION EUCARISTIA<\/strong><\/p>\n\n\n\n<p>\nSufragio de Paco y Paz.<\/p>\n\n\n\n<h5 class=\"wp-block-heading\"><strong>VIERNES D\u00cdA 24 VIRGEN DE LA PAZ<\/strong><\/h5>\n\n\n\n<h5 class=\"wp-block-heading\"><strong>6 H. CANTO\nDE LA AURORA.<\/strong><\/h5>\n\n\n\n<p><strong>8\nH. ROSARIO DE LA AURORA<\/strong><\/p>\n\n\n\n<p><strong>8,30\nH. TEMPLO <\/strong>\n<\/p>\n\n\n\n<p>Acci\u00f3n\nde Gracias a la Virgen de la Paz.<\/p>\n\n\n\n<p><strong>9\nH. CONVENTO<\/strong><\/p>\n\n\n\n<p><strong>12\nH. TEMPLO<\/strong><\/p>\n\n\n\n<p><strong>MISA\nSOLEMNE EN HONOR A LA VIRGEN DE LA PAZ<\/strong><\/p>\n\n\n\n<p><strong>18,30<\/strong><strong>\nH. TEMPLO.  <\/strong>                   \n<\/p>\n\n\n\n<p>\nSufragio de: Manuel P\u00e9rez Garc\u00eda\ny Sobrino \u2013 Paz y Paco \u2013 \u00c1ngeles Barrachina Burriel \u2013 Fernando\nSerra y Josefina Garc\u00eda e hijo Jos\u00e9 Luis de su hija y hermana Anita\n\u2013 Mauricio Luz Orero y Abuelos.<\/p>\n\n\n\n<p><strong>A\nCONTINUACI\u00d3N PROCESI\u00d3N.<\/strong><\/p>\n\n\n\n<p><strong>S\u00c1BADO\nD\u00cdA 25 FESTIVIDAD DE LAS RELIQUIAS.<\/strong><\/p>\n\n\n\n<h5 class=\"wp-block-heading\">8,30\nH. CONVENTO.<\/h5>\n\n\n\n<p>19\nH. TEMPLO<\/p>\n\n\n\n<p>\nSufragio de: Manuel Ant\u00f3n y Jos\u00e9\nTortajada \u2013 Difuntos de Paz \u2013 Difuntos de \u00c1ngeles y Antonio \u2013\nAcci\u00f3n de gracias a la Virgen.<\/p>\n\n\n\n<p>\n<strong>A CONTINUACI\u00d3N PROCESI\u00d3N Y\nBENDICI\u00d3N DE T\u00c9RMINOS.<\/strong><\/p>\n\n\n\n<p><strong>DOMINGO\nD\u00cdA 26<\/strong><\/p>\n\n\n\n<p>10\nH. CONVENTO.<\/p>\n\n\n\n<p>\n12,30 H TEMPLO.<\/p>\n\n\n\n<p>\nMisa Pro-populo.<\/p>\n","protected":false},"excerpt":{"rendered":"<p>LUNES D\u00cdA 20 S\u00c9PTIMO D\u00cdA DE NOVENA 8,30 H. CONVENTO 19 H. TEMPLO Acci\u00f3n de Gracias al Angel de la Guarda y San Crist\u00f3bal \u2013 Al Coraz\u00f3n de Jes\u00fas de la Junta \u2013 Acci\u00f3n de Gracias a la Virgen de la Paz y Virgen de los Desamparados. MARTES D\u00cdA21 OCTAVO D\u00cdA DE NOVENA 8,30 H. CONVENTO 19 H. TEMPLO Por&#8230;<\/p>\n<p> <a class=\"continue-reading-link\" href=\"https:\/\/iglesia-en-villar.es\/blog\/2020\/01\/16\/intenciones-de-misa-4\/\"><span>Leer m\u00e1s<\/span><i class=\"crycon-right-dir\"><\/i><\/a> <\/p>\n","protected":false},"author":53745,"featured_media":0,"comment_status":"open","ping_status":"open","sticky":false,"template":"","format":"standard","meta":{"inline_featured_image":false,"footnotes":""},"categories":[3],"tags":[],"class_list":["post-7207","post","type-post","status-publish","format-standard","hentry","category-intenciones"],"better_featured_image":null,"read":true,"_links":{"self":[{"href":"https:\/\/iglesia-en-villar.es\/blog\/wp-json\/wp\/v2\/posts\/7207","targetHints":{"allow":["GET"]}}],"collection":[{"href":"https:\/\/iglesia-en-villar.es\/blog\/wp-json\/wp\/v2\/posts"}],"about":[{"href":"https:\/\/iglesia-en-villar.es\/blog\/wp-json\/wp\/v2\/types\/post"}],"author":[{"embeddable":true,"href":"https:\/\/iglesia-en-villar.es\/blog\/wp-json\/wp\/v2\/users\/53745"}],"replies":[{"embeddable":true,"href":"https:\/\/iglesia-en-villar.es\/blog\/wp-json\/wp\/v2\/comments?post=7207"}],"version-history":[{"count":2,"href":"https:\/\/iglesia-en-villar.es\/blog\/wp-json\/wp\/v2\/posts\/7207\/revisions"}],"predecessor-version":[{"id":7210,"href":"https:\/\/iglesia-en-villar.es\/blog\/wp-json\/wp\/v2\/posts\/7207\/revisions\/7210"}],"wp:attachment":[{"href":"https:\/\/iglesia-en-villar.es\/blog\/wp-json\/wp\/v2\/media?parent=7207"}],"wp:term":[{"taxonomy":"category","embeddable":true,"href":"https:\/\/iglesia-en-villar.es\/blog\/wp-json\/wp\/v2\/categories?post=7207"},{"taxonomy":"post_tag","embeddable":true,"href":"https:\/\/iglesia-en-villar.es\/blog\/wp-json\/wp\/v2\/tags?post=7207"}],"curies":[{"name":"wp","href":"https:\/\/api.w.org\/{rel}","templated":true}]}}