{"id":7224,"date":"2020-01-23T23:30:04","date_gmt":"2020-01-23T22:30:04","guid":{"rendered":"https:\/\/iglesia-en-villar.es\/blog\/?p=7224"},"modified":"2020-01-23T23:30:05","modified_gmt":"2020-01-23T22:30:05","slug":"virgen-de-la-paz-2-020","status":"publish","type":"post","link":"https:\/\/iglesia-en-villar.es\/blog\/2020\/01\/23\/virgen-de-la-paz-2-020\/","title":{"rendered":"VIRGEN DE LA PAZ 2.020"},"content":{"rendered":"\n<p>\nQueridos hermanos y hermanas: \n<\/p>\n\n\n\n<p>\nCuando ya estamos casi acabando el mes de Enero y reci\u00e9n terminadas\nlas fiestas de la Navidad, llega la fiesta en honor a nuestra Patrona\nLa Virgen de la Paz , unas fechas que cada a\u00f1o vienen fuertemente\nse\u00f1aladas en el calendario de todo villarenco, las Fiestas\nPatronales en honor a nuestra Virgen de la Paz, de la que, siempre,\nestemos donde estemos, con orgullo presumimos.<\/p>\n\n\n\n<p>\nEs todo un placer poder dirigirme a todos vosotros desde este espacio\nque es la Hoja Parroquial para motivar en vosotros un aut\u00e9ntico\ndeseo de encuentro con nuestra Madre, la Virgen Mar\u00eda y que a trav\u00e9s\nde Mar\u00eda, podamos reconocer en su Hijo a nuestro Dios y Se\u00f1or. Ni\nque decir cabe la protagonista de estos d\u00edas que hemos pasado de\nNovena y de este d\u00eda de su fiesta es nuestra Madre, Reina de la Paz,\nen la cu\u00e1l, tantas veces encontramos consuelo cuando venimos a su\ntemplo;  pero tambi\u00e9n todos vosotros sois  protagonistas de nuestras\nfiestas, invit\u00e1ndoos a salir a las calles junto con amigos,\nfamiliares y visitantes, con el  objetivo de compartir con alegr\u00eda y\ndevoci\u00f3n el amor a nuestra Patrona La Virgen de la Paz. \n<\/p>\n\n\n\n<p>\nNo quiero dejar pasar esta ocasi\u00f3n sin destacar la gran labor\ndesarrollada desde la Comisi\u00f3n de Fiestas de la  \u201cQuinta del 79\u201d\n, agradeciendo su disponibilidad, siempre atenta a las necesidades de\nla fiesta de la Patrona de todos los villarencos. As\u00ed como la\ndisponibilidad de la Cofrad\u00eda de la Virgen de la Paz y de la\nAsunci\u00f3n. Ellos, silenciosamente y sin buscar protagonismo son\nart\u00edfices de que todos podamos disfrutar de unas fiestas a nuestra\nPatrona a la altura de nuestro pueblo de Villar del Arzobispo. \n<\/p>\n\n\n\n<p>\nGracias a todos en general por vuestros peque\u00f1os o grandes\nesfuerzos, juntos hacemos que Villar del Arzobispo, que nuestra\nParroquia, brillen intensamente y con luz propia, preparados para\nrecibir a todos sus hijos e hijas que est\u00e1n lejos y que estos d\u00edas\nregresan al encuentro con su Madre Mar\u00eda. Tambi\u00e9n de aquellos que\nnos visitan y que se acercar\u00e1n a nuestro pueblo con la finalidad de\ndisfrutar de sus gentes y tradiciones, pues como ya sabemos y podemos\ndecir bien alto, nuestro pueblo es un pueblo festivo y acogedor, pero\nsobretodo un pueblo que se siente querido y acompa\u00f1ado por Mar\u00eda de\nuna manera especial. \n<\/p>\n\n\n\n<p>\nAhora toca gozar de estos d\u00edas de fe y devoci\u00f3n; tambi\u00e9n de\ndistensi\u00f3n y alegr\u00eda, y que hacen que nuestro invierno, sea un\ninvierno m\u00e1s llevadero. Pongamos bajo el manto de nuestra Madre la\nVirgen de la Paz a todo nuestro pueblo. Ella es madre, y como tal,\ncuida siempre de sus hijos. De una manera especial saludo y pido que\nMar\u00eda os cuide y proteja a todos los que est\u00e1is enfermos en\nvuestras casas y que no pod\u00e9is compartir de una manera m\u00e1s plena\nestas fiestas. Bueno, aunque este a\u00f1o, hab\u00e9is estado un poquito m\u00e1s\ncerca con la retrasmisi\u00f3n por la televisi\u00f3n de todas las misas de\nla Novena y todos sus actos de su fiesta. Espero que os hay\u00e1is\nimpregnado del dulce aroma de Mar\u00eda y que ella haya tra\u00eddo paz a\nvuestros corazones. Tambi\u00e9n quisiera recordar ante Mar\u00eda Reina de\nla Paz en este momento a nuestras Hermanas Carmelitas Descalzas, que\ncon su oraci\u00f3n hacen que nuestra vida sea una vida m\u00e1s fruct\u00edfera.\n\u00a1Cu\u00e1nto bien hacen en las almas de todos nosotros\u00a1 Qu\u00e9 siempre\nsint\u00e1is la cercan\u00eda de Mar\u00eda Reina de la Paz todas vosotras. \n<\/p>\n\n\n\n<p>\nDesearos a todos unas felices fiestas de nuestra Patrona La Virgen de\nla Paz. Qu\u00e9 vivamos con intensidad estos d\u00edas de fiestas Patronales\ny que Mar\u00eda Reina de la Paz siga mostr\u00e1ndonos el camino de la\nverdadera Paz, que nosotros encontramos en Aqu\u00e9l que es Pr\u00edncipe de\nla Paz, su hijo Jes\u00fas. Am\u00e9n. \n<\/p>\n\n\n\n<p>\n\u00a1\u00a1 VIVA LA VIRGEN DE LA PAZ!! \u00a1\u00a1 VIVA NUESTRA PATRONA!!<\/p>\n","protected":false},"excerpt":{"rendered":"<p>Queridos hermanos y hermanas: Cuando ya estamos casi acabando el mes de Enero y reci\u00e9n terminadas las fiestas de la Navidad, llega la fiesta en honor a nuestra Patrona La Virgen de la Paz , unas fechas que cada a\u00f1o vienen fuertemente se\u00f1aladas en el calendario de todo villarenco, las Fiestas Patronales en honor a nuestra Virgen de la Paz,&#8230;<\/p>\n<p> <a class=\"continue-reading-link\" href=\"https:\/\/iglesia-en-villar.es\/blog\/2020\/01\/23\/virgen-de-la-paz-2-020\/\"><span>Leer m\u00e1s<\/span><i class=\"crycon-right-dir\"><\/i><\/a> <\/p>\n","protected":false},"author":53745,"featured_media":7217,"comment_status":"open","ping_status":"open","sticky":false,"template":"","format":"standard","meta":{"inline_featured_image":false,"footnotes":""},"categories":[13],"tags":[],"class_list":["post-7224","post","type-post","status-publish","format-standard","has-post-thumbnail","hentry","category-editorial"],"better_featured_image":{"id":7217,"alt_text":"","caption":"","description":"","media_type":"image","media_details":{"width":2560,"height":1707,"file":"2020\/01\/H7C2315-scaled.jpg","sizes":{"medium":{"file":"H7C2315-300x200.jpg","width":300,"height":200,"mime-type":"image\/jpeg","source_url":"https:\/\/iglesia-en-villar.es\/blog\/wp-content\/uploads\/2020\/01\/H7C2315-300x200.jpg"},"large":{"file":"H7C2315-1024x683.jpg","width":1024,"height":683,"mime-type":"image\/jpeg","source_url":"https:\/\/iglesia-en-villar.es\/blog\/wp-content\/uploads\/2020\/01\/H7C2315-1024x683.jpg"},"thumbnail":{"file":"H7C2315-150x150.jpg","width":150,"height":150,"mime-type":"image\/jpeg","source_url":"https:\/\/iglesia-en-villar.es\/blog\/wp-content\/uploads\/2020\/01\/H7C2315-150x150.jpg"},"medium_large":{"file":"H7C2315-768x512.jpg","width":768,"height":512,"mime-type":"image\/jpeg","source_url":"https:\/\/iglesia-en-villar.es\/blog\/wp-content\/uploads\/2020\/01\/H7C2315-768x512.jpg"},"1536x1536":{"file":"H7C2315-1536x1024.jpg","width":1536,"height":1024,"mime-type":"image\/jpeg","source_url":"https:\/\/iglesia-en-villar.es\/blog\/wp-content\/uploads\/2020\/01\/H7C2315-1536x1024.jpg"},"2048x2048":{"file":"H7C2315-2048x1365.jpg","width":2048,"height":1365,"mime-type":"image\/jpeg","source_url":"https:\/\/iglesia-en-villar.es\/blog\/wp-content\/uploads\/2020\/01\/H7C2315-2048x1365.jpg"},"post-thumbnail":{"file":"H7C2315-150x100.jpg","width":150,"height":100,"mime-type":"image\/jpeg","source_url":"https:\/\/iglesia-en-villar.es\/blog\/wp-content\/uploads\/2020\/01\/H7C2315-150x100.jpg"},"header":{"file":"H7C2315-1320x230.jpg","width":1320,"height":230,"mime-type":"image\/jpeg","source_url":"https:\/\/iglesia-en-villar.es\/blog\/wp-content\/uploads\/2020\/01\/H7C2315-1320x230.jpg"},"slider":{"file":"H7C2315-1920x580.jpg","width":1920,"height":580,"mime-type":"image\/jpeg","source_url":"https:\/\/iglesia-en-villar.es\/blog\/wp-content\/uploads\/2020\/01\/H7C2315-1920x580.jpg"},"columns":{"file":"H7C2315-330x300.jpg","width":330,"height":300,"mime-type":"image\/jpeg","source_url":"https:\/\/iglesia-en-villar.es\/blog\/wp-content\/uploads\/2020\/01\/H7C2315-330x300.jpg"},"custom":{"file":"H7C2315-250x167.jpg","width":250,"height":167,"mime-type":"image\/jpeg","source_url":"https:\/\/iglesia-en-villar.es\/blog\/wp-content\/uploads\/2020\/01\/H7C2315-250x167.jpg"}},"image_meta":{"aperture":"4.5","credit":"","camera":"Canon EOS 5D Mark III","caption":"","created_timestamp":"1451585261","copyright":"","focal_length":"53","iso":"2000","shutter_speed":"0.01","title":"","orientation":"1","keywords":[]},"original_image":"H7C2315.jpg"},"post":null,"source_url":"https:\/\/iglesia-en-villar.es\/blog\/wp-content\/uploads\/2020\/01\/H7C2315-scaled.jpg"},"read":true,"_links":{"self":[{"href":"https:\/\/iglesia-en-villar.es\/blog\/wp-json\/wp\/v2\/posts\/7224","targetHints":{"allow":["GET"]}}],"collection":[{"href":"https:\/\/iglesia-en-villar.es\/blog\/wp-json\/wp\/v2\/posts"}],"about":[{"href":"https:\/\/iglesia-en-villar.es\/blog\/wp-json\/wp\/v2\/types\/post"}],"author":[{"embeddable":true,"href":"https:\/\/iglesia-en-villar.es\/blog\/wp-json\/wp\/v2\/users\/53745"}],"replies":[{"embeddable":true,"href":"https:\/\/iglesia-en-villar.es\/blog\/wp-json\/wp\/v2\/comments?post=7224"}],"version-history":[{"count":1,"href":"https:\/\/iglesia-en-villar.es\/blog\/wp-json\/wp\/v2\/posts\/7224\/revisions"}],"predecessor-version":[{"id":7225,"href":"https:\/\/iglesia-en-villar.es\/blog\/wp-json\/wp\/v2\/posts\/7224\/revisions\/7225"}],"wp:featuredmedia":[{"embeddable":true,"href":"https:\/\/iglesia-en-villar.es\/blog\/wp-json\/wp\/v2\/media\/7217"}],"wp:attachment":[{"href":"https:\/\/iglesia-en-villar.es\/blog\/wp-json\/wp\/v2\/media?parent=7224"}],"wp:term":[{"taxonomy":"category","embeddable":true,"href":"https:\/\/iglesia-en-villar.es\/blog\/wp-json\/wp\/v2\/categories?post=7224"},{"taxonomy":"post_tag","embeddable":true,"href":"https:\/\/iglesia-en-villar.es\/blog\/wp-json\/wp\/v2\/tags?post=7224"}],"curies":[{"name":"wp","href":"https:\/\/api.w.org\/{rel}","templated":true}]}}