{"id":7300,"date":"2020-02-14T16:59:32","date_gmt":"2020-02-14T15:59:32","guid":{"rendered":"https:\/\/iglesia-en-villar.es\/blog\/?p=7300"},"modified":"2020-02-14T17:00:27","modified_gmt":"2020-02-14T16:00:27","slug":"editorial-2","status":"publish","type":"post","link":"https:\/\/iglesia-en-villar.es\/blog\/2020\/02\/14\/editorial-2\/","title":{"rendered":"Editorial"},"content":{"rendered":"\n<p class=\"has-text-align-center\"><strong>CONGRESO DE LAICOS: PUEBLO DE DIOS EN SALIDA<\/strong><\/p>\n\n\n\n<p class=\"western\" lang=\"es-ES-u-co-trad\">C\u00f3mo ya deb\u00e9is saber el Congreso de Laicos \u201c<i>Pueblo de Dios en Salida<\/i>\u201d se celebrar\u00e1 del 14 al 16 de febrero en el pabell\u00f3n de Cristal de la Casa de Campo de Madrid. Participar\u00e1n m\u00e1s de 2.000 personas de parroquias, movimientos, asociaciones y congregaciones, entre la que se encuentra la representaci\u00f3n de nuestra di\u00f3cesis y as\u00ed mismo de nuestra parroquia como sab\u00e9is. Estar\u00e1n acompa\u00f1ados por 70 obispos. El objetivo del congreso es <b>dinamizar el laicado en Espa\u00f1a partiendo del protagonismo y la participaci\u00f3n de los propios laicos.<\/b><\/p>\n<p class=\"western\" lang=\"es-ES-u-co-trad\">El programa propone tres tipos de actividades, todas ellas relacionadas entre s\u00ed: ponencias, itinerarios y celebraciones. Las ponencias han sido elaboradas por equipos de trabajo sobre las aportaciones que enviaron las di\u00f3cesis con las conclusiones de la fase previa (un total de 2.485 grupos integrados por m\u00e1s de 37.000 personas) en respuesta a un documento-cuestionario propuesto desde la Comisi\u00f3n de Contenidos.<\/p>\n<p class=\"western\" lang=\"es-ES-u-co-trad\">Durante todo el s\u00e1bado 15 de febrero los 2.000 participantes del congreso se reunir\u00e1n en diferentes grupos tem\u00e1ticos. En primer lugar, tendr\u00e1n 4 charlas sobre los 4 itinerarios: primer anuncio, acompa\u00f1amiento, presencia en la vida p\u00fablica y procesos formativos. Ser\u00e1n en un mismo horario, donde participar\u00e1n 500 personas en cada una de ellas.<\/p>\n<p class=\"western\" lang=\"es-ES-u-co-trad\">La segunda fase ser\u00e1 la exposici\u00f3n de las experiencias y testimonios de las 40 l\u00edneas tem\u00e1ticas del congreso, donde participar\u00e1n 50 personas por cada l\u00ednea. Posteriormente habr\u00e1 80 grupos de reflexi\u00f3n, de 25 personas en cada uno. En estos grupos debatir\u00e1n en torno a tres preguntas para llegar a conclusiones pr\u00e1cticas despu\u00e9s del congreso.<\/p>\n<p class=\"western\" lang=\"es-ES-u-co-trad\">Asimismo, diferentes grupos de m\u00fasicos cat\u00f3licos contempor\u00e1neos amenizar\u00e1n cada uno de los descansos del Congreso de Laicos 2020, coordinados por Jes\u00fas Cabello, David Santaf\u00e9 y Unai Quir\u00f3s.<\/p>\n<p class=\"western\" lang=\"es-ES-u-co-trad\">La jornada del domingo, d\u00eda 16, comenzar\u00e1 con la presentaci\u00f3n del libro \u201cMagisterio de la Iglesia sobre el laicado, desde el Concilio Vaticano II\u201d. A las 10.00 horas tendr\u00e1 lugar la ponencia final. El obispo auxiliar de Barcelona, Mons. Antoni Vadell, y la periodista de TRECE, Ana Medina, ser\u00e1n los comunicadores de la misma. En esta intervenci\u00f3n plantear\u00e1n los retos del futuro teniendo en cuenta las aportaciones de los grupos de reflexi\u00f3n de las sesiones del s\u00e1bado.<\/p>\n<p class=\"western\" lang=\"es-ES-u-co-trad\">El cardenal Ricardo Bl\u00e1zquez, a las 12.00 horas, presidir\u00e1 la Eucarist\u00eda de clausura, que ser\u00e1 retransmitida por TRECE. Posteriormente, el presidente de la Comisi\u00f3n Episcopal de Apostolado Seglar, Mons. Javier Salinas, pronunciar\u00e1 \u00ablas palabras de env\u00edo\u00bb.<\/p>\n<p class=\"western\" lang=\"es-ES-u-co-trad\">Participar\u00e1n en el congreso un total de 1.867 personas \u2013 973 mujeres y 894 hombres\u2013, de las cuales 1.521 son laicos, 101 laicos consagrados, 83 religiosos, 150 sacerdotes y 12 di\u00e1conos. La edad media de los congresistas es de 52 a\u00f1os, con una significativa representaci\u00f3n de j\u00f3venes. A este n\u00famero, hay que a\u00f1adir a nivel organizativo, un total de 200 personas que intervendr\u00e1n, como parte del programa, con ponencias, charlas y la presentaci\u00f3n de experiencias.<\/p>\n<p class=\"western\" lang=\"es-ES-u-co-trad\">Los d\u00edas del congreso ser\u00e1n el colof\u00f3n a un trabajo previo que se ha realizado desde abril de 2018 en las parroquias, congregaciones, movimientos y asociaciones laicales desde las di\u00f3cesis. Y ser\u00e1 el punto de partida a un trabajo que tendr\u00e1 continuidad en los pr\u00f3ximos a\u00f1os, para dar respuesta a las propuestas que salgan del mismo. Por eso, este congreso, afirman los organizadores, \u201cno es un evento aislado, sino que forma parte de un proceso\u201d. Por lo tanto, apoyemos con nuestra oraci\u00f3n este gran congreso en el que la presencia del esp\u00edritu Santo se hace m\u00e1s que necesaria para iluminar el camino y el rumbo de nuestra iglesia y del futuro tan necesario de la presencia de los laicos en la vida de la iglesia.<\/p>\n<p lang=\"es-ES-u-co-trad\">Ra\u00fal Garc\u00eda<\/p>\n<p lang=\"es-ES-u-co-trad\">&nbsp;<\/p>\n","protected":false},"excerpt":{"rendered":"<p>CONGRESO DE LAICOS: PUEBLO DE DIOS EN SALIDA C\u00f3mo ya deb\u00e9is saber el Congreso de Laicos \u201cPueblo de Dios en Salida\u201d se celebrar\u00e1 del 14 al 16 de febrero en el pabell\u00f3n de Cristal de la Casa de Campo de Madrid. Participar\u00e1n m\u00e1s de 2.000 personas de parroquias, movimientos, asociaciones y congregaciones, entre la que se encuentra la representaci\u00f3n de&#8230;<\/p>\n<p> <a class=\"continue-reading-link\" href=\"https:\/\/iglesia-en-villar.es\/blog\/2020\/02\/14\/editorial-2\/\"><span>Leer m\u00e1s<\/span><i class=\"crycon-right-dir\"><\/i><\/a> <\/p>\n","protected":false},"author":53745,"featured_media":7291,"comment_status":"open","ping_status":"open","sticky":false,"template":"","format":"standard","meta":{"inline_featured_image":false,"footnotes":""},"categories":[13],"tags":[],"class_list":["post-7300","post","type-post","status-publish","format-standard","has-post-thumbnail","hentry","category-editorial"],"better_featured_image":{"id":7291,"alt_text":"","caption":"","description":"","media_type":"image","media_details":{"width":283,"height":178,"file":"2020\/02\/Unknown.jpeg","sizes":{"thumbnail":{"file":"Unknown-150x150.jpeg","width":150,"height":150,"mime-type":"image\/jpeg","source_url":"https:\/\/iglesia-en-villar.es\/blog\/wp-content\/uploads\/2020\/02\/Unknown-150x150.jpeg"},"post-thumbnail":{"file":"Unknown-150x94.jpeg","width":150,"height":94,"mime-type":"image\/jpeg","source_url":"https:\/\/iglesia-en-villar.es\/blog\/wp-content\/uploads\/2020\/02\/Unknown-150x94.jpeg"},"custom":{"file":"Unknown-250x157.jpeg","width":250,"height":157,"mime-type":"image\/jpeg","source_url":"https:\/\/iglesia-en-villar.es\/blog\/wp-content\/uploads\/2020\/02\/Unknown-250x157.jpeg"}},"image_meta":{"aperture":"0","credit":"","camera":"","caption":"","created_timestamp":"0","copyright":"","focal_length":"0","iso":"0","shutter_speed":"0","title":"","orientation":"0","keywords":[]}},"post":null,"source_url":"https:\/\/iglesia-en-villar.es\/blog\/wp-content\/uploads\/2020\/02\/Unknown.jpeg"},"read":true,"_links":{"self":[{"href":"https:\/\/iglesia-en-villar.es\/blog\/wp-json\/wp\/v2\/posts\/7300","targetHints":{"allow":["GET"]}}],"collection":[{"href":"https:\/\/iglesia-en-villar.es\/blog\/wp-json\/wp\/v2\/posts"}],"about":[{"href":"https:\/\/iglesia-en-villar.es\/blog\/wp-json\/wp\/v2\/types\/post"}],"author":[{"embeddable":true,"href":"https:\/\/iglesia-en-villar.es\/blog\/wp-json\/wp\/v2\/users\/53745"}],"replies":[{"embeddable":true,"href":"https:\/\/iglesia-en-villar.es\/blog\/wp-json\/wp\/v2\/comments?post=7300"}],"version-history":[{"count":2,"href":"https:\/\/iglesia-en-villar.es\/blog\/wp-json\/wp\/v2\/posts\/7300\/revisions"}],"predecessor-version":[{"id":7302,"href":"https:\/\/iglesia-en-villar.es\/blog\/wp-json\/wp\/v2\/posts\/7300\/revisions\/7302"}],"wp:featuredmedia":[{"embeddable":true,"href":"https:\/\/iglesia-en-villar.es\/blog\/wp-json\/wp\/v2\/media\/7291"}],"wp:attachment":[{"href":"https:\/\/iglesia-en-villar.es\/blog\/wp-json\/wp\/v2\/media?parent=7300"}],"wp:term":[{"taxonomy":"category","embeddable":true,"href":"https:\/\/iglesia-en-villar.es\/blog\/wp-json\/wp\/v2\/categories?post=7300"},{"taxonomy":"post_tag","embeddable":true,"href":"https:\/\/iglesia-en-villar.es\/blog\/wp-json\/wp\/v2\/tags?post=7300"}],"curies":[{"name":"wp","href":"https:\/\/api.w.org\/{rel}","templated":true}]}}